{"id":14300,"date":"2026-04-03T15:24:35","date_gmt":"2026-04-03T13:24:35","guid":{"rendered":"http:\/\/portalm\u0142awa.pl\/?p=14300"},"modified":"2026-04-03T15:24:35","modified_gmt":"2026-04-03T13:24:35","slug":"zegary-zatrzymane-o-841-szesnascie-lat-po-smolensku-pamiec-wciaz-trwa","status":"publish","type":"post","link":"http:\/\/portalm\u0142awa.pl\/?p=14300","title":{"rendered":"Zegary Zatrzymane o 8:41. Szesna\u015bcie Lat Po Smole\u0144sku, Pami\u0119\u0107 Wci\u0105\u017c Trwa"},"content":{"rendered":"<p dir=\"ltr\" style=\"text-align: justify;\">\u200b<b>S\u0105 w historii narodu momenty, w kt\u00f3rych czas na u\u0142amek sekundy zamiera. Znikaj\u0105 podzia\u0142y, milkn\u0105 spory, a w powietrzu zawisa ci\u0119\u017cka, niewypowiedziana cisza. Dla wsp\u00f3\u0142czesnej Polski takim momentem by\u0142 poranek 10 kwietnia 2010 roku. W najbli\u017cszy pi\u0105tek, w 16. rocznic\u0119 tamtych wydarze\u0144, po raz kolejny staniemy, by odda\u0107 ho\u0142d tym, kt\u00f3rzy zgin\u0119li w drodze do prawdy.<\/b><\/p>\n<p dir=\"ltr\" style=\"text-align: justify;\">\u200bMin\u0119\u0142o ju\u017c szesna\u015bcie lat, a jednak tamten sobotni poranek wci\u0105\u017c \u017cyje w zbiorowej pami\u0119ci Polak\u00f3w. Telewizyjne paski z pilnymi wiadomo\u015bciami, niedowierzanie, a potem przyt\u0142aczaj\u0105cy smutek \u2013 to obrazy, kt\u00f3re na zawsze wyry\u0142y si\u0119 w \u015bwiadomo\u015bci ca\u0142ego pokolenia.<\/p>\n<h3 dir=\"ltr\" style=\"text-align: justify;\">\u200bPrzerwana Droga do Katynia<\/h3>\n<p dir=\"ltr\" style=\"text-align: justify;\">\u200bW mglisty poranek pod Smole\u0144skiem rozbi\u0142 si\u0119 rz\u0105dowy samolot Tu-154M. Na pok\u0142adzie znajdowa\u0142o si\u0119 <b>96 os\u00f3b<\/b> \u2013 kwiat polskiej pa\u0144stwowo\u015bci. W\u015br\u00f3d nich Prezydent Rzeczypospolitej Polskiej Lech Kaczy\u0144ski wraz z Ma\u0142\u017conk\u0105 Mari\u0105, ostatni Prezydent RP na uchod\u017astwie Ryszard Kaczorowski, dow\u00f3dcy si\u0142 zbrojnych, parlamentarzy\u015bci, duchowni oraz przedstawiciele Rodzin Katy\u0144skich.<\/p>\n<p dir=\"ltr\" style=\"text-align: justify;\">\u200bWyruszyli, by pochyli\u0107 g\u0142owy nad mogi\u0142ami polskich oficer\u00f3w zamordowanych 70 lat wcze\u015bniej przez sowieckie NKWD. Mieli przypomnie\u0107 \u015bwiatu o zbrodni katy\u0144skiej i upomnie\u0107 si\u0119 o historyczn\u0105 prawd\u0119. Tragiczny paradoks losu sprawi\u0142, \u017ce ich misja zosta\u0142a brutalnie przerwana, a oni sami wpisali si\u0119 w kolejny, bolesny rozdzia\u0142 polskiej martyrologii na Wschodzie.<\/p>\n<h3 dir=\"ltr\" style=\"text-align: justify;\">\u200bPami\u0119\u0107 Zapisana w D\u0119bach<\/h3>\n<p dir=\"ltr\" style=\"text-align: justify;\">\u200bDzi\u015b, szesna\u015bcie lat po tych wydarzeniach, naszym najwa\u017cniejszym obowi\u0105zkiem jest pami\u0119\u0107. Nie ta mierzona wielkimi, pa\u0144stwowymi uroczysto\u015bciami przed obiektywami kamer, ale ta lokalna, cicha i osobista \u2013 w naszych miastach, na naszych ulicach i placach.<\/p>\n<p dir=\"ltr\" style=\"text-align: justify;\">\u200bTo w\u0142a\u015bnie dlatego, jak co roku, mieszka\u0144cy zgromadz\u0105 si\u0119, by wsp\u00f3lnie spojrze\u0107 w przesz\u0142o\u015b\u0107 i uczci\u0107 pami\u0119\u0107 ofiar.<\/p>\n<blockquote>\n<p dir=\"ltr\">\u200b<b>Zaproszenie na Uroczysto\u015bci Upami\u0119tniaj\u0105ce<\/b><\/p>\n<p dir=\"ltr\">\u200bZapraszamy wszystkich mieszka\u0144c\u00f3w do wsp\u00f3lnego upami\u0119tnienia ofiar tej narodowej tragedii.<\/p>\n<ul>\n<li dir=\"ltr\">\u200b<b>Gdzie:<\/b> Przy D\u0119bie Pami\u0119ci na Starym Rynku (po\u0142udniowa pierzeja)<\/li>\n<li dir=\"ltr\">\u200b<b>Kiedy:<\/b> 10 kwietnia 2026 r. (pi\u0105tek)<\/li>\n<li dir=\"ltr\">\u200b<b>Godzina:<\/b> 8:41 \u2013 w dok\u0142adn\u0105 rocznic\u0119 i godzin\u0119 katastrofy<\/li>\n<\/ul>\n<p dir=\"ltr\">\u200b<i>Podczas spotkania b\u0119dzie mo\u017cna z\u0142o\u017cy\u0107 kwiaty oraz zapali\u0107 znicze. Niech nasza wsp\u00f3lna obecno\u015b\u0107 b\u0119dzie wyrazem g\u0142\u0119bokiego szacunku i dowodem na to, \u017ce pami\u0119\u0107 o poleg\u0142ych nie blaknie wraz z up\u0142ywem czasu.<\/i><\/p>\n<\/blockquote>\n<h3 dir=\"ltr\" style=\"text-align: justify;\">\u200bSymbol, Kt\u00f3ry \u0141\u0105czy<\/h3>\n<p dir=\"ltr\" style=\"text-align: justify;\">\u200bGodzina 8:41 to nie tylko czas zapisany w czarnych skrzynkach samolotu. To symboliczny moment refleksji nad krucho\u015bci\u0105 ludzkiego \u017cycia i wag\u0105 s\u0142u\u017cby pa\u0144stwowej. D\u0105b Pami\u0119ci na Starym Rynku \u2013 silne, mocno zakorzenione w ziemi drzewo \u2013 przypomina nam, \u017ce cho\u0107 ludzie odchodz\u0105, ich dziedzictwo i pami\u0119\u0107 o nich musz\u0105 trwa\u0107, staj\u0105c si\u0119 fundamentem dla przysz\u0142ych pokole\u0144.<\/p>\n<p dir=\"ltr\" style=\"text-align: justify;\">\u200bB\u0105d\u017amy tam razem. Dla Nich i dla naszej wsp\u00f3lnej historii.<\/p>\n<p>T.B<\/p>\n<p style=\"box-sizing: border-box; margin-top: 0px; margin-bottom: 15px; color: #555555; font-family: Roboto, sans-serif; font-size: 15px; text-align: justify;\">KOMENTARZE<\/p>\n<p style=\"box-sizing: border-box; margin-top: 0px; margin-bottom: 15px; color: #555555; font-family: Roboto, sans-serif; font-size: 15px; text-align: justify;\">Wydawca portalu nie ponosi odpowiedzialno\u015bci za tre\u015b\u0107 komentarzy zamieszczanych przez u\u017cytkownik\u00f3w. Osoby zamieszczaj\u0105ce wypowiedzi naruszaj\u0105ce prawo lub prawem chronione dobra os\u00f3b trzecich mog\u0105 ponie\u015b\u0107 z tego tytu\u0142u odpowiedzialno\u015b\u0107 karn\u0105 lub cywiln\u0105.JEDNOCZE\u015aNIE UZYTKOWNICY ZAMIESZCZAJ\u0104C KOMENTARZ OSWIADCZAJ\u0104, \u017bE BIOR\u0104 PE\u0141N\u0104 ODPOWIEDZIALNO\u015a\u0106 ZA TRE\u015aCI UMIESZCZONE PRZEZ SIEBIE<\/p>\n<div style=\"padding-bottom:20px; padding-top:10px;\" class=\"hupso-share-buttons\"><!-- Hupso Share Buttons - https:\/\/www.hupso.com\/share\/ --><a class=\"hupso_pop\" href=\"https:\/\/www.hupso.com\/share\/\"><img decoding=\"async\" data-src=\"http:\/\/static.hupso.com\/share\/buttons\/button100x23.png\" style=\"border:0px; width:100; height: 23; \" alt=\"Share Button\" src=\"data:image\/svg+xml;base64,PHN2ZyB3aWR0aD0iMSIgaGVpZ2h0PSIxIiB4bWxucz0iaHR0cDovL3d3dy53My5vcmcvMjAwMC9zdmciPjwvc3ZnPg==\" class=\"lazyload\" \/><\/a><script type=\"text\/javascript\">var hupso_services=new Array(\"Twitter\",\"Facebook\",\"Pinterest\",\"Linkedin\",\"Tumblr\",\"StumbleUpon\",\"Digg\",\"Reddit\",\"Bebo\",\"Delicious\",\"QZone\",\"Renren\",\"Email\");var hupso_icon_type = \"labels\";var hupso_background=\"#3BF8FF\";var hupso_border=\"#FF2B0A\";var hupso_image_folder_url = \"\";var hupso_url=\"\";var hupso_title=\"Zegary%20Zatrzymane%20o%208%3A41.%20Szesna%C5%9Bcie%20Lat%20Po%20Smole%C5%84sku%2C%20Pami%C4%99%C4%87%20Wci%C4%85%C5%BC%20Trwa\";<\/script><script type=\"text\/javascript\" src=\"http:\/\/static.hupso.com\/share\/js\/share.js\"><\/script><!-- Hupso Share Buttons --><\/div>","protected":false},"excerpt":{"rendered":"<p>\u200bS\u0105 w historii narodu momenty, w kt\u00f3rych czas na u\u0142amek sekundy zamiera. Znikaj\u0105 podzia\u0142y, milkn\u0105 spory, a w powietrzu zawisa ci\u0119\u017cka, niewypowiedziana cisza. Dla wsp\u00f3\u0142czesnej Polski takim momentem by\u0142 poranek&hellip; <\/p>\n<div style=\"padding-bottom:20px; padding-top:10px;\" class=\"hupso-share-buttons\"><!-- Hupso Share Buttons - https:\/\/www.hupso.com\/share\/ --><a class=\"hupso_pop\" href=\"https:\/\/www.hupso.com\/share\/\"><img data-src=\"http:\/\/static.hupso.com\/share\/buttons\/button100x23.png\" style=\"border:0px; width:100; height: 23; \" alt=\"Share Button\" src=\"data:image\/svg+xml;base64,PHN2ZyB3aWR0aD0iMSIgaGVpZ2h0PSIxIiB4bWxucz0iaHR0cDovL3d3dy53My5vcmcvMjAwMC9zdmciPjwvc3ZnPg==\" class=\"lazyload\" \/><\/a><script type=\"text\/javascript\">var hupso_services=new Array(\"Twitter\",\"Facebook\",\"Pinterest\",\"Linkedin\",\"Tumblr\",\"StumbleUpon\",\"Digg\",\"Reddit\",\"Bebo\",\"Delicious\",\"QZone\",\"Renren\",\"Email\");var hupso_icon_type = \"labels\";var hupso_background=\"#3BF8FF\";var hupso_border=\"#FF2B0A\";var hupso_image_folder_url = \"\";var hupso_url=\"\";var hupso_title=\"Zegary%20Zatrzymane%20o%208%3A41.%20Szesna%C5%9Bcie%20Lat%20Po%20Smole%C5%84sku%2C%20Pami%C4%99%C4%87%20Wci%C4%85%C5%BC%20Trwa\";<\/script><script type=\"text\/javascript\" src=\"http:\/\/static.hupso.com\/share\/js\/share.js\"><\/script><!-- Hupso Share Buttons --><\/div>","protected":false},"author":1,"featured_media":14302,"comment_status":"open","ping_status":"open","sticky":false,"template":"","format":"standard","meta":{"_acf_changed":false,"wprm-recipe-roundup-name":"","wprm-recipe-roundup-description":"","footnotes":""},"categories":[19,3,28,696,6],"tags":[],"class_list":["post-14300","post","type-post","status-publish","format-standard","has-post-thumbnail","hentry","category-aktualnosci","category-kultura","category-wyd","category-zaproszenia","category-zapro-szenia"],"acf":[],"amp_enabled":true,"_links":{"self":[{"href":"http:\/\/portalm\u0142awa.pl\/index.php?rest_route=\/wp\/v2\/posts\/14300","targetHints":{"allow":["GET"]}}],"collection":[{"href":"http:\/\/portalm\u0142awa.pl\/index.php?rest_route=\/wp\/v2\/posts"}],"about":[{"href":"http:\/\/portalm\u0142awa.pl\/index.php?rest_route=\/wp\/v2\/types\/post"}],"author":[{"embeddable":true,"href":"http:\/\/portalm\u0142awa.pl\/index.php?rest_route=\/wp\/v2\/users\/1"}],"replies":[{"embeddable":true,"href":"http:\/\/portalm\u0142awa.pl\/index.php?rest_route=%2Fwp%2Fv2%2Fcomments&post=14300"}],"version-history":[{"count":1,"href":"http:\/\/portalm\u0142awa.pl\/index.php?rest_route=\/wp\/v2\/posts\/14300\/revisions"}],"predecessor-version":[{"id":14303,"href":"http:\/\/portalm\u0142awa.pl\/index.php?rest_route=\/wp\/v2\/posts\/14300\/revisions\/14303"}],"wp:featuredmedia":[{"embeddable":true,"href":"http:\/\/portalm\u0142awa.pl\/index.php?rest_route=\/wp\/v2\/media\/14302"}],"wp:attachment":[{"href":"http:\/\/portalm\u0142awa.pl\/index.php?rest_route=%2Fwp%2Fv2%2Fmedia&parent=14300"}],"wp:term":[{"taxonomy":"category","embeddable":true,"href":"http:\/\/portalm\u0142awa.pl\/index.php?rest_route=%2Fwp%2Fv2%2Fcategories&post=14300"},{"taxonomy":"post_tag","embeddable":true,"href":"http:\/\/portalm\u0142awa.pl\/index.php?rest_route=%2Fwp%2Fv2%2Ftags&post=14300"}],"curies":[{"name":"wp","href":"https:\/\/api.w.org\/{rel}","templated":true}]}}