{"id":14304,"date":"2026-04-03T15:40:15","date_gmt":"2026-04-03T13:40:15","guid":{"rendered":"http:\/\/portalm\u0142awa.pl\/?p=14304"},"modified":"2026-04-03T15:40:15","modified_gmt":"2026-04-03T13:40:15","slug":"muzyka-pasja-i-odpowiedzialnosc-wieczfnia-koscielna-szuka-lidera-dla-mlodego-pokolenia","status":"publish","type":"post","link":"http:\/\/portalm\u0142awa.pl\/?p=14304","title":{"rendered":"Muzyka, pasja i odpowiedzialno\u015b\u0107. Wieczfnia Ko\u015bcielna szuka lidera dla m\u0142odego pokolenia"},"content":{"rendered":"<p style=\"text-align: justify;\">W sercu niewielkiej, ale ambitnej Wieczfnia Ko\u015bcielna rozbrzmiewa dzi\u015b nie tylko codzienny rytm \u017cycia, lecz tak\u017ce wyra\u017ane wezwanie do dzia\u0142ania. Gminna Biblioteka Publiczna w Wieczfni Ko\u015bcielnej og\u0142osi\u0142a nab\u00f3r na stanowisko, kt\u00f3re mo\u017ce zdefiniowa\u0107 muzyczn\u0105 przysz\u0142o\u015b\u0107 lokalnej m\u0142odzie\u017cy. Poszukiwany jest kapelmistrz M\u0142odzie\u017cowej Orkiestry D\u0119tej \u2013 nie tylko dyrygent, ale lider, mentor i inspiracja.<\/p>\n<p style=\"text-align: justify;\">To nie jest zwyk\u0142a oferta pracy. To propozycja dla tych, kt\u00f3rzy chc\u0105 zostawi\u0107 po sobie \u015blad \u2013 w d\u017awi\u0119kach, emocjach i ludziach.<\/p>\n<p style=\"text-align: justify;\"><strong>Kto mo\u017ce stan\u0105\u0107 za pulpitem?<\/strong><\/p>\n<p style=\"text-align: justify;\">Kandydat musi posiada\u0107 minimum podstawowe wykszta\u0142cenie muzyczne, ale papier to dopiero pocz\u0105tek. Organizatorzy oczekuj\u0105 wizji \u2013 konkretnego planu rozwoju orkiestry, pomys\u0142u na jej przysz\u0142o\u015b\u0107 i zdolno\u015bci przekucia go w rzeczywisto\u015b\u0107. Liczy si\u0119 tak\u017ce pe\u0142nia praw publicznych, nieskazitelna opinia oraz brak konflikt\u00f3w z prawem.<\/p>\n<p style=\"text-align: justify;\">Jednak prawdziw\u0105 przewag\u0119 mog\u0105 da\u0107 do\u015bwiadczenie i serce do muzyki. Praca z orkiestr\u0105 d\u0119t\u0105, osi\u0105gni\u0119cia artystyczne czy umiej\u0119tno\u015b\u0107 pracy z m\u0142odzie\u017c\u0105 to atuty, kt\u00f3re mog\u0105 zdecydowa\u0107 o wyborze. Szczeg\u00f3lnie cenne b\u0119d\u0105 kompetencje wychowawcze \u2013 bo tutaj nie chodzi tylko o nuty, lecz o ludzi.<\/p>\n<p style=\"text-align: justify;\"><strong>Wi\u0119cej ni\u017c dyrygowanie<\/strong><\/p>\n<p style=\"text-align: justify;\">Zakres obowi\u0105zk\u00f3w jasno pokazuje, \u017ce to rola wielowymiarowa. Przysz\u0142y kapelmistrz b\u0119dzie nie tylko prowadzi\u0142 pr\u00f3by i przygotowywa\u0142 orkiestr\u0119 do koncert\u00f3w. To tak\u017ce odpowiedzialno\u015b\u0107 za rozw\u00f3j m\u0142odych muzyk\u00f3w, dob\u00f3r repertuaru, budowanie zespo\u0142u i reprezentowanie go podczas wydarze\u0144.<\/p>\n<p style=\"text-align: justify;\">To praca u podstaw \u2013 od pierwszych d\u017awi\u0119k\u00f3w nowych cz\u0142onk\u00f3w po sceniczne wyst\u0119py, kt\u00f3re potrafi\u0105 porwa\u0107 publiczno\u015b\u0107. To tak\u017ce ci\u0105g\u0142e poszukiwanie talent\u00f3w i budowanie spo\u0142eczno\u015bci wok\u00f3\u0142 muzyki.<\/p>\n<p style=\"text-align: justify;\"><strong>Scena, kt\u00f3ra daje mo\u017cliwo\u015bci<\/strong><\/p>\n<p style=\"text-align: justify;\">Cho\u0107 m\u00f3wimy o niewielkiej miejscowo\u015bci, oferta nie ogranicza si\u0119 do lokalnych wyst\u0119p\u00f3w. Organizatorzy zapewniaj\u0105 mo\u017cliwo\u015b\u0107 udzia\u0142u w koncertach, festiwalach i warsztatach muzycznych. To szansa, by wynie\u015b\u0107 m\u0142odzie\u017cow\u0105 orkiestr\u0119 z Wieczfni Ko\u015bcielnej na wy\u017cszy poziom \u2013 zar\u00f3wno artystyczny, jak i rozpoznawalno\u015bci.<\/p>\n<p style=\"text-align: justify;\">Miejscem pracy b\u0119dzie lokalna \u015bwietlica wiejska \u2013 przestrze\u0144, kt\u00f3ra mo\u017ce sta\u0107 si\u0119 ku\u017ani\u0105 talent\u00f3w. Forma zatrudnienia oparta jest na umowie zlecenie lub \u015bwiadczeniu us\u0142ug, ale daje co\u015b wi\u0119cej ni\u017c stabilno\u015b\u0107 \u2013 daje swobod\u0119 tw\u00f3rcz\u0105.<\/p>\n<p style=\"text-align: justify;\"><strong>Czas decyzji<\/strong><\/p>\n<p style=\"text-align: justify;\">Kandydaci musz\u0105 dzia\u0142a\u0107 szybko. Dokumenty \u2013 w tym CV, list motywacyjny oraz potwierdzenie kwalifikacji \u2013 nale\u017cy z\u0142o\u017cy\u0107 do 20 kwietnia 2026 roku, do godziny 15:00. Liczy si\u0119 moment wp\u0142ywu do biblioteki, nie data wys\u0142ania.<\/p>\n<p style=\"text-align: justify;\">To oznacza jedno: decyzja musi zapa\u015b\u0107 teraz.<\/p>\n<p style=\"text-align: justify;\"><strong>Szansa dla tych, kt\u00f3rzy chc\u0105 wi\u0119cej<\/strong><\/p>\n<p style=\"text-align: justify;\">Ten nab\u00f3r to co\u015b wi\u0119cej ni\u017c og\u0142oszenie kadrowe. To zaproszenie do stworzenia historii \u2013 orkiestry, kt\u00f3ra mo\u017ce sta\u0107 si\u0119 dum\u0105 regionu. To propozycja dla tych, kt\u00f3rzy wierz\u0105, \u017ce muzyka potrafi zmienia\u0107 ludzi i budowa\u0107 wsp\u00f3lnot\u0119.<\/p>\n<p style=\"text-align: justify;\">Bo w Wieczfni Ko\u015bcielnej nie szukaj\u0105 tylko kapelmistrza.<\/p>\n<p style=\"text-align: justify;\">Szukaj\u0105 kogo\u015b, kto nada rytm przysz\u0142o\u015bci.<\/p>\n<p style=\"text-align: justify;\">T.B<\/p>\n<p style=\"box-sizing: border-box; margin-top: 0px; margin-bottom: 15px; color: #555555; font-family: Roboto, sans-serif; font-size: 15px; text-align: justify;\">KOMENTARZE<\/p>\n<p style=\"box-sizing: border-box; margin-top: 0px; margin-bottom: 15px; color: #555555; font-family: Roboto, sans-serif; font-size: 15px; text-align: justify;\">Wydawca portalu nie ponosi odpowiedzialno\u015bci za tre\u015b\u0107 komentarzy zamieszczanych przez u\u017cytkownik\u00f3w. Osoby zamieszczaj\u0105ce wypowiedzi naruszaj\u0105ce prawo lub prawem chronione dobra os\u00f3b trzecich mog\u0105 ponie\u015b\u0107 z tego tytu\u0142u odpowiedzialno\u015b\u0107 karn\u0105 lub cywiln\u0105.JEDNOCZE\u015aNIE UZYTKOWNICY ZAMIESZCZAJ\u0104C KOMENTARZ OSWIADCZAJ\u0104, \u017bE BIOR\u0104 PE\u0141N\u0104 ODPOWIEDZIALNO\u015a\u0106 ZA TRE\u015aCI UMIESZCZONE PRZEZ SIEBIE<\/p>\n<div style=\"padding-bottom:20px; padding-top:10px;\" class=\"hupso-share-buttons\"><!-- Hupso Share Buttons - https:\/\/www.hupso.com\/share\/ --><a class=\"hupso_pop\" href=\"https:\/\/www.hupso.com\/share\/\"><img decoding=\"async\" data-src=\"http:\/\/static.hupso.com\/share\/buttons\/button100x23.png\" style=\"border:0px; width:100; height: 23; \" alt=\"Share Button\" src=\"data:image\/svg+xml;base64,PHN2ZyB3aWR0aD0iMSIgaGVpZ2h0PSIxIiB4bWxucz0iaHR0cDovL3d3dy53My5vcmcvMjAwMC9zdmciPjwvc3ZnPg==\" class=\"lazyload\" \/><\/a><script type=\"text\/javascript\">var hupso_services=new Array(\"Twitter\",\"Facebook\",\"Pinterest\",\"Linkedin\",\"Tumblr\",\"StumbleUpon\",\"Digg\",\"Reddit\",\"Bebo\",\"Delicious\",\"QZone\",\"Renren\",\"Email\");var hupso_icon_type = \"labels\";var hupso_background=\"#3BF8FF\";var hupso_border=\"#FF2B0A\";var hupso_image_folder_url = \"\";var hupso_url=\"\";var hupso_title=\"Muzyka%2C%20pasja%20i%20odpowiedzialno%C5%9B%C4%87.%20Wieczfnia%20Ko%C5%9Bcielna%20szuka%20lidera%20dla%20m%C5%82odego%20pokolenia\";<\/script><script type=\"text\/javascript\" src=\"http:\/\/static.hupso.com\/share\/js\/share.js\"><\/script><!-- Hupso Share Buttons --><\/div>","protected":false},"excerpt":{"rendered":"<p>W sercu niewielkiej, ale ambitnej Wieczfnia Ko\u015bcielna rozbrzmiewa dzi\u015b nie tylko codzienny rytm \u017cycia, lecz tak\u017ce wyra\u017ane wezwanie do dzia\u0142ania. Gminna Biblioteka Publiczna w Wieczfni Ko\u015bcielnej og\u0142osi\u0142a nab\u00f3r na stanowisko,&hellip; <\/p>\n<div style=\"padding-bottom:20px; padding-top:10px;\" class=\"hupso-share-buttons\"><!-- Hupso Share Buttons - https:\/\/www.hupso.com\/share\/ --><a class=\"hupso_pop\" href=\"https:\/\/www.hupso.com\/share\/\"><img data-src=\"http:\/\/static.hupso.com\/share\/buttons\/button100x23.png\" style=\"border:0px; width:100; height: 23; \" alt=\"Share Button\" src=\"data:image\/svg+xml;base64,PHN2ZyB3aWR0aD0iMSIgaGVpZ2h0PSIxIiB4bWxucz0iaHR0cDovL3d3dy53My5vcmcvMjAwMC9zdmciPjwvc3ZnPg==\" class=\"lazyload\" \/><\/a><script type=\"text\/javascript\">var hupso_services=new Array(\"Twitter\",\"Facebook\",\"Pinterest\",\"Linkedin\",\"Tumblr\",\"StumbleUpon\",\"Digg\",\"Reddit\",\"Bebo\",\"Delicious\",\"QZone\",\"Renren\",\"Email\");var hupso_icon_type = \"labels\";var hupso_background=\"#3BF8FF\";var hupso_border=\"#FF2B0A\";var hupso_image_folder_url = \"\";var hupso_url=\"\";var hupso_title=\"Muzyka%2C%20pasja%20i%20odpowiedzialno%C5%9B%C4%87.%20Wieczfnia%20Ko%C5%9Bcielna%20szuka%20lidera%20dla%20m%C5%82odego%20pokolenia\";<\/script><script type=\"text\/javascript\" src=\"http:\/\/static.hupso.com\/share\/js\/share.js\"><\/script><!-- Hupso Share Buttons --><\/div>","protected":false},"author":1,"featured_media":14305,"comment_status":"open","ping_status":"open","sticky":false,"template":"","format":"standard","meta":{"_acf_changed":false,"wprm-recipe-roundup-name":"","wprm-recipe-roundup-description":"","footnotes":""},"categories":[19,3,28],"tags":[],"class_list":["post-14304","post","type-post","status-publish","format-standard","has-post-thumbnail","hentry","category-aktualnosci","category-kultura","category-wyd"],"acf":[],"amp_enabled":true,"_links":{"self":[{"href":"http:\/\/portalm\u0142awa.pl\/index.php?rest_route=\/wp\/v2\/posts\/14304","targetHints":{"allow":["GET"]}}],"collection":[{"href":"http:\/\/portalm\u0142awa.pl\/index.php?rest_route=\/wp\/v2\/posts"}],"about":[{"href":"http:\/\/portalm\u0142awa.pl\/index.php?rest_route=\/wp\/v2\/types\/post"}],"author":[{"embeddable":true,"href":"http:\/\/portalm\u0142awa.pl\/index.php?rest_route=\/wp\/v2\/users\/1"}],"replies":[{"embeddable":true,"href":"http:\/\/portalm\u0142awa.pl\/index.php?rest_route=%2Fwp%2Fv2%2Fcomments&post=14304"}],"version-history":[{"count":1,"href":"http:\/\/portalm\u0142awa.pl\/index.php?rest_route=\/wp\/v2\/posts\/14304\/revisions"}],"predecessor-version":[{"id":14306,"href":"http:\/\/portalm\u0142awa.pl\/index.php?rest_route=\/wp\/v2\/posts\/14304\/revisions\/14306"}],"wp:featuredmedia":[{"embeddable":true,"href":"http:\/\/portalm\u0142awa.pl\/index.php?rest_route=\/wp\/v2\/media\/14305"}],"wp:attachment":[{"href":"http:\/\/portalm\u0142awa.pl\/index.php?rest_route=%2Fwp%2Fv2%2Fmedia&parent=14304"}],"wp:term":[{"taxonomy":"category","embeddable":true,"href":"http:\/\/portalm\u0142awa.pl\/index.php?rest_route=%2Fwp%2Fv2%2Fcategories&post=14304"},{"taxonomy":"post_tag","embeddable":true,"href":"http:\/\/portalm\u0142awa.pl\/index.php?rest_route=%2Fwp%2Fv2%2Ftags&post=14304"}],"curies":[{"name":"wp","href":"https:\/\/api.w.org\/{rel}","templated":true}]}}