{"id":14387,"date":"2026-04-10T09:16:59","date_gmt":"2026-04-10T07:16:59","guid":{"rendered":"http:\/\/portalm\u0142awa.pl\/?p=14387"},"modified":"2026-04-10T09:16:59","modified_gmt":"2026-04-10T07:16:59","slug":"nowy-start-bez-barier-praca-ktora-odbudowuje-zycie-ktora-zmienia-zycie-i-sposob-myslenia-o-niepelnosprawnosci","status":"publish","type":"post","link":"http:\/\/portalm\u0142awa.pl\/?p=14387","title":{"rendered":"Nowy start bez barier. Praca, kt\u00f3ra odbudowuje \u017cycie, kt\u00f3ra zmienia \u017cycie \u2013 i spos\u00f3b my\u015blenia o niepe\u0142nosprawno\u015bci"},"content":{"rendered":"<p style=\"text-align: justify;\"><strong>Nie zaczyna si\u0119 od wielkich s\u0142\u00f3w. Zaczyna si\u0119 od decyzji.<\/strong><\/p>\n<p style=\"text-align: justify;\">Decyzji, by wyj\u015b\u0107 z cienia, prze\u0142ama\u0107 schemat i powiedzie\u0107 sobie: mog\u0119 wi\u0119cej. Bo niepe\u0142nosprawno\u015b\u0107 \u2013 jak przypomina kampania Pa\u0144stwowy Fundusz Rehabilitacji Os\u00f3b Niepe\u0142nosprawnych \u2013 nie definiuje cz\u0142owieka. Jest cz\u0119\u015bci\u0105 \u017cycia. Nie jego granic\u0105.<\/p>\n<p style=\"text-align: justify;\">To w\u0142a\u015bnie ten przekaz wybrzmiewa z mocnego, prostego w formie plakatu. Kolorowe litery uk\u0142adaj\u0105 si\u0119 w jedno s\u0142owo: AKTYWNY. Ka\u017cda z nich niesie konkretn\u0105 obietnic\u0119:<\/p>\n<p style=\"text-align: justify;\">&#8211; doch\u00f3d, kt\u00f3ry daje stabilno\u015b\u0107,<\/p>\n<p style=\"text-align: justify;\">&#8211; \u015brodki na rehabilitacj\u0119,<\/p>\n<p style=\"text-align: justify;\">&#8211; poczucie w\u0142asnej warto\u015bci,<\/p>\n<p style=\"text-align: justify;\">&#8211; relacje, kt\u00f3re wyci\u0105gaj\u0105 z izolacji,<\/p>\n<p style=\"text-align: justify;\">&#8211; satysfakcj\u0119 z pracy,<\/p>\n<p style=\"text-align: justify;\">&#8211; niezale\u017cno\u015b\u0107,<\/p>\n<p style=\"text-align: justify;\">&#8211; mo\u017cliwo\u015b\u0107 realizowania pasji.<\/p>\n<p style=\"text-align: justify;\">To nie slogan. To plan dzia\u0142ania.<\/p>\n<p style=\"text-align: justify;\"><strong>Praca jako punkt zwrotny<\/strong><\/p>\n<p style=\"text-align: justify;\">W \u015bwiecie, w kt\u00f3rym wszystko mo\u017ce zmieni\u0107 si\u0119 w jednej chwili \u2013 zdrowie, sprawno\u015b\u0107, codzienno\u015b\u0107 \u2013 praca staje si\u0119 czym\u015b wi\u0119cej ni\u017c tylko \u017ar\u00f3d\u0142em zarobku. Dla os\u00f3b z niepe\u0142nosprawno\u015bciami to cz\u0119sto pierwszy krok do odzyskania kontroli nad w\u0142asnym \u017cyciem.<\/p>\n<p style=\"text-align: justify;\">Aktywno\u015b\u0107 zawodowa:<\/p>\n<p style=\"text-align: justify;\">&#8211; stabilizuje finansowo,<\/p>\n<p style=\"text-align: justify;\">&#8211; wzmacnia psychicznie,<\/p>\n<p style=\"text-align: justify;\">&#8211; buduje relacje spo\u0142eczne,<\/p>\n<p style=\"text-align: justify;\">&#8211; przywraca poczucie sprawczo\u015bci.<\/p>\n<p style=\"text-align: justify;\">Nie bez powodu eksperci m\u00f3wi\u0105 wprost: brak pracy pog\u0142\u0119bia wykluczenie, praca je prze\u0142amuje.<\/p>\n<p style=\"text-align: justify;\"><strong>System wsparcia, kt\u00f3ry dzia\u0142a<\/strong><\/p>\n<p style=\"text-align: justify;\">Za tym przekazem stoj\u0105 konkretne narz\u0119dzia. Powiatowy Urz\u0105d Pracy w M\u0142awie oferuje osobom z niepe\u0142nosprawno\u015bciami szeroki wachlarz mo\u017cliwo\u015bci:<\/p>\n<p style=\"text-align: justify;\">&#8211; po\u015brednictwo pracy dopasowane do mo\u017cliwo\u015bci i kompetencji,<\/p>\n<p style=\"text-align: justify;\">&#8211; doradztwo zawodowe, kt\u00f3re pomaga odnale\u017a\u0107 w\u0142a\u015bciwy kierunek,<\/p>\n<p style=\"text-align: justify;\">&#8211; szkolenia i sta\u017ce zwi\u0119kszaj\u0105ce szanse na rynku,<\/p>\n<p style=\"text-align: justify;\">&#8211; prace interwencyjne,<\/p>\n<p style=\"text-align: justify;\">&#8211; doposa\u017cenie stanowisk pracy,<\/p>\n<p style=\"text-align: justify;\">&#8211; a nawet dofinansowanie do w\u0142asnej dzia\u0142alno\u015bci gospodarczej.<\/p>\n<p style=\"text-align: justify;\">To nie teoria \u2013 to realne wsparcie, kt\u00f3re ka\u017cdego roku zmienia \u017cycie konkretnych ludzi.<\/p>\n<p style=\"text-align: justify;\"><strong>PFRON \u2013 pieni\u0105dze, kt\u00f3re otwieraj\u0105 drzwi<\/strong><\/p>\n<p style=\"text-align: justify;\">Kluczow\u0105 rol\u0119 odgrywa tu Pa\u0144stwowy Fundusz Rehabilitacji Os\u00f3b Niepe\u0142nosprawnych. Fundusz wspiera zar\u00f3wno pracownik\u00f3w, jak i pracodawc\u00f3w.<\/p>\n<p style=\"text-align: justify;\">Dla os\u00f3b z niepe\u0142nosprawno\u015bciami oznacza to:<\/p>\n<p style=\"text-align: justify;\">&#8211; dost\u0119p do ofert pracy,<\/p>\n<p style=\"text-align: justify;\">&#8211; \u015brodki na rozpocz\u0119cie w\u0142asnego biznesu,<\/p>\n<p style=\"text-align: justify;\">&#8211; wsparcie w powrocie na rynek pracy.<\/p>\n<p style=\"text-align: justify;\">Dla firm:<\/p>\n<p style=\"text-align: justify;\">&#8211; dofinansowanie do tworzenia i dostosowania miejsc pracy,<\/p>\n<p style=\"text-align: justify;\">&#8211; realne wsparcie finansowe przy zatrudnianiu,<\/p>\n<p style=\"text-align: justify;\">&#8211; mo\u017cliwo\u015b\u0107 budowania nowoczesnej, odpowiedzialnej marki.<\/p>\n<p style=\"text-align: justify;\">Bo dzi\u015b zatrudnianie os\u00f3b z niepe\u0142nosprawno\u015bciami to nie tylko obowi\u0105zek spo\u0142eczny. To \u015bwiadoma decyzja biznesowa.<\/p>\n<p style=\"text-align: justify;\"><strong>Zmienia si\u0119 co\u015b wi\u0119cej ni\u017c statystyki<\/strong><\/p>\n<p style=\"text-align: justify;\">Coraz wi\u0119cej pracodawc\u00f3w dostrzega potencja\u0142 tam, gdzie kiedy\u015b widziano bariery. Osoby z niepe\u0142nosprawno\u015bciami s\u0105 postrzegane jako:<\/p>\n<p style=\"text-align: justify;\">&#8211; lojalni pracownicy,<\/p>\n<p style=\"text-align: justify;\">&#8211; zaanga\u017cowani cz\u0142onkowie zespo\u0142u,<\/p>\n<p style=\"text-align: justify;\">&#8211; ludzie z ogromn\u0105 determinacj\u0105 i motywacj\u0105.<\/p>\n<p style=\"text-align: justify;\">To zmiana, kt\u00f3ra dzieje si\u0119 na naszych oczach \u2013 i przyspiesza.<\/p>\n<p style=\"text-align: justify;\"><strong>Kluczowa data: czas na dzia\u0142anie<\/strong><\/p>\n<p style=\"text-align: justify;\">Przekaz kampanii jest jasny: nie czekaj.<\/p>\n<p style=\"text-align: justify;\">Je\u015bli posiadasz orzeczenie o niepe\u0142nosprawno\u015bci \u2013 zarejestruj si\u0119 jako osoba bezrobotna lub poszukuj\u0105ca pracy. To pierwszy krok do systemu, kt\u00f3ry naprawd\u0119 wspiera.<\/p>\n<p style=\"text-align: justify;\">Szczeg\u00f3lnie teraz, gdy nadchodzi wa\u017cny moment: \ud83d\udcc5 Nab\u00f3r wniosk\u00f3w: od 15 kwietnia do 31 maja 2026 roku<\/p>\n<p style=\"text-align: justify;\">To okno mo\u017cliwo\u015bci, kt\u00f3re mo\u017ce zmieni\u0107 wszystko.<\/p>\n<p style=\"text-align: justify;\"><strong>Nie bariera, lecz pocz\u0105tek<\/strong><\/p>\n<p style=\"text-align: justify;\">Ten plakat nie jest tylko informacj\u0105. To manifest.<\/p>\n<p style=\"text-align: justify;\">Pokazuje, \u017ce aktywno\u015b\u0107 zawodowa nie jest przywilejem \u2013 jest prawem. I \u017ce za tym prawem stoj\u0105 konkretne instytucje, pieni\u0105dze i rozwi\u0105zania.<\/p>\n<p style=\"text-align: justify;\">Ale najwa\u017cniejsze wci\u0105\u017c pozostaje jedno:<\/p>\n<p style=\"text-align: justify;\">decyzja, by spr\u00f3bowa\u0107.<\/p>\n<p style=\"text-align: justify;\">Bo czasem wszystko zaczyna si\u0119 od jednego s\u0142owa:<\/p>\n<p style=\"text-align: justify;\">AKTYWNY.<\/p>\n<p style=\"text-align: justify;\">T.B.<\/p>\n<p style=\"box-sizing: border-box; margin-top: 0px; margin-bottom: 15px; color: #555555; font-family: Roboto, sans-serif; font-size: 15px; text-align: justify;\">KOMENTARZE<\/p>\n<p style=\"box-sizing: border-box; margin-top: 0px; margin-bottom: 15px; color: #555555; font-family: Roboto, sans-serif; font-size: 15px; text-align: justify;\">Wydawca portalu nie ponosi odpowiedzialno\u015bci za tre\u015b\u0107 komentarzy zamieszczanych przez u\u017cytkownik\u00f3w. Osoby zamieszczaj\u0105ce wypowiedzi naruszaj\u0105ce prawo lub prawem chronione dobra os\u00f3b trzecich mog\u0105 ponie\u015b\u0107 z tego tytu\u0142u odpowiedzialno\u015b\u0107 karn\u0105 lub cywiln\u0105.JEDNOCZE\u015aNIE UZYTKOWNICY ZAMIESZCZAJ\u0104C KOMENTARZ OSWIADCZAJ\u0104, \u017bE BIOR\u0104 PE\u0141N\u0104 ODPOWIEDZIALNO\u015a\u0106 ZA TRE\u015aCI UMIESZCZONE PRZEZ SIEBIE<\/p>\n<div style=\"padding-bottom:20px; padding-top:10px;\" class=\"hupso-share-buttons\"><!-- Hupso Share Buttons - https:\/\/www.hupso.com\/share\/ --><a class=\"hupso_pop\" href=\"https:\/\/www.hupso.com\/share\/\"><img decoding=\"async\" data-src=\"http:\/\/static.hupso.com\/share\/buttons\/button100x23.png\" style=\"border:0px; width:100; height: 23; \" alt=\"Share Button\" src=\"data:image\/svg+xml;base64,PHN2ZyB3aWR0aD0iMSIgaGVpZ2h0PSIxIiB4bWxucz0iaHR0cDovL3d3dy53My5vcmcvMjAwMC9zdmciPjwvc3ZnPg==\" class=\"lazyload\" \/><\/a><script type=\"text\/javascript\">var hupso_services=new Array(\"Twitter\",\"Facebook\",\"Pinterest\",\"Linkedin\",\"Tumblr\",\"StumbleUpon\",\"Digg\",\"Reddit\",\"Bebo\",\"Delicious\",\"QZone\",\"Renren\",\"Email\");var hupso_icon_type = \"labels\";var hupso_background=\"#3BF8FF\";var hupso_border=\"#FF2B0A\";var hupso_image_folder_url = \"\";var hupso_url=\"\";var hupso_title=\"Nowy%20start%20bez%20barier.%20Praca%2C%20kt%C3%B3ra%20odbudowuje%20%C5%BCycie%2C%20kt%C3%B3ra%20zmienia%20%C5%BCycie%20%E2%80%93%20i%20spos%C3%B3b%20my%C5%9Blenia%20o%20niepe%C5%82nosprawno%C5%9Bci\";<\/script><script type=\"text\/javascript\" src=\"http:\/\/static.hupso.com\/share\/js\/share.js\"><\/script><!-- Hupso Share Buttons --><\/div>","protected":false},"excerpt":{"rendered":"<p>Nie zaczyna si\u0119 od wielkich s\u0142\u00f3w. Zaczyna si\u0119 od decyzji. Decyzji, by wyj\u015b\u0107 z cienia, prze\u0142ama\u0107 schemat i powiedzie\u0107 sobie: mog\u0119 wi\u0119cej. Bo niepe\u0142nosprawno\u015b\u0107 \u2013 jak przypomina kampania Pa\u0144stwowy Fundusz&hellip; <\/p>\n<div style=\"padding-bottom:20px; padding-top:10px;\" class=\"hupso-share-buttons\"><!-- Hupso Share Buttons - https:\/\/www.hupso.com\/share\/ --><a class=\"hupso_pop\" href=\"https:\/\/www.hupso.com\/share\/\"><img data-src=\"http:\/\/static.hupso.com\/share\/buttons\/button100x23.png\" style=\"border:0px; width:100; height: 23; \" alt=\"Share Button\" src=\"data:image\/svg+xml;base64,PHN2ZyB3aWR0aD0iMSIgaGVpZ2h0PSIxIiB4bWxucz0iaHR0cDovL3d3dy53My5vcmcvMjAwMC9zdmciPjwvc3ZnPg==\" class=\"lazyload\" \/><\/a><script type=\"text\/javascript\">var hupso_services=new Array(\"Twitter\",\"Facebook\",\"Pinterest\",\"Linkedin\",\"Tumblr\",\"StumbleUpon\",\"Digg\",\"Reddit\",\"Bebo\",\"Delicious\",\"QZone\",\"Renren\",\"Email\");var hupso_icon_type = \"labels\";var hupso_background=\"#3BF8FF\";var hupso_border=\"#FF2B0A\";var hupso_image_folder_url = \"\";var hupso_url=\"\";var hupso_title=\"Nowy%20start%20bez%20barier.%20Praca%2C%20kt%C3%B3ra%20odbudowuje%20%C5%BCycie%2C%20kt%C3%B3ra%20zmienia%20%C5%BCycie%20%E2%80%93%20i%20spos%C3%B3b%20my%C5%9Blenia%20o%20niepe%C5%82nosprawno%C5%9Bci\";<\/script><script type=\"text\/javascript\" src=\"http:\/\/static.hupso.com\/share\/js\/share.js\"><\/script><!-- Hupso Share Buttons --><\/div>","protected":false},"author":1,"featured_media":14388,"comment_status":"open","ping_status":"open","sticky":false,"template":"","format":"standard","meta":{"_acf_changed":false,"wprm-recipe-roundup-name":"","wprm-recipe-roundup-description":"","footnotes":""},"categories":[19,28],"tags":[],"class_list":["post-14387","post","type-post","status-publish","format-standard","has-post-thumbnail","hentry","category-aktualnosci","category-wyd"],"acf":[],"amp_enabled":true,"_links":{"self":[{"href":"http:\/\/portalm\u0142awa.pl\/index.php?rest_route=\/wp\/v2\/posts\/14387","targetHints":{"allow":["GET"]}}],"collection":[{"href":"http:\/\/portalm\u0142awa.pl\/index.php?rest_route=\/wp\/v2\/posts"}],"about":[{"href":"http:\/\/portalm\u0142awa.pl\/index.php?rest_route=\/wp\/v2\/types\/post"}],"author":[{"embeddable":true,"href":"http:\/\/portalm\u0142awa.pl\/index.php?rest_route=\/wp\/v2\/users\/1"}],"replies":[{"embeddable":true,"href":"http:\/\/portalm\u0142awa.pl\/index.php?rest_route=%2Fwp%2Fv2%2Fcomments&post=14387"}],"version-history":[{"count":1,"href":"http:\/\/portalm\u0142awa.pl\/index.php?rest_route=\/wp\/v2\/posts\/14387\/revisions"}],"predecessor-version":[{"id":14389,"href":"http:\/\/portalm\u0142awa.pl\/index.php?rest_route=\/wp\/v2\/posts\/14387\/revisions\/14389"}],"wp:featuredmedia":[{"embeddable":true,"href":"http:\/\/portalm\u0142awa.pl\/index.php?rest_route=\/wp\/v2\/media\/14388"}],"wp:attachment":[{"href":"http:\/\/portalm\u0142awa.pl\/index.php?rest_route=%2Fwp%2Fv2%2Fmedia&parent=14387"}],"wp:term":[{"taxonomy":"category","embeddable":true,"href":"http:\/\/portalm\u0142awa.pl\/index.php?rest_route=%2Fwp%2Fv2%2Fcategories&post=14387"},{"taxonomy":"post_tag","embeddable":true,"href":"http:\/\/portalm\u0142awa.pl\/index.php?rest_route=%2Fwp%2Fv2%2Ftags&post=14387"}],"curies":[{"name":"wp","href":"https:\/\/api.w.org\/{rel}","templated":true}]}}