{"id":14401,"date":"2026-04-10T15:43:54","date_gmt":"2026-04-10T13:43:54","guid":{"rendered":"http:\/\/portalm\u0142awa.pl\/?p=14401"},"modified":"2026-04-10T15:43:54","modified_gmt":"2026-04-10T13:43:54","slug":"policyjny-dozor-i-zakaz-zblizania-sie-dla-62-letniego-sprawcy-przemocy-domowej","status":"publish","type":"post","link":"http:\/\/portalm\u0142awa.pl\/?p=14401","title":{"rendered":"Policyjny doz\u00f3r i zakaz zbli\u017cania si\u0119 dla 62-letniego sprawcy przemocy domowej"},"content":{"rendered":"<div class=\"head\" style=\"color: #000000; font-family: Arial, Helvetica, sans-serif; font-size: 15.996px; word-spacing: 2.55936px;\">\n<p class=\"intro\" style=\"font-size: 17.5956px; text-align: justify;\"><strong>62-letni mieszkaniec powiatu ciechanowskiego odpowie za stosowanie przemocy wobec swojej \u017cony. Po interwencji policjant\u00f3w m\u0119\u017cczyzna trafi\u0142 wprost do policyjnej celi, a nast\u0119pnie us\u0142ysza\u0142 zarzut zn\u0119cania si\u0119. Prokurator zastosowa\u0142 wobec niego policyjny doz\u00f3r. 62-latek ma r\u00f3wnie\u017c zakaz kontaktowania i zbli\u017cania si\u0119 do pokrzywdzonej oraz nakaz opuszczenia wsp\u00f3lnie zajmowanego mieszkania.<\/strong><\/p>\n<\/div>\n<p style=\"color: #000000; font-family: Arial, Helvetica, sans-serif; font-size: 15.996px; word-spacing: 2.55936px; text-align: justify;\">W miniony wtorek, 7 kwietnia br. ciechanowscy policjanci interweniowali w zwi\u0105zku ze zg\u0142oszeniem przemocy domowej. Funkcjonariusze ustalili, \u017ce 62-letni mieszkaniec powiatu ciechanowskiego zn\u0119ca\u0142 si\u0119 nad swoj\u0105 \u017con\u0105 zar\u00f3wno fizycznie, jak i psychicznie. Dochodzi\u0142o do uderze\u0144, szarpania, popychania oraz gr\u00f3\u017ab pope\u0142nienia przest\u0119pstwa na szkod\u0119 kobiety. Funkcjonariusze niezw\u0142ocznie podj\u0119li dzia\u0142ania i zatrzymali sprawc\u0119 przemocy. M\u0119\u017cczyzna zosta\u0142 doprowadzony do policyjnego pomieszczenia dla os\u00f3b zatrzymanych.<\/p>\n<p style=\"color: #000000; font-family: Arial, Helvetica, sans-serif; font-size: 15.996px; word-spacing: 2.55936px; text-align: justify;\">Zebrany materia\u0142 da\u0142 podstawy do przedstawienia m\u0119\u017cczy\u017anie zarzutu zn\u0119cania si\u0119 nad osob\u0105 najbli\u017csz\u0105. Wczoraj, 9 kwietnia Prokurator Prokuratury Rejonowej w Ciechanowie zastosowa\u0142 wobec 62-latka \u015brodek zapobiegawczy w postaci dozoru Policji.\u00a0 M\u0119\u017cczyzna ma r\u00f3wnie\u017c zakaz zbli\u017cania si\u0119 do pokrzywdzonej na odleg\u0142o\u015b\u0107 mniejsz\u0105 ni\u017c 20 m, zakaz kontaktowania oraz nakaz natychmiastowego opuszczenia wsp\u00f3lnie zajmowanego mieszkania.<\/p>\n<p style=\"color: #000000; font-family: Arial, Helvetica, sans-serif; font-size: 15.996px; word-spacing: 2.55936px; text-align: justify;\">Za przest\u0119pstwo zn\u0119cania si\u0119 zgodnie z art. 207 Kodeksu karnego grozi kara nawet do 5 lat pozbawienia wolno\u015bci.<\/p>\n<p style=\"color: #000000; font-family: Arial, Helvetica, sans-serif; font-size: 15.996px; word-spacing: 2.55936px; text-align: justify;\">Je\u017celi do\u015bwiadczasz przemocy lub jeste\u015b jej \u015bwiadkiem &#8211; nie czekaj, reaguj!<\/p>\n<ul style=\"padding: 0px 0px 0px 20px; margin: 10px; color: #000000; font-family: Arial, Helvetica, sans-serif; font-size: 15.996px; word-spacing: 2.55936px; text-align: justify;\">\n<li style=\"padding: 0px 0px 5px; margin: 0px; text-align: justify;\">Zadzwo\u0144 pod numer alarmowy 112,<\/li>\n<li style=\"padding: 0px 0px 5px; margin: 0px; text-align: justify;\">Skontaktuj si\u0119 z dzielnicowym,<\/li>\n<li style=\"padding: 0px 0px 5px; margin: 0px; text-align: justify;\">Skorzystaj z pomocy Og\u00f3lnopolskiego Pogotowia dla Ofiar Przemocy w Rodzinie \u201eNiebieska Linia\u201d &#8211; tel. 800 120 002 (czynny ca\u0142odobowo i bezp\u0142atnie).<\/li>\n<\/ul>\n<p style=\"color: #000000; font-family: Arial, Helvetica, sans-serif; font-size: 15.996px; word-spacing: 2.55936px; text-align: justify;\">asp. Magda Sakowska<\/p>\n<p style=\"box-sizing: border-box; margin-top: 0px; margin-bottom: 15px; color: #555555; font-family: Roboto, sans-serif; font-size: 15px; text-align: justify;\">KOMENTARZE<\/p>\n<p style=\"box-sizing: border-box; margin-top: 0px; margin-bottom: 15px; color: #555555; font-family: Roboto, sans-serif; font-size: 15px; text-align: justify;\">Wydawca portalu nie ponosi odpowiedzialno\u015bci za tre\u015b\u0107 komentarzy zamieszczanych przez u\u017cytkownik\u00f3w. Osoby zamieszczaj\u0105ce wypowiedzi naruszaj\u0105ce prawo lub prawem chronione dobra os\u00f3b trzecich mog\u0105 ponie\u015b\u0107 z tego tytu\u0142u odpowiedzialno\u015b\u0107 karn\u0105 lub cywiln\u0105.JEDNOCZE\u015aNIE UZYTKOWNICY ZAMIESZCZAJ\u0104C KOMENTARZ OSWIADCZAJ\u0104, \u017bE BIOR\u0104 PE\u0141N\u0104 ODPOWIEDZIALNO\u015a\u0106 ZA TRE\u015aCI UMIESZCZONE PRZEZ SIEBIE<\/p>\n<div style=\"padding-bottom:20px; padding-top:10px;\" class=\"hupso-share-buttons\"><!-- Hupso Share Buttons - https:\/\/www.hupso.com\/share\/ --><a class=\"hupso_pop\" href=\"https:\/\/www.hupso.com\/share\/\"><img decoding=\"async\" data-src=\"http:\/\/static.hupso.com\/share\/buttons\/button100x23.png\" style=\"border:0px; width:100; height: 23; \" alt=\"Share Button\" src=\"data:image\/svg+xml;base64,PHN2ZyB3aWR0aD0iMSIgaGVpZ2h0PSIxIiB4bWxucz0iaHR0cDovL3d3dy53My5vcmcvMjAwMC9zdmciPjwvc3ZnPg==\" class=\"lazyload\" \/><\/a><script type=\"text\/javascript\">var hupso_services=new Array(\"Twitter\",\"Facebook\",\"Pinterest\",\"Linkedin\",\"Tumblr\",\"StumbleUpon\",\"Digg\",\"Reddit\",\"Bebo\",\"Delicious\",\"QZone\",\"Renren\",\"Email\");var hupso_icon_type = \"labels\";var hupso_background=\"#3BF8FF\";var hupso_border=\"#FF2B0A\";var hupso_image_folder_url = \"\";var hupso_url=\"\";var hupso_title=\"Policyjny%20doz%C3%B3r%20i%20zakaz%20zbli%C5%BCania%20si%C4%99%20dla%2062-letniego%20sprawcy%20przemocy%20domowej\";<\/script><script type=\"text\/javascript\" src=\"http:\/\/static.hupso.com\/share\/js\/share.js\"><\/script><!-- Hupso Share Buttons --><\/div>","protected":false},"excerpt":{"rendered":"<p>62-letni mieszkaniec powiatu ciechanowskiego odpowie za stosowanie przemocy wobec swojej \u017cony. Po interwencji policjant\u00f3w m\u0119\u017cczyzna trafi\u0142 wprost do policyjnej celi, a nast\u0119pnie us\u0142ysza\u0142 zarzut zn\u0119cania si\u0119. Prokurator zastosowa\u0142 wobec niego&hellip; <\/p>\n<div style=\"padding-bottom:20px; padding-top:10px;\" class=\"hupso-share-buttons\"><!-- Hupso Share Buttons - https:\/\/www.hupso.com\/share\/ --><a class=\"hupso_pop\" href=\"https:\/\/www.hupso.com\/share\/\"><img data-src=\"http:\/\/static.hupso.com\/share\/buttons\/button100x23.png\" style=\"border:0px; width:100; height: 23; \" alt=\"Share Button\" src=\"data:image\/svg+xml;base64,PHN2ZyB3aWR0aD0iMSIgaGVpZ2h0PSIxIiB4bWxucz0iaHR0cDovL3d3dy53My5vcmcvMjAwMC9zdmciPjwvc3ZnPg==\" class=\"lazyload\" \/><\/a><script type=\"text\/javascript\">var hupso_services=new Array(\"Twitter\",\"Facebook\",\"Pinterest\",\"Linkedin\",\"Tumblr\",\"StumbleUpon\",\"Digg\",\"Reddit\",\"Bebo\",\"Delicious\",\"QZone\",\"Renren\",\"Email\");var hupso_icon_type = \"labels\";var hupso_background=\"#3BF8FF\";var hupso_border=\"#FF2B0A\";var hupso_image_folder_url = \"\";var hupso_url=\"\";var hupso_title=\"Policyjny%20doz%C3%B3r%20i%20zakaz%20zbli%C5%BCania%20si%C4%99%20dla%2062-letniego%20sprawcy%20przemocy%20domowej\";<\/script><script type=\"text\/javascript\" src=\"http:\/\/static.hupso.com\/share\/js\/share.js\"><\/script><!-- Hupso Share Buttons --><\/div>","protected":false},"author":1,"featured_media":5280,"comment_status":"open","ping_status":"open","sticky":false,"template":"","format":"standard","meta":{"_acf_changed":false,"wprm-recipe-roundup-name":"","wprm-recipe-roundup-description":"","footnotes":""},"categories":[19,5,28],"tags":[],"class_list":["post-14401","post","type-post","status-publish","format-standard","has-post-thumbnail","hentry","category-aktualnosci","category-na-sygnale","category-wyd"],"acf":[],"amp_enabled":true,"_links":{"self":[{"href":"http:\/\/portalm\u0142awa.pl\/index.php?rest_route=\/wp\/v2\/posts\/14401","targetHints":{"allow":["GET"]}}],"collection":[{"href":"http:\/\/portalm\u0142awa.pl\/index.php?rest_route=\/wp\/v2\/posts"}],"about":[{"href":"http:\/\/portalm\u0142awa.pl\/index.php?rest_route=\/wp\/v2\/types\/post"}],"author":[{"embeddable":true,"href":"http:\/\/portalm\u0142awa.pl\/index.php?rest_route=\/wp\/v2\/users\/1"}],"replies":[{"embeddable":true,"href":"http:\/\/portalm\u0142awa.pl\/index.php?rest_route=%2Fwp%2Fv2%2Fcomments&post=14401"}],"version-history":[{"count":1,"href":"http:\/\/portalm\u0142awa.pl\/index.php?rest_route=\/wp\/v2\/posts\/14401\/revisions"}],"predecessor-version":[{"id":14402,"href":"http:\/\/portalm\u0142awa.pl\/index.php?rest_route=\/wp\/v2\/posts\/14401\/revisions\/14402"}],"wp:featuredmedia":[{"embeddable":true,"href":"http:\/\/portalm\u0142awa.pl\/index.php?rest_route=\/wp\/v2\/media\/5280"}],"wp:attachment":[{"href":"http:\/\/portalm\u0142awa.pl\/index.php?rest_route=%2Fwp%2Fv2%2Fmedia&parent=14401"}],"wp:term":[{"taxonomy":"category","embeddable":true,"href":"http:\/\/portalm\u0142awa.pl\/index.php?rest_route=%2Fwp%2Fv2%2Fcategories&post=14401"},{"taxonomy":"post_tag","embeddable":true,"href":"http:\/\/portalm\u0142awa.pl\/index.php?rest_route=%2Fwp%2Fv2%2Ftags&post=14401"}],"curies":[{"name":"wp","href":"https:\/\/api.w.org\/{rel}","templated":true}]}}