{"id":14403,"date":"2026-04-10T20:56:20","date_gmt":"2026-04-10T18:56:20","guid":{"rendered":"http:\/\/portalm\u0142awa.pl\/?p=14403"},"modified":"2026-04-10T20:57:02","modified_gmt":"2026-04-10T18:57:02","slug":"zastrzyk-nowoczesnosci-na-pierwszej-linii-frontu-strazacy-z-gminy-szydlowo-uzbrojeni-w-nowy-sprzet","status":"publish","type":"post","link":"http:\/\/portalm\u0142awa.pl\/?p=14403","title":{"rendered":"Zastrzyk nowoczesno\u015bci na pierwszej linii frontu. Stra\u017cacy z Gminy Szyd\u0142owo uzbrojeni w nowy sprz\u0119t!"},"content":{"rendered":"<p dir=\"ltr\" style=\"text-align: justify;\">\u200b<b>Gdy wyje syrena, liczy si\u0119 ka\u017cda sekunda. Ale w nowoczesnym ratownictwie sama odwaga to za ma\u0142o \u2013 potrzebny jest niezawodny, specjalistyczny sprz\u0119t. Mieszka\u0144cy Gminy Szyd\u0142owo mog\u0105 dzi\u015b spa\u0107 spokojniej. W\u0142adze gminy w\u0142a\u015bnie udowodni\u0142y, \u017ce bezpiecze\u0144stwo lokalnej spo\u0142eczno\u015bci nie jest tylko pustym has\u0142em, przekazuj\u0105c druhom z Ochotniczych Stra\u017cy Po\u017carnych or\u0119\u017c wart niemal 60 tysi\u0119cy z\u0142otych.<\/b><\/p>\n<p dir=\"ltr\" style=\"text-align: justify;\">\u200bTo nie by\u0142 zwyk\u0142y wtorek. 7 kwietnia 2026 roku zapisze si\u0119 w historii lokalnego systemu bezpiecze\u0144stwa jako dzie\u0144 fundamentalnego wzmocnienia. W\u00f3jt Gminy Szyd\u0142owo, <b>Jolanta Karpi\u0144ska<\/b>, dokona\u0142a uroczystego przekazania specjalistycznego ekwipunku, kt\u00f3ry trafi wprost do r\u0105k ludzi ryzykuj\u0105cych \u017cycie dla innych.<\/p>\n<h3 dir=\"ltr\" style=\"text-align: justify;\">\u200bSkuteczna dyplomacja, 100% dofinansowania<\/h3>\n<p dir=\"ltr\" style=\"text-align: justify;\">\u200bKluczem do tego sukcesu okaza\u0142a si\u0119 nie tylko troska w\u0142adz lokalnych, ale przede wszystkim sprawno\u015b\u0107 w pozyskiwaniu funduszy zewn\u0119trznych. Nowe wyposa\u017cenie, kt\u00f3rego \u0142\u0105czny koszt opiewa na solidn\u0105 kwot\u0119 <b>\ud83d\udcb057 524,96 z\u0142\ud83d\udcb0<\/b>, zosta\u0142o w ca\u0142o\u015bci sfinansowane z bud\u017cetu pa\u0144stwa. Dzi\u0119ki perfekcyjnie przygotowanemu wnioskowi z\u0142o\u017conemu do wojewody mazowieckiego, gmina Szyd\u0142owo zyska\u0142a nowoczesny sprz\u0119t, nie wydaj\u0105c na ten cel ani z\u0142ot\u00f3wki z w\u0142asnych \u015brodk\u00f3w.<\/p>\n<p dir=\"ltr\" style=\"text-align: justify;\">\u200bZadanie zrealizowano w ramach kluczowego <b>Programu Ochrony Ludno\u015bci i Obrony Cywilnej na lata 2025-2026 (POLiOC)<\/b>. Konkretnie: z \u201eObszaru 2: Zabezpieczenie logistyczne i zapewnienie ci\u0105g\u0142o\u015bci dostaw\u201d. To jasny sygna\u0142, \u017ce obrona cywilna na poziomie lokalnym staje si\u0119 nowoczesn\u0105, technologiczn\u0105 rzeczywisto\u015bci\u0105.<\/p>\n<h3 dir=\"ltr\" style=\"text-align: justify;\">\u200bPot\u0119ga tkwi we wsp\u00f3lnocie<\/h3>\n<p dir=\"ltr\" style=\"text-align: justify;\">\u200bNowy sprz\u0119t trafi\u0142 tam, gdzie jest najbardziej potrzebny \u2013 do trzech filar\u00f3w bezpiecze\u0144stwa w gminie:<\/p>\n<ul style=\"text-align: justify;\">\n<li dir=\"ltr\">\u200b<b>OSP Garlino<\/b><\/li>\n<li dir=\"ltr\">\u200b<b>OSP Pieg\u0142owo<\/b><\/li>\n<li dir=\"ltr\">\u200b<b>Ochotnicza Stra\u017c Po\u017carna w Szyd\u0142owie<\/b><\/li>\n<\/ul>\n<p dir=\"ltr\" style=\"text-align: justify;\">\u200bCo to oznacza w praktyce dla mieszka\u0144c\u00f3w? Lepsze zaplecze techniczne to bezpo\u015brednie prze\u0142o\u017cenie na <b>skuteczno\u015b\u0107 dzia\u0142a\u0144 ratowniczych<\/b>. W sytuacjach wymagaj\u0105cych b\u0142yskawicznej reakcji i chirurgicznej precyzji \u2013 czy to przy wypadkach drogowych, kl\u0119skach \u017cywio\u0142owych czy po\u017carach \u2013 stra\u017cacy ochotnicy z Szyd\u0142owa, Pieg\u0142owa i Garlina b\u0119d\u0105 teraz dzia\u0142a\u0107 szybciej, sprawniej i bezpieczniej.<\/p>\n<h3 dir=\"ltr\" style=\"text-align: justify;\">\u200bDzi\u0119kujemy za Wasz\u0105 gotowo\u015b\u0107!<\/h3>\n<p dir=\"ltr\" style=\"text-align: justify;\">\u200bDzisiejsze wydarzenie to kolejny, konsekwentny krok w\u0142adz gminy w kierunku systematycznego wzmacniania potencja\u0142u s\u0142u\u017cb ratowniczych. To inwestycja, kt\u00f3ra zwraca si\u0119 w najwa\u017cniejszej walucie: ludzkim zdrowiu i poczuciu bezpiecze\u0144stwa.<\/p>\n<p dir=\"ltr\" style=\"text-align: justify;\">\u200b<b>Ca\u0142a spo\u0142eczno\u015b\u0107 Gminy Szyd\u0142owo sk\u0142ada g\u0142\u0119bokie podzi\u0119kowania Druhnom i Druhom. Dzi\u0119kujemy za Wasze codzienne zaanga\u017cowanie, bezgraniczn\u0105 gotowo\u015b\u0107 do niesienia pomocy oraz ci\u0119\u017ck\u0105 prac\u0119 na rzecz naszego wsp\u00f3lnego bezpiecze\u0144stwa.<\/b><\/p>\n<p dir=\"ltr\" style=\"text-align: justify;\">\u200b<b>Z nowym sprz\u0119tem, Wasza szlachetna misja staje si\u0119 jeszcze silniejsza!<\/b><\/p>\n<p>T.B fot UG Szyd\u0142owo<\/p>\n<p style=\"box-sizing: border-box; margin-top: 0px; margin-bottom: 15px; color: #555555; font-family: Roboto, sans-serif; font-size: 15px; text-align: justify;\">KOMENTARZE<\/p>\n<p style=\"box-sizing: border-box; margin-top: 0px; margin-bottom: 15px; color: #555555; font-family: Roboto, sans-serif; font-size: 15px; text-align: justify;\">Wydawca portalu nie ponosi odpowiedzialno\u015bci za tre\u015b\u0107 komentarzy zamieszczanych przez u\u017cytkownik\u00f3w. Osoby zamieszczaj\u0105ce wypowiedzi naruszaj\u0105ce prawo lub prawem chronione dobra os\u00f3b trzecich mog\u0105 ponie\u015b\u0107 z tego tytu\u0142u odpowiedzialno\u015b\u0107 karn\u0105 lub cywiln\u0105.JEDNOCZE\u015aNIE UZYTKOWNICY ZAMIESZCZAJ\u0104C KOMENTARZ OSWIADCZAJ\u0104, \u017bE BIOR\u0104 PE\u0141N\u0104 ODPOWIEDZIALNO\u015a\u0106 ZA TRE\u015aCI UMIESZCZONE PRZEZ SIEBIE<\/p>\n<div style=\"padding-bottom:20px; padding-top:10px;\" class=\"hupso-share-buttons\"><!-- Hupso Share Buttons - https:\/\/www.hupso.com\/share\/ --><a class=\"hupso_pop\" href=\"https:\/\/www.hupso.com\/share\/\"><img decoding=\"async\" data-src=\"http:\/\/static.hupso.com\/share\/buttons\/button100x23.png\" style=\"border:0px; width:100; height: 23; \" alt=\"Share Button\" src=\"data:image\/svg+xml;base64,PHN2ZyB3aWR0aD0iMSIgaGVpZ2h0PSIxIiB4bWxucz0iaHR0cDovL3d3dy53My5vcmcvMjAwMC9zdmciPjwvc3ZnPg==\" class=\"lazyload\" \/><\/a><script type=\"text\/javascript\">var hupso_services=new Array(\"Twitter\",\"Facebook\",\"Pinterest\",\"Linkedin\",\"Tumblr\",\"StumbleUpon\",\"Digg\",\"Reddit\",\"Bebo\",\"Delicious\",\"QZone\",\"Renren\",\"Email\");var hupso_icon_type = \"labels\";var hupso_background=\"#3BF8FF\";var hupso_border=\"#FF2B0A\";var hupso_image_folder_url = \"\";var hupso_url=\"\";var hupso_title=\"Zastrzyk%20nowoczesno%C5%9Bci%20na%20pierwszej%20linii%20frontu.%20Stra%C5%BCacy%20z%20Gminy%20Szyd%C5%82owo%20uzbrojeni%20w%20nowy%20sprz%C4%99t%21\";<\/script><script type=\"text\/javascript\" src=\"http:\/\/static.hupso.com\/share\/js\/share.js\"><\/script><!-- Hupso Share Buttons --><\/div>","protected":false},"excerpt":{"rendered":"<p>\u200bGdy wyje syrena, liczy si\u0119 ka\u017cda sekunda. Ale w nowoczesnym ratownictwie sama odwaga to za ma\u0142o \u2013 potrzebny jest niezawodny, specjalistyczny sprz\u0119t. Mieszka\u0144cy Gminy Szyd\u0142owo mog\u0105 dzi\u015b spa\u0107 spokojniej. W\u0142adze&hellip; <\/p>\n<div style=\"padding-bottom:20px; padding-top:10px;\" class=\"hupso-share-buttons\"><!-- Hupso Share Buttons - https:\/\/www.hupso.com\/share\/ --><a class=\"hupso_pop\" href=\"https:\/\/www.hupso.com\/share\/\"><img data-src=\"http:\/\/static.hupso.com\/share\/buttons\/button100x23.png\" style=\"border:0px; width:100; height: 23; \" alt=\"Share Button\" src=\"data:image\/svg+xml;base64,PHN2ZyB3aWR0aD0iMSIgaGVpZ2h0PSIxIiB4bWxucz0iaHR0cDovL3d3dy53My5vcmcvMjAwMC9zdmciPjwvc3ZnPg==\" class=\"lazyload\" \/><\/a><script type=\"text\/javascript\">var hupso_services=new Array(\"Twitter\",\"Facebook\",\"Pinterest\",\"Linkedin\",\"Tumblr\",\"StumbleUpon\",\"Digg\",\"Reddit\",\"Bebo\",\"Delicious\",\"QZone\",\"Renren\",\"Email\");var hupso_icon_type = \"labels\";var hupso_background=\"#3BF8FF\";var hupso_border=\"#FF2B0A\";var hupso_image_folder_url = \"\";var hupso_url=\"\";var hupso_title=\"Zastrzyk%20nowoczesno%C5%9Bci%20na%20pierwszej%20linii%20frontu.%20Stra%C5%BCacy%20z%20Gminy%20Szyd%C5%82owo%20uzbrojeni%20w%20nowy%20sprz%C4%99t%21\";<\/script><script type=\"text\/javascript\" src=\"http:\/\/static.hupso.com\/share\/js\/share.js\"><\/script><!-- Hupso Share Buttons --><\/div>","protected":false},"author":1,"featured_media":14404,"comment_status":"open","ping_status":"open","sticky":false,"template":"","format":"standard","meta":{"_acf_changed":false,"wprm-recipe-roundup-name":"","wprm-recipe-roundup-description":"","footnotes":""},"categories":[19,506,28],"tags":[],"class_list":["post-14403","post","type-post","status-publish","format-standard","has-post-thumbnail","hentry","category-aktualnosci","category-pow","category-wyd"],"acf":[],"amp_enabled":true,"_links":{"self":[{"href":"http:\/\/portalm\u0142awa.pl\/index.php?rest_route=\/wp\/v2\/posts\/14403","targetHints":{"allow":["GET"]}}],"collection":[{"href":"http:\/\/portalm\u0142awa.pl\/index.php?rest_route=\/wp\/v2\/posts"}],"about":[{"href":"http:\/\/portalm\u0142awa.pl\/index.php?rest_route=\/wp\/v2\/types\/post"}],"author":[{"embeddable":true,"href":"http:\/\/portalm\u0142awa.pl\/index.php?rest_route=\/wp\/v2\/users\/1"}],"replies":[{"embeddable":true,"href":"http:\/\/portalm\u0142awa.pl\/index.php?rest_route=%2Fwp%2Fv2%2Fcomments&post=14403"}],"version-history":[{"count":2,"href":"http:\/\/portalm\u0142awa.pl\/index.php?rest_route=\/wp\/v2\/posts\/14403\/revisions"}],"predecessor-version":[{"id":14406,"href":"http:\/\/portalm\u0142awa.pl\/index.php?rest_route=\/wp\/v2\/posts\/14403\/revisions\/14406"}],"wp:featuredmedia":[{"embeddable":true,"href":"http:\/\/portalm\u0142awa.pl\/index.php?rest_route=\/wp\/v2\/media\/14404"}],"wp:attachment":[{"href":"http:\/\/portalm\u0142awa.pl\/index.php?rest_route=%2Fwp%2Fv2%2Fmedia&parent=14403"}],"wp:term":[{"taxonomy":"category","embeddable":true,"href":"http:\/\/portalm\u0142awa.pl\/index.php?rest_route=%2Fwp%2Fv2%2Fcategories&post=14403"},{"taxonomy":"post_tag","embeddable":true,"href":"http:\/\/portalm\u0142awa.pl\/index.php?rest_route=%2Fwp%2Fv2%2Ftags&post=14403"}],"curies":[{"name":"wp","href":"https:\/\/api.w.org\/{rel}","templated":true}]}}