{"id":14410,"date":"2026-04-11T09:57:54","date_gmt":"2026-04-11T07:57:54","guid":{"rendered":"http:\/\/portalm\u0142awa.pl\/?p=14410"},"modified":"2026-04-11T09:57:54","modified_gmt":"2026-04-11T07:57:54","slug":"mlawa-odda-hold-swojemu-patronowi-wyjatkowy-dzien-ktory-polaczy-historie-wiare-i-ludzi","status":"publish","type":"post","link":"http:\/\/portalm\u0142awa.pl\/?p=14410","title":{"rendered":"M\u0142awa odda ho\u0142d swojemu patronowi. Wyj\u0105tkowy dzie\u0144, kt\u00f3ry po\u0142\u0105czy histori\u0119, wiar\u0119 i ludzi"},"content":{"rendered":"<p style=\"text-align: justify;\">S\u0105 takie dni w kalendarzu miasta, kt\u00f3re wykraczaj\u0105 poza zwyk\u0142e wydarzenia. Dni, w kt\u00f3rych historia spotyka si\u0119 z tera\u017aniejszo\u015bci\u0105, a wsp\u00f3lnota przypomina sobie, kim jest i sk\u0105d pochodzi. Taki w\u0142a\u015bnie moment nadchodzi w M\u0142awie ju\u017c 23 kwietnia 2026 roku \u2013 w \u015bwi\u0119to \u015awi\u0119ty Wojciech, jednej z najwa\u017cniejszych postaci w duchowym dziedzictwie miasta.<\/p>\n<p style=\"text-align: justify;\">To nie b\u0119dzie zwyk\u0142y czwartek. To b\u0119dzie dzie\u0144 symboli, wzrusze\u0144 i ludzi, kt\u00f3rzy tworz\u0105 to miejsce.<\/p>\n<p style=\"text-align: justify;\">Od wyr\u00f3\u017cnienia cz\u0142owieka do wsp\u00f3lnoty warto\u015bci<\/p>\n<p style=\"text-align: justify;\">Obchody rozpoczn\u0105 si\u0119 o godzinie 16:00 w kinie Kosmos, mieszcz\u0105cym si\u0119 w Miejski Dom Kultury w M\u0142awie. To w\u0142a\u015bnie tam poznamy laureata jednego z najbardziej presti\u017cowych lokalnych wyr\u00f3\u017cnie\u0144 \u2013 tytu\u0142u M\u0142awianin Roku 2025.<\/p>\n<p style=\"text-align: justify;\">W tym roku kapitu\u0142a postawi\u0142a na cz\u0142owieka, kt\u00f3rego \u017cycie to gotowa opowie\u015b\u0107 o s\u0142u\u017cbie, wychowaniu i warto\u015bciach. S\u0142awomir Wietecha \u2013 Harcerz Rzeczypospolitej, wieloletni komendant Hufca M\u0142awa Zwi\u0105zek Harcerstwa Polskiego \u2013 zostanie uhonorowany za lata pracy na rzecz m\u0142odzie\u017cy i lokalnej spo\u0142eczno\u015bci.<\/p>\n<p style=\"text-align: justify;\">To wyb\u00f3r nieprzypadkowy. W czasach, gdy autorytety s\u0105 coraz rzadsze, M\u0142awa wskazuje na cz\u0142owieka, kt\u00f3ry przez lata budowa\u0142 je w ciszy \u2013 poprzez dzia\u0142anie.<\/p>\n<p style=\"text-align: justify;\"><strong>Wiara, kt\u00f3ra jednoczy pokolenia<\/strong><\/p>\n<p style=\"text-align: justify;\">Dwie godziny p\u00f3\u017aniej, o 18:00, centrum wydarze\u0144 przeniesie si\u0119 do Ko\u015bci\u00f3\u0142 \u015awi\u0119tej Tr\u00f3jcy w M\u0142awie. To tutaj rozpocznie si\u0119 uroczysta msza \u015bwi\u0119ta w intencji mieszka\u0144c\u00f3w.<\/p>\n<p style=\"text-align: justify;\">W murach \u015bwi\u0105tyni spotkaj\u0105 si\u0119 r\u00f3\u017cne pokolenia \u2013 starsi, kt\u00f3rzy pami\u0119taj\u0105 inne czasy, i m\u0142odsi, kt\u00f3rzy dopiero buduj\u0105 swoj\u0105 to\u017csamo\u015b\u0107. To moment zatrzymania. Refleksji. Wsp\u00f3lnego oddechu miasta.<\/p>\n<p style=\"text-align: justify;\"><strong>Historia, kt\u00f3ra wci\u0105\u017c \u017cyje<\/strong><\/p>\n<p style=\"text-align: justify;\">Po zako\u0144czeniu liturgii uczestnicy przejd\u0105 na plac przy pomniku \u015awi\u0119ty Wojciech. Tam historia przem\u00f3wi raz jeszcze \u2013 tym razem w formie kr\u00f3tkiego rysu przypominaj\u0105cego zwi\u0105zki patrona z M\u0142aw\u0105.<\/p>\n<p style=\"text-align: justify;\">Nie zabraknie tak\u017ce gest\u00f3w symbolicznych. Sk\u0142adanie kwiat\u00f3w stanie si\u0119 cichym, ale wymownym ho\u0142dem \u2013 nie tylko dla \u015bwi\u0119tego, ale i dla warto\u015bci, kt\u00f3re reprezentuje: odwagi, wiary i po\u015bwi\u0119cenia.<\/p>\n<p style=\"text-align: justify;\"><strong>Miasto to ludzie<\/strong><\/p>\n<p style=\"text-align: justify;\">Za organizacj\u0119 wydarzenia odpowiadaj\u0105 lokalne instytucje i \u015brodowiska: Towarzystwo Przyjaci\u00f3\u0142 Ziemi M\u0142awskiej, parafia \u015bw. Stanis\u0142awa BM oraz w\u0142adze miasta. To pokazuje jedno \u2013 M\u0142awa potrafi dzia\u0142a\u0107 razem.<\/p>\n<p style=\"text-align: justify;\">Bo tak naprawd\u0119 nie chodzi tylko o program. Chodzi o co\u015b wi\u0119cej.<\/p>\n<p style=\"text-align: justify;\">O spotkanie.<\/p>\n<p style=\"text-align: justify;\">O wsp\u00f3lnot\u0119.<\/p>\n<p style=\"text-align: justify;\">O pami\u0119\u0107.<\/p>\n<p style=\"text-align: justify;\">23 kwietnia Stary Rynek w M\u0142awie zn\u00f3w stanie si\u0119 sercem miasta. I by\u0107 mo\u017ce \u2013 cho\u0107 na chwil\u0119 \u2013 ka\u017cdy, kto tam przyjdzie, poczuje, \u017ce jest cz\u0119\u015bci\u0105 czego\u015b wi\u0119kszego.<\/p>\n<p style=\"text-align: justify;\">T.B<\/p>\n<p style=\"box-sizing: border-box; margin-top: 0px; margin-bottom: 15px; color: #555555; font-family: Roboto, sans-serif; font-size: 15px; text-align: justify;\">KOMENTARZE<\/p>\n<p style=\"box-sizing: border-box; margin-top: 0px; margin-bottom: 15px; color: #555555; font-family: Roboto, sans-serif; font-size: 15px; text-align: justify;\">Wydawca portalu nie ponosi odpowiedzialno\u015bci za tre\u015b\u0107 komentarzy zamieszczanych przez u\u017cytkownik\u00f3w. Osoby zamieszczaj\u0105ce wypowiedzi naruszaj\u0105ce prawo lub prawem chronione dobra os\u00f3b trzecich mog\u0105 ponie\u015b\u0107 z tego tytu\u0142u odpowiedzialno\u015b\u0107 karn\u0105 lub cywiln\u0105.JEDNOCZE\u015aNIE UZYTKOWNICY ZAMIESZCZAJ\u0104C KOMENTARZ OSWIADCZAJ\u0104, \u017bE BIOR\u0104 PE\u0141N\u0104 ODPOWIEDZIALNO\u015a\u0106 ZA TRE\u015aCI UMIESZCZONE PRZEZ SIEBIE<\/p>\n<div style=\"padding-bottom:20px; padding-top:10px;\" class=\"hupso-share-buttons\"><!-- Hupso Share Buttons - https:\/\/www.hupso.com\/share\/ --><a class=\"hupso_pop\" href=\"https:\/\/www.hupso.com\/share\/\"><img decoding=\"async\" data-src=\"http:\/\/static.hupso.com\/share\/buttons\/button100x23.png\" style=\"border:0px; width:100; height: 23; \" alt=\"Share Button\" src=\"data:image\/svg+xml;base64,PHN2ZyB3aWR0aD0iMSIgaGVpZ2h0PSIxIiB4bWxucz0iaHR0cDovL3d3dy53My5vcmcvMjAwMC9zdmciPjwvc3ZnPg==\" class=\"lazyload\" \/><\/a><script type=\"text\/javascript\">var hupso_services=new Array(\"Twitter\",\"Facebook\",\"Pinterest\",\"Linkedin\",\"Tumblr\",\"StumbleUpon\",\"Digg\",\"Reddit\",\"Bebo\",\"Delicious\",\"QZone\",\"Renren\",\"Email\");var hupso_icon_type = \"labels\";var hupso_background=\"#3BF8FF\";var hupso_border=\"#FF2B0A\";var hupso_image_folder_url = \"\";var hupso_url=\"\";var hupso_title=\"M%C5%82awa%20odda%20ho%C5%82d%20swojemu%20patronowi.%20Wyj%C4%85tkowy%20dzie%C5%84%2C%20kt%C3%B3ry%20po%C5%82%C4%85czy%20histori%C4%99%2C%20wiar%C4%99%20i%20ludzi\";<\/script><script type=\"text\/javascript\" src=\"http:\/\/static.hupso.com\/share\/js\/share.js\"><\/script><!-- Hupso Share Buttons --><\/div>","protected":false},"excerpt":{"rendered":"<p>S\u0105 takie dni w kalendarzu miasta, kt\u00f3re wykraczaj\u0105 poza zwyk\u0142e wydarzenia. Dni, w kt\u00f3rych historia spotyka si\u0119 z tera\u017aniejszo\u015bci\u0105, a wsp\u00f3lnota przypomina sobie, kim jest i sk\u0105d pochodzi. Taki w\u0142a\u015bnie&hellip; <\/p>\n<div style=\"padding-bottom:20px; padding-top:10px;\" class=\"hupso-share-buttons\"><!-- Hupso Share Buttons - https:\/\/www.hupso.com\/share\/ --><a class=\"hupso_pop\" href=\"https:\/\/www.hupso.com\/share\/\"><img data-src=\"http:\/\/static.hupso.com\/share\/buttons\/button100x23.png\" style=\"border:0px; width:100; height: 23; \" alt=\"Share Button\" src=\"data:image\/svg+xml;base64,PHN2ZyB3aWR0aD0iMSIgaGVpZ2h0PSIxIiB4bWxucz0iaHR0cDovL3d3dy53My5vcmcvMjAwMC9zdmciPjwvc3ZnPg==\" class=\"lazyload\" \/><\/a><script type=\"text\/javascript\">var hupso_services=new Array(\"Twitter\",\"Facebook\",\"Pinterest\",\"Linkedin\",\"Tumblr\",\"StumbleUpon\",\"Digg\",\"Reddit\",\"Bebo\",\"Delicious\",\"QZone\",\"Renren\",\"Email\");var hupso_icon_type = \"labels\";var hupso_background=\"#3BF8FF\";var hupso_border=\"#FF2B0A\";var hupso_image_folder_url = \"\";var hupso_url=\"\";var hupso_title=\"M%C5%82awa%20odda%20ho%C5%82d%20swojemu%20patronowi.%20Wyj%C4%85tkowy%20dzie%C5%84%2C%20kt%C3%B3ry%20po%C5%82%C4%85czy%20histori%C4%99%2C%20wiar%C4%99%20i%20ludzi\";<\/script><script type=\"text\/javascript\" src=\"http:\/\/static.hupso.com\/share\/js\/share.js\"><\/script><!-- Hupso Share Buttons --><\/div>","protected":false},"author":1,"featured_media":14411,"comment_status":"open","ping_status":"open","sticky":false,"template":"","format":"standard","meta":{"_acf_changed":false,"wprm-recipe-roundup-name":"","wprm-recipe-roundup-description":"","footnotes":""},"categories":[19,3,28,696,6],"tags":[],"class_list":["post-14410","post","type-post","status-publish","format-standard","has-post-thumbnail","hentry","category-aktualnosci","category-kultura","category-wyd","category-zaproszenia","category-zapro-szenia"],"acf":[],"amp_enabled":true,"_links":{"self":[{"href":"http:\/\/portalm\u0142awa.pl\/index.php?rest_route=\/wp\/v2\/posts\/14410","targetHints":{"allow":["GET"]}}],"collection":[{"href":"http:\/\/portalm\u0142awa.pl\/index.php?rest_route=\/wp\/v2\/posts"}],"about":[{"href":"http:\/\/portalm\u0142awa.pl\/index.php?rest_route=\/wp\/v2\/types\/post"}],"author":[{"embeddable":true,"href":"http:\/\/portalm\u0142awa.pl\/index.php?rest_route=\/wp\/v2\/users\/1"}],"replies":[{"embeddable":true,"href":"http:\/\/portalm\u0142awa.pl\/index.php?rest_route=%2Fwp%2Fv2%2Fcomments&post=14410"}],"version-history":[{"count":1,"href":"http:\/\/portalm\u0142awa.pl\/index.php?rest_route=\/wp\/v2\/posts\/14410\/revisions"}],"predecessor-version":[{"id":14412,"href":"http:\/\/portalm\u0142awa.pl\/index.php?rest_route=\/wp\/v2\/posts\/14410\/revisions\/14412"}],"wp:featuredmedia":[{"embeddable":true,"href":"http:\/\/portalm\u0142awa.pl\/index.php?rest_route=\/wp\/v2\/media\/14411"}],"wp:attachment":[{"href":"http:\/\/portalm\u0142awa.pl\/index.php?rest_route=%2Fwp%2Fv2%2Fmedia&parent=14410"}],"wp:term":[{"taxonomy":"category","embeddable":true,"href":"http:\/\/portalm\u0142awa.pl\/index.php?rest_route=%2Fwp%2Fv2%2Fcategories&post=14410"},{"taxonomy":"post_tag","embeddable":true,"href":"http:\/\/portalm\u0142awa.pl\/index.php?rest_route=%2Fwp%2Fv2%2Ftags&post=14410"}],"curies":[{"name":"wp","href":"https:\/\/api.w.org\/{rel}","templated":true}]}}