{"id":14413,"date":"2026-04-11T10:45:39","date_gmt":"2026-04-11T08:45:39","guid":{"rendered":"http:\/\/portalm\u0142awa.pl\/?p=14413"},"modified":"2026-04-11T10:48:44","modified_gmt":"2026-04-11T08:48:44","slug":"polityka-pieniadze-i-plany-w-mlawie-rozmawiano-o-przyszlosci-powiatu","status":"publish","type":"post","link":"http:\/\/portalm\u0142awa.pl\/?p=14413","title":{"rendered":"Polityka, pieni\u0105dze i plany. W M\u0142awie rozmawiano o przysz\u0142o\u015bci powiatu"},"content":{"rendered":"<p style=\"text-align: justify;\">W pi\u0105tek, 10 kwietnia, w murach Starostwa Powiatowego w M\u0142awie nie by\u0142o miejsca na kurtuazyjne rozmowy. To spotkanie mia\u0142o ci\u0119\u017car decyzji, kt\u00f3re w najbli\u017cszych latach mog\u0105 realnie prze\u0142o\u017cy\u0107 si\u0119 na rozw\u00f3j ca\u0142ego regionu. Przy jednym stole zasiedli samorz\u0105dowcy i przedstawiciel rz\u0105du \u2013 a stawk\u0105 by\u0142y inwestycje, fundusze i przysz\u0142o\u015b\u0107 powiatu m\u0142awskiego.<\/p>\n<p style=\"text-align: justify;\">Gospodarzami spotkania byli starosta Witold Okumski oraz wicestarosta Tomasz Chodubski. Ich go\u015bciem by\u0142 Konrad Wojnarowski \u2013 wiceminister energii i jednocze\u015bnie wiceprzewodnicz\u0105cy Sejmiku Wojew\u00f3dztwa Mazowieckiego. Ju\u017c sam sk\u0142ad uczestnik\u00f3w zapowiada\u0142, \u017ce rozmowy nie b\u0119d\u0105 jedynie formalno\u015bci\u0105.<\/p>\n<p style=\"text-align: justify;\"><strong>Rozw\u00f3j, kt\u00f3ry kosztuje \u2013 i wymaga wsp\u00f3\u0142pracy<\/strong><\/p>\n<p style=\"text-align: justify;\">Dyskusja skupi\u0142a si\u0119 na tym, co dla mieszka\u0144c\u00f3w najwa\u017cniejsze, cho\u0107 cz\u0119sto niewidoczne na pierwszy rzut oka: finansowaniu inwestycji i strategicznej wsp\u00f3\u0142pracy mi\u0119dzy samorz\u0105dem a instytucjami wy\u017cszego szczebla.<\/p>\n<p style=\"text-align: justify;\">M\u00f3wiono o projektach ju\u017c realizowanych, ale te\u017c o tych, kt\u00f3re dopiero czekaj\u0105 na zielone \u015bwiat\u0142o. W tle przewija\u0142o si\u0119 jedno zasadnicze pytanie: sk\u0105d wzi\u0105\u0107 \u015brodki na rozw\u00f3j, kt\u00f3ry nie mo\u017ce czeka\u0107?<\/p>\n<p style=\"text-align: justify;\">Odpowied\u017a by\u0142a jasna \u2013 kluczem s\u0105 fundusze zewn\u0119trzne.<\/p>\n<p style=\"text-align: justify;\"><strong>Pieni\u0105dze z Mazowsza i Europy<\/strong><\/p>\n<p style=\"text-align: justify;\">Szczeg\u00f3ln\u0105 uwag\u0119 po\u015bwi\u0119cono \u015brodkom z Sejmik Wojew\u00f3dztwa Mazowieckiego oraz funduszom unijnym. To w\u0142a\u015bnie one maj\u0105 by\u0107 paliwem nap\u0119dowym dla lokalnych inwestycji \u2013 od infrastruktury drogowej, przez modernizacj\u0119 przestrzeni publicznej, a\u017c po projekty poprawiaj\u0105ce jako\u015b\u0107 \u017cycia mieszka\u0144c\u00f3w.<\/p>\n<p style=\"text-align: justify;\">W praktyce oznacza to jedno: bez skutecznego si\u0119gania po te \u015brodki rozw\u00f3j powiatu mo\u017ce znacz\u0105co wyhamowa\u0107. Dlatego rozmowy nie dotyczy\u0142y tylko plan\u00f3w, ale te\u017c konkretnych mechanizm\u00f3w ich finansowania.<\/p>\n<p style=\"text-align: justify;\"><strong>Spotkanie, kt\u00f3re mo\u017ce mie\u0107 ci\u0105g dalszy<\/strong><\/p>\n<p style=\"text-align: justify;\">Cho\u0107 oficjalne komunikaty s\u0105 oszcz\u0119dne w szczeg\u00f3\u0142y, jedno jest pewne \u2013 to spotkanie nie by\u0142o jednorazowym wydarzeniem. To element szerszej uk\u0142adanki, w kt\u00f3rej liczy si\u0119 konsekwencja, relacje i umiej\u0119tno\u015b\u0107 wykorzystania dost\u0119pnych szans.<\/p>\n<p style=\"text-align: justify;\">T.B fot powiatmlawski.pl<\/p>\n<p style=\"box-sizing: border-box; margin-top: 0px; margin-bottom: 15px; color: #555555; font-family: Roboto, sans-serif; font-size: 15px; text-align: justify;\">KOMENTARZE<\/p>\n<p style=\"box-sizing: border-box; margin-top: 0px; margin-bottom: 15px; color: #555555; font-family: Roboto, sans-serif; font-size: 15px; text-align: justify;\">Wydawca portalu nie ponosi odpowiedzialno\u015bci za tre\u015b\u0107 komentarzy zamieszczanych przez u\u017cytkownik\u00f3w. Osoby zamieszczaj\u0105ce wypowiedzi naruszaj\u0105ce prawo lub prawem chronione dobra os\u00f3b trzecich mog\u0105 ponie\u015b\u0107 z tego tytu\u0142u odpowiedzialno\u015b\u0107 karn\u0105 lub cywiln\u0105.JEDNOCZE\u015aNIE UZYTKOWNICY ZAMIESZCZAJ\u0104C KOMENTARZ OSWIADCZAJ\u0104, \u017bE BIOR\u0104 PE\u0141N\u0104 ODPOWIEDZIALNO\u015a\u0106 ZA TRE\u015aCI UMIESZCZONE PRZEZ SIEBIE<\/p>\n<div style=\"padding-bottom:20px; padding-top:10px;\" class=\"hupso-share-buttons\"><!-- Hupso Share Buttons - https:\/\/www.hupso.com\/share\/ --><a class=\"hupso_pop\" href=\"https:\/\/www.hupso.com\/share\/\"><img decoding=\"async\" data-src=\"http:\/\/static.hupso.com\/share\/buttons\/button100x23.png\" style=\"border:0px; width:100; height: 23; \" alt=\"Share Button\" src=\"data:image\/svg+xml;base64,PHN2ZyB3aWR0aD0iMSIgaGVpZ2h0PSIxIiB4bWxucz0iaHR0cDovL3d3dy53My5vcmcvMjAwMC9zdmciPjwvc3ZnPg==\" class=\"lazyload\" \/><\/a><script type=\"text\/javascript\">var hupso_services=new Array(\"Twitter\",\"Facebook\",\"Pinterest\",\"Linkedin\",\"Tumblr\",\"StumbleUpon\",\"Digg\",\"Reddit\",\"Bebo\",\"Delicious\",\"QZone\",\"Renren\",\"Email\");var hupso_icon_type = \"labels\";var hupso_background=\"#3BF8FF\";var hupso_border=\"#FF2B0A\";var hupso_image_folder_url = \"\";var hupso_url=\"\";var hupso_title=\"Polityka%2C%20pieni%C4%85dze%20i%20plany.%20W%20M%C5%82awie%20rozmawiano%20o%20przysz%C5%82o%C5%9Bci%20powiatu\";<\/script><script type=\"text\/javascript\" src=\"http:\/\/static.hupso.com\/share\/js\/share.js\"><\/script><!-- Hupso Share Buttons --><\/div>","protected":false},"excerpt":{"rendered":"<p>W pi\u0105tek, 10 kwietnia, w murach Starostwa Powiatowego w M\u0142awie nie by\u0142o miejsca na kurtuazyjne rozmowy. To spotkanie mia\u0142o ci\u0119\u017car decyzji, kt\u00f3re w najbli\u017cszych latach mog\u0105 realnie prze\u0142o\u017cy\u0107 si\u0119 na&hellip; <\/p>\n<div style=\"padding-bottom:20px; padding-top:10px;\" class=\"hupso-share-buttons\"><!-- Hupso Share Buttons - https:\/\/www.hupso.com\/share\/ --><a class=\"hupso_pop\" href=\"https:\/\/www.hupso.com\/share\/\"><img data-src=\"http:\/\/static.hupso.com\/share\/buttons\/button100x23.png\" style=\"border:0px; width:100; height: 23; \" alt=\"Share Button\" src=\"data:image\/svg+xml;base64,PHN2ZyB3aWR0aD0iMSIgaGVpZ2h0PSIxIiB4bWxucz0iaHR0cDovL3d3dy53My5vcmcvMjAwMC9zdmciPjwvc3ZnPg==\" class=\"lazyload\" \/><\/a><script type=\"text\/javascript\">var hupso_services=new Array(\"Twitter\",\"Facebook\",\"Pinterest\",\"Linkedin\",\"Tumblr\",\"StumbleUpon\",\"Digg\",\"Reddit\",\"Bebo\",\"Delicious\",\"QZone\",\"Renren\",\"Email\");var hupso_icon_type = \"labels\";var hupso_background=\"#3BF8FF\";var hupso_border=\"#FF2B0A\";var hupso_image_folder_url = \"\";var hupso_url=\"\";var hupso_title=\"Polityka%2C%20pieni%C4%85dze%20i%20plany.%20W%20M%C5%82awie%20rozmawiano%20o%20przysz%C5%82o%C5%9Bci%20powiatu\";<\/script><script type=\"text\/javascript\" src=\"http:\/\/static.hupso.com\/share\/js\/share.js\"><\/script><!-- Hupso Share Buttons --><\/div>","protected":false},"author":1,"featured_media":14414,"comment_status":"open","ping_status":"open","sticky":false,"template":"","format":"standard","meta":{"_acf_changed":false,"wprm-recipe-roundup-name":"","wprm-recipe-roundup-description":"","footnotes":""},"categories":[19,28],"tags":[],"class_list":["post-14413","post","type-post","status-publish","format-standard","has-post-thumbnail","hentry","category-aktualnosci","category-wyd"],"acf":[],"amp_enabled":true,"_links":{"self":[{"href":"http:\/\/portalm\u0142awa.pl\/index.php?rest_route=\/wp\/v2\/posts\/14413","targetHints":{"allow":["GET"]}}],"collection":[{"href":"http:\/\/portalm\u0142awa.pl\/index.php?rest_route=\/wp\/v2\/posts"}],"about":[{"href":"http:\/\/portalm\u0142awa.pl\/index.php?rest_route=\/wp\/v2\/types\/post"}],"author":[{"embeddable":true,"href":"http:\/\/portalm\u0142awa.pl\/index.php?rest_route=\/wp\/v2\/users\/1"}],"replies":[{"embeddable":true,"href":"http:\/\/portalm\u0142awa.pl\/index.php?rest_route=%2Fwp%2Fv2%2Fcomments&post=14413"}],"version-history":[{"count":2,"href":"http:\/\/portalm\u0142awa.pl\/index.php?rest_route=\/wp\/v2\/posts\/14413\/revisions"}],"predecessor-version":[{"id":14416,"href":"http:\/\/portalm\u0142awa.pl\/index.php?rest_route=\/wp\/v2\/posts\/14413\/revisions\/14416"}],"wp:featuredmedia":[{"embeddable":true,"href":"http:\/\/portalm\u0142awa.pl\/index.php?rest_route=\/wp\/v2\/media\/14414"}],"wp:attachment":[{"href":"http:\/\/portalm\u0142awa.pl\/index.php?rest_route=%2Fwp%2Fv2%2Fmedia&parent=14413"}],"wp:term":[{"taxonomy":"category","embeddable":true,"href":"http:\/\/portalm\u0142awa.pl\/index.php?rest_route=%2Fwp%2Fv2%2Fcategories&post=14413"},{"taxonomy":"post_tag","embeddable":true,"href":"http:\/\/portalm\u0142awa.pl\/index.php?rest_route=%2Fwp%2Fv2%2Ftags&post=14413"}],"curies":[{"name":"wp","href":"https:\/\/api.w.org\/{rel}","templated":true}]}}