{"id":14420,"date":"2026-04-12T16:31:21","date_gmt":"2026-04-12T14:31:21","guid":{"rendered":"http:\/\/portalm\u0142awa.pl\/?p=14420"},"modified":"2026-04-12T16:31:21","modified_gmt":"2026-04-12T14:31:21","slug":"cisza-nad-sona-poszukiwania-zakonczone-tragicznym-finalem","status":"publish","type":"post","link":"http:\/\/portalm\u0142awa.pl\/?p=14420","title":{"rendered":"Cisza nad Son\u0105. Poszukiwania zako\u0144czone tragicznym fina\u0142em"},"content":{"rendered":"<p style=\"text-align: justify;\">Ciechanowscy policjanci zako\u0144czyli poszukiwania 23-letniego mieszka\u0144ca Ciechanowa.<\/p>\n<p style=\"text-align: justify;\">8 kwietnia br. oko\u0142o godz. 12.30 podczas prowadzonej akcji poszukiwawczej w rejonie rzeki Sona w m. W\u0142adys\u0142awowo policjanci znale\u017ali cia\u0142o m\u0119\u017cczyzny.<\/p>\n<p style=\"text-align: justify;\">9 kwietnia rodzina 23-latka potwierdzi\u0142a, \u017ce zw\u0142oki nale\u017c\u0105 do zaginionego.<\/p>\n<p style=\"text-align: justify;\">Sk\u0142adamy wyrazy wsp\u00f3\u0142czucia rodzinie i bliskim 23-latka.<\/p>\n<p style=\"text-align: justify;\">Dziekujemy wszystkim zaanga\u017cowanym w poszukiwania.<\/p>\n<p style=\"text-align: justify;\">KPP Ciechan\u00f3w<\/p>\n<p style=\"box-sizing: border-box; margin-top: 0px; margin-bottom: 15px; color: #555555; font-family: Roboto, sans-serif; font-size: 15px; text-align: justify;\">KOMENTARZE<\/p>\n<p style=\"box-sizing: border-box; margin-top: 0px; margin-bottom: 15px; color: #555555; font-family: Roboto, sans-serif; font-size: 15px; text-align: justify;\">Wydawca portalu nie ponosi odpowiedzialno\u015bci za tre\u015b\u0107 komentarzy zamieszczanych przez u\u017cytkownik\u00f3w. Osoby zamieszczaj\u0105ce wypowiedzi naruszaj\u0105ce prawo lub prawem chronione dobra os\u00f3b trzecich mog\u0105 ponie\u015b\u0107 z tego tytu\u0142u odpowiedzialno\u015b\u0107 karn\u0105 lub cywiln\u0105.JEDNOCZE\u015aNIE UZYTKOWNICY ZAMIESZCZAJ\u0104C KOMENTARZ OSWIADCZAJ\u0104, \u017bE BIOR\u0104 PE\u0141N\u0104 ODPOWIEDZIALNO\u015a\u0106 ZA TRE\u015aCI UMIESZCZONE PRZEZ SIEBIE<\/p>\n<div style=\"padding-bottom:20px; padding-top:10px;\" class=\"hupso-share-buttons\"><!-- Hupso Share Buttons - https:\/\/www.hupso.com\/share\/ --><a class=\"hupso_pop\" href=\"https:\/\/www.hupso.com\/share\/\"><img decoding=\"async\" data-src=\"http:\/\/static.hupso.com\/share\/buttons\/button100x23.png\" style=\"border:0px; width:100; height: 23; \" alt=\"Share Button\" src=\"data:image\/svg+xml;base64,PHN2ZyB3aWR0aD0iMSIgaGVpZ2h0PSIxIiB4bWxucz0iaHR0cDovL3d3dy53My5vcmcvMjAwMC9zdmciPjwvc3ZnPg==\" class=\"lazyload\" \/><\/a><script type=\"text\/javascript\">var hupso_services=new Array(\"Twitter\",\"Facebook\",\"Pinterest\",\"Linkedin\",\"Tumblr\",\"StumbleUpon\",\"Digg\",\"Reddit\",\"Bebo\",\"Delicious\",\"QZone\",\"Renren\",\"Email\");var hupso_icon_type = \"labels\";var hupso_background=\"#3BF8FF\";var hupso_border=\"#FF2B0A\";var hupso_image_folder_url = \"\";var hupso_url=\"\";var hupso_title=\"Cisza%20nad%20Son%C4%85.%20Poszukiwania%20zako%C5%84czone%20tragicznym%20fina%C5%82em\";<\/script><script type=\"text\/javascript\" src=\"http:\/\/static.hupso.com\/share\/js\/share.js\"><\/script><!-- Hupso Share Buttons --><\/div>","protected":false},"excerpt":{"rendered":"<p>Ciechanowscy policjanci zako\u0144czyli poszukiwania 23-letniego mieszka\u0144ca Ciechanowa. 8 kwietnia br. oko\u0142o godz. 12.30 podczas prowadzonej akcji poszukiwawczej w rejonie rzeki Sona w m. W\u0142adys\u0142awowo policjanci znale\u017ali cia\u0142o m\u0119\u017cczyzny. 9 kwietnia&hellip; <\/p>\n<div style=\"padding-bottom:20px; padding-top:10px;\" class=\"hupso-share-buttons\"><!-- Hupso Share Buttons - https:\/\/www.hupso.com\/share\/ --><a class=\"hupso_pop\" href=\"https:\/\/www.hupso.com\/share\/\"><img data-src=\"http:\/\/static.hupso.com\/share\/buttons\/button100x23.png\" style=\"border:0px; width:100; height: 23; \" alt=\"Share Button\" src=\"data:image\/svg+xml;base64,PHN2ZyB3aWR0aD0iMSIgaGVpZ2h0PSIxIiB4bWxucz0iaHR0cDovL3d3dy53My5vcmcvMjAwMC9zdmciPjwvc3ZnPg==\" class=\"lazyload\" \/><\/a><script type=\"text\/javascript\">var hupso_services=new Array(\"Twitter\",\"Facebook\",\"Pinterest\",\"Linkedin\",\"Tumblr\",\"StumbleUpon\",\"Digg\",\"Reddit\",\"Bebo\",\"Delicious\",\"QZone\",\"Renren\",\"Email\");var hupso_icon_type = \"labels\";var hupso_background=\"#3BF8FF\";var hupso_border=\"#FF2B0A\";var hupso_image_folder_url = \"\";var hupso_url=\"\";var hupso_title=\"Cisza%20nad%20Son%C4%85.%20Poszukiwania%20zako%C5%84czone%20tragicznym%20fina%C5%82em\";<\/script><script type=\"text\/javascript\" src=\"http:\/\/static.hupso.com\/share\/js\/share.js\"><\/script><!-- Hupso Share Buttons --><\/div>","protected":false},"author":1,"featured_media":14421,"comment_status":"open","ping_status":"open","sticky":false,"template":"","format":"standard","meta":{"_acf_changed":false,"wprm-recipe-roundup-name":"","wprm-recipe-roundup-description":"","footnotes":""},"categories":[19,5,28],"tags":[],"class_list":["post-14420","post","type-post","status-publish","format-standard","has-post-thumbnail","hentry","category-aktualnosci","category-na-sygnale","category-wyd"],"acf":[],"amp_enabled":true,"_links":{"self":[{"href":"http:\/\/portalm\u0142awa.pl\/index.php?rest_route=\/wp\/v2\/posts\/14420","targetHints":{"allow":["GET"]}}],"collection":[{"href":"http:\/\/portalm\u0142awa.pl\/index.php?rest_route=\/wp\/v2\/posts"}],"about":[{"href":"http:\/\/portalm\u0142awa.pl\/index.php?rest_route=\/wp\/v2\/types\/post"}],"author":[{"embeddable":true,"href":"http:\/\/portalm\u0142awa.pl\/index.php?rest_route=\/wp\/v2\/users\/1"}],"replies":[{"embeddable":true,"href":"http:\/\/portalm\u0142awa.pl\/index.php?rest_route=%2Fwp%2Fv2%2Fcomments&post=14420"}],"version-history":[{"count":1,"href":"http:\/\/portalm\u0142awa.pl\/index.php?rest_route=\/wp\/v2\/posts\/14420\/revisions"}],"predecessor-version":[{"id":14422,"href":"http:\/\/portalm\u0142awa.pl\/index.php?rest_route=\/wp\/v2\/posts\/14420\/revisions\/14422"}],"wp:featuredmedia":[{"embeddable":true,"href":"http:\/\/portalm\u0142awa.pl\/index.php?rest_route=\/wp\/v2\/media\/14421"}],"wp:attachment":[{"href":"http:\/\/portalm\u0142awa.pl\/index.php?rest_route=%2Fwp%2Fv2%2Fmedia&parent=14420"}],"wp:term":[{"taxonomy":"category","embeddable":true,"href":"http:\/\/portalm\u0142awa.pl\/index.php?rest_route=%2Fwp%2Fv2%2Fcategories&post=14420"},{"taxonomy":"post_tag","embeddable":true,"href":"http:\/\/portalm\u0142awa.pl\/index.php?rest_route=%2Fwp%2Fv2%2Ftags&post=14420"}],"curies":[{"name":"wp","href":"https:\/\/api.w.org\/{rel}","templated":true}]}}