{"id":14426,"date":"2026-04-12T19:19:34","date_gmt":"2026-04-12T17:19:34","guid":{"rendered":"http:\/\/portalm\u0142awa.pl\/?p=14426"},"modified":"2026-04-12T19:19:34","modified_gmt":"2026-04-12T17:19:34","slug":"ciechanow-wchodzi-w-nowa-ere-energia-przyszlosci-startuje-juz-14-kwietnia","status":"publish","type":"post","link":"http:\/\/portalm\u0142awa.pl\/?p=14426","title":{"rendered":"Ciechan\u00f3w wchodzi w now\u0105 er\u0119. Energia przysz\u0142o\u015bci startuje ju\u017c 14 kwietnia"},"content":{"rendered":"<p style=\"text-align: justify;\">To nie b\u0119dzie zwyk\u0142a uroczysto\u015b\u0107 z przeci\u0119ciem wst\u0119gi. To moment, kt\u00f3ry mo\u017ce na lata zmieni\u0107 spos\u00f3b, w jaki funkcjonuje ca\u0142e miasto. 14 kwietnia 2026 roku o godz. 12:00 teren Elektrociep\u0142owni przy ul. Tysi\u0105clecia w Ciechanowie stanie si\u0119 symbolem czego\u015b znacznie wi\u0119kszego ni\u017c kolejna inwestycja.<\/p>\n<p style=\"text-align: justify;\">To b\u0119dzie pocz\u0105tek zielonej transformacji miasta.<\/p>\n<p style=\"text-align: justify;\"><strong>Energia przysz\u0142o\u015bci zaczyna si\u0119 tu i teraz<\/strong><\/p>\n<p style=\"text-align: justify;\">W samym sercu infrastruktury energetycznej Ciechanowa uruchomione zostan\u0105 nowe \u017ar\u00f3d\u0142a energii \u2013 instalacje, kt\u00f3re maj\u0105 nie tylko zasila\u0107 miasto, ale przede wszystkim zmieni\u0107 jego kierunek rozwoju.<\/p>\n<p style=\"text-align: justify;\">W programie wydarzenia znalaz\u0142y si\u0119 kluczowe elementy tej transformacji:<\/p>\n<p style=\"text-align: justify;\">&#8211; prezentacja nowoczesnej instalacji biomasowej,<\/p>\n<p style=\"text-align: justify;\">&#8211; pokaz system\u00f3w fotowoltaicznych (PV),<\/p>\n<p style=\"text-align: justify;\">&#8211; wyst\u0105pienia ekspert\u00f3w i decydent\u00f3w, kt\u00f3rzy stoj\u0105 za projektem.<\/p>\n<p style=\"text-align: justify;\">To konkretne rozwi\u0105zania, a nie tylko deklaracje. Energia odnawialna przestaje by\u0107 has\u0142em \u2013 staje si\u0119 rzeczywisto\u015bci\u0105.<\/p>\n<p style=\"text-align: justify;\"><strong>Silni przedstawiciele, jeszcze silniejszy sygna\u0142<\/strong><\/p>\n<p style=\"text-align: justify;\">Lista zaproszonych go\u015bci m\u00f3wi jedno: to wydarzenie ma znaczenie og\u00f3lnopolskie.<\/p>\n<p style=\"text-align: justify;\">Na miejscu pojawi\u0105 si\u0119 przedstawiciele:<\/p>\n<p style=\"text-align: justify;\">&#8211; Ministerstwo Energii<\/p>\n<p style=\"text-align: justify;\">&#8211; Izba Gospodarcza Ciep\u0142ownictwo Polskie<\/p>\n<p style=\"text-align: justify;\">&#8211; Narodowy Fundusz Ochrony \u015arodowiska i Gospodarki Wodnej<\/p>\n<p style=\"text-align: justify;\">&#8211; Energa Operator<\/p>\n<p style=\"text-align: justify;\">&#8211; Energika Investments<\/p>\n<p style=\"text-align: justify;\">&#8211; Unimot Energia<\/p>\n<p style=\"text-align: justify;\">Ich obecno\u015b\u0107 to nie przypadek. To dow\u00f3d, \u017ce Ciechan\u00f3w staje si\u0119 wa\u017cnym punktem na mapie energetycznych zmian w Polsce.<\/p>\n<p style=\"text-align: justify;\"><strong>Wi\u0119cej ni\u017c inwestycja<\/strong><\/p>\n<p style=\"text-align: justify;\">Za projektem stoi miejska sp\u00f3\u0142ka, ale jego znaczenie wykracza daleko poza lokalny wymiar. To:<\/p>\n<p style=\"text-align: justify;\">&#8211; krok w stron\u0119 niezale\u017cno\u015bci energetycznej,<\/p>\n<p style=\"text-align: justify;\">&#8211; realne ograniczenie emisji i poprawa jako\u015bci powietrza,<\/p>\n<p style=\"text-align: justify;\">&#8211; impuls rozwojowy dla regionu.<\/p>\n<p style=\"text-align: justify;\">To tak\u017ce sygna\u0142 dla mieszka\u0144c\u00f3w: zmiany, o kt\u00f3rych m\u00f3wi\u0142o si\u0119 od lat, w\u0142a\u015bnie si\u0119 materializuj\u0105.<\/p>\n<p style=\"text-align: justify;\"><strong>Symbol nowego kierunku<\/strong><\/p>\n<p style=\"text-align: justify;\">W czasach, gdy temat energii staje si\u0119 jednym z najwa\u017cniejszych wyzwa\u0144 Europy, Ciechan\u00f3w nie czeka \u2013 dzia\u0142a.<\/p>\n<p style=\"text-align: justify;\">Wtorkowa inauguracja to nie tylko pokaz technologii. To manifest nowoczesnego miasta, kt\u00f3re inwestuje w przysz\u0142o\u015b\u0107, zamiast goni\u0107 przesz\u0142o\u015b\u0107.<\/p>\n<p style=\"text-align: justify;\">I wszystko wskazuje na to, \u017ce to dopiero pocz\u0105tek.<\/p>\n<p style=\"text-align: justify;\">\u26a1 Ciechan\u00f3w przyspiesza.<\/p>\n<p style=\"text-align: justify;\">\ud83c\udf31 Zielona energia staje si\u0119 faktem.<\/p>\n<p style=\"text-align: justify;\">\ud83d\ude80 A 14 kwietnia mo\u017ce przej\u015b\u0107 do historii miasta.<\/p>\n<p style=\"text-align: justify;\">T.B<\/p>\n<p style=\"box-sizing: border-box; margin-top: 0px; margin-bottom: 15px; color: #555555; font-family: Roboto, sans-serif; font-size: 15px; text-align: justify;\">KOMENTARZE<\/p>\n<p style=\"box-sizing: border-box; margin-top: 0px; margin-bottom: 15px; color: #555555; font-family: Roboto, sans-serif; font-size: 15px; text-align: justify;\">Wydawca portalu nie ponosi odpowiedzialno\u015bci za tre\u015b\u0107 komentarzy zamieszczanych przez u\u017cytkownik\u00f3w. Osoby zamieszczaj\u0105ce wypowiedzi naruszaj\u0105ce prawo lub prawem chronione dobra os\u00f3b trzecich mog\u0105 ponie\u015b\u0107 z tego tytu\u0142u odpowiedzialno\u015b\u0107 karn\u0105 lub cywiln\u0105.JEDNOCZE\u015aNIE UZYTKOWNICY ZAMIESZCZAJ\u0104C KOMENTARZ OSWIADCZAJ\u0104, \u017bE BIOR\u0104 PE\u0141N\u0104 ODPOWIEDZIALNO\u015a\u0106 ZA TRE\u015aCI UMIESZCZONE PRZEZ SIEBIE<\/p>\n<div style=\"padding-bottom:20px; padding-top:10px;\" class=\"hupso-share-buttons\"><!-- Hupso Share Buttons - https:\/\/www.hupso.com\/share\/ --><a class=\"hupso_pop\" href=\"https:\/\/www.hupso.com\/share\/\"><img decoding=\"async\" data-src=\"http:\/\/static.hupso.com\/share\/buttons\/button100x23.png\" style=\"border:0px; width:100; height: 23; \" alt=\"Share Button\" src=\"data:image\/svg+xml;base64,PHN2ZyB3aWR0aD0iMSIgaGVpZ2h0PSIxIiB4bWxucz0iaHR0cDovL3d3dy53My5vcmcvMjAwMC9zdmciPjwvc3ZnPg==\" class=\"lazyload\" \/><\/a><script type=\"text\/javascript\">var hupso_services=new Array(\"Twitter\",\"Facebook\",\"Pinterest\",\"Linkedin\",\"Tumblr\",\"StumbleUpon\",\"Digg\",\"Reddit\",\"Bebo\",\"Delicious\",\"QZone\",\"Renren\",\"Email\");var hupso_icon_type = \"labels\";var hupso_background=\"#3BF8FF\";var hupso_border=\"#FF2B0A\";var hupso_image_folder_url = \"\";var hupso_url=\"\";var hupso_title=\"Ciechan%C3%B3w%20wchodzi%20w%20now%C4%85%20er%C4%99.%20Energia%20przysz%C5%82o%C5%9Bci%20startuje%20ju%C5%BC%2014%20kwietnia\";<\/script><script type=\"text\/javascript\" src=\"http:\/\/static.hupso.com\/share\/js\/share.js\"><\/script><!-- Hupso Share Buttons --><\/div>","protected":false},"excerpt":{"rendered":"<p>To nie b\u0119dzie zwyk\u0142a uroczysto\u015b\u0107 z przeci\u0119ciem wst\u0119gi. To moment, kt\u00f3ry mo\u017ce na lata zmieni\u0107 spos\u00f3b, w jaki funkcjonuje ca\u0142e miasto. 14 kwietnia 2026 roku o godz. 12:00 teren Elektrociep\u0142owni&hellip; <\/p>\n<div style=\"padding-bottom:20px; padding-top:10px;\" class=\"hupso-share-buttons\"><!-- Hupso Share Buttons - https:\/\/www.hupso.com\/share\/ --><a class=\"hupso_pop\" href=\"https:\/\/www.hupso.com\/share\/\"><img data-src=\"http:\/\/static.hupso.com\/share\/buttons\/button100x23.png\" style=\"border:0px; width:100; height: 23; \" alt=\"Share Button\" src=\"data:image\/svg+xml;base64,PHN2ZyB3aWR0aD0iMSIgaGVpZ2h0PSIxIiB4bWxucz0iaHR0cDovL3d3dy53My5vcmcvMjAwMC9zdmciPjwvc3ZnPg==\" class=\"lazyload\" \/><\/a><script type=\"text\/javascript\">var hupso_services=new Array(\"Twitter\",\"Facebook\",\"Pinterest\",\"Linkedin\",\"Tumblr\",\"StumbleUpon\",\"Digg\",\"Reddit\",\"Bebo\",\"Delicious\",\"QZone\",\"Renren\",\"Email\");var hupso_icon_type = \"labels\";var hupso_background=\"#3BF8FF\";var hupso_border=\"#FF2B0A\";var hupso_image_folder_url = \"\";var hupso_url=\"\";var hupso_title=\"Ciechan%C3%B3w%20wchodzi%20w%20now%C4%85%20er%C4%99.%20Energia%20przysz%C5%82o%C5%9Bci%20startuje%20ju%C5%BC%2014%20kwietnia\";<\/script><script type=\"text\/javascript\" src=\"http:\/\/static.hupso.com\/share\/js\/share.js\"><\/script><!-- Hupso Share Buttons --><\/div>","protected":false},"author":1,"featured_media":14427,"comment_status":"open","ping_status":"open","sticky":false,"template":"","format":"standard","meta":{"_acf_changed":false,"wprm-recipe-roundup-name":"","wprm-recipe-roundup-description":"","footnotes":""},"categories":[19,10,28],"tags":[],"class_list":["post-14426","post","type-post","status-publish","format-standard","has-post-thumbnail","hentry","category-aktualnosci","category-ciecha-now","category-wyd"],"acf":[],"amp_enabled":true,"_links":{"self":[{"href":"http:\/\/portalm\u0142awa.pl\/index.php?rest_route=\/wp\/v2\/posts\/14426","targetHints":{"allow":["GET"]}}],"collection":[{"href":"http:\/\/portalm\u0142awa.pl\/index.php?rest_route=\/wp\/v2\/posts"}],"about":[{"href":"http:\/\/portalm\u0142awa.pl\/index.php?rest_route=\/wp\/v2\/types\/post"}],"author":[{"embeddable":true,"href":"http:\/\/portalm\u0142awa.pl\/index.php?rest_route=\/wp\/v2\/users\/1"}],"replies":[{"embeddable":true,"href":"http:\/\/portalm\u0142awa.pl\/index.php?rest_route=%2Fwp%2Fv2%2Fcomments&post=14426"}],"version-history":[{"count":1,"href":"http:\/\/portalm\u0142awa.pl\/index.php?rest_route=\/wp\/v2\/posts\/14426\/revisions"}],"predecessor-version":[{"id":14428,"href":"http:\/\/portalm\u0142awa.pl\/index.php?rest_route=\/wp\/v2\/posts\/14426\/revisions\/14428"}],"wp:featuredmedia":[{"embeddable":true,"href":"http:\/\/portalm\u0142awa.pl\/index.php?rest_route=\/wp\/v2\/media\/14427"}],"wp:attachment":[{"href":"http:\/\/portalm\u0142awa.pl\/index.php?rest_route=%2Fwp%2Fv2%2Fmedia&parent=14426"}],"wp:term":[{"taxonomy":"category","embeddable":true,"href":"http:\/\/portalm\u0142awa.pl\/index.php?rest_route=%2Fwp%2Fv2%2Fcategories&post=14426"},{"taxonomy":"post_tag","embeddable":true,"href":"http:\/\/portalm\u0142awa.pl\/index.php?rest_route=%2Fwp%2Fv2%2Ftags&post=14426"}],"curies":[{"name":"wp","href":"https:\/\/api.w.org\/{rel}","templated":true}]}}