{"id":14438,"date":"2026-04-13T14:25:39","date_gmt":"2026-04-13T12:25:39","guid":{"rendered":"http:\/\/portalm\u0142awa.pl\/?p=14438"},"modified":"2026-04-13T14:26:29","modified_gmt":"2026-04-13T12:26:29","slug":"aktualizacja-wypadek-na-ul-zwirki-w-mlawie-ranna-31-letnia-kobieta","status":"publish","type":"post","link":"http:\/\/portalm\u0142awa.pl\/?p=14438","title":{"rendered":"AKTUALIZACJA. Wypadek na ul. \u017bwirki w M\u0142awie, ranna 31-letnia kobieta"},"content":{"rendered":"<div style=\"color: #2c2f45; font-family: Verdana, Arial, Helvetica, sans-serif; font-size: small; text-align: justify;\"><strong style=\"font-family: Arial, Helvetica, sans-serif; font-size: 15.4px; word-spacing: 2.24px;\">Trwaj\u0105 czynno\u015bci m\u0142awskiej policji w sprawie wypadku, do kt\u00f3rego dosz\u0142o dzi\u015b (13.04), o godz. 7.30 w rejonie skrzy\u017cowania ulic \u017bwirki i Lelewela w M\u0142awie. Ranna kieruj\u0105ca osobowym Hyundaiem zosta\u0142a przewieziona do m\u0142awskiego szpitala.<\/strong><\/div>\n<div style=\"color: #2c2f45; font-family: Verdana, Arial, Helvetica, sans-serif; font-size: small;\">\n<p style=\"font-family: Arial, Helvetica, sans-serif; font-size: 14px; word-spacing: 2.24px; text-align: justify;\">Jak wynika z ustale\u0144 policjant\u00f3w, pracuj\u0105cych na miejscu wypadku, kieruj\u0105cy ci\u0119\u017carowym Mercedesem 30-letni mieszkaniec Soko\u0142owa Podlaskiego, jecha\u0142 Al. Pi\u0142sudskiego w kierunku ul. \u017bwirki. W rejonie skrzy\u017cowania z ul. Lelewela, wprost przed pojazd ci\u0119\u017carowy wjecha\u0142a kieruj\u0105ca osobowym Hyundaiem, 31-letnia mieszkanka M\u0142awy. Po zderzeniu oba pojazdy zatrzyma\u0142y si\u0119 na ul \u017bwirki.<\/p>\n<p style=\"font-family: Arial, Helvetica, sans-serif; font-size: 14px; word-spacing: 2.24px; text-align: justify;\">W wyniku wypadku ranna zosta\u0142a m\u0142awianka kieruj\u0105ca samochodem osobowym. Kobieta zosta\u0142a przewieziona do szpitala w M\u0142awie. Do zdarzenia dosz\u0142o podczas nie dzia\u0142aj\u0105cej sygnalizacji \u015bwietlnej. Trwaj\u0105 ustalenia przyczyn wypadku, czynno\u015bci prowadzi m\u0142awska komenda Policji.<\/p>\n<p style=\"font-family: Arial, Helvetica, sans-serif; font-size: 14px; word-spacing: 2.24px; text-align: justify;\">Policja apeluje o ostro\u017cno\u015b\u0107 i rozwag\u0119 na drodze \u2013 nieust\u0105pienie pierwsze\u0144stwa przejazdu to nadal jedna z g\u0142\u00f3wnych przyczyn najbardziej niebezpiecznych zdarze\u0144 drogowych. Jazda \u201ena pami\u0119\u0107\u201d, po\u015bpiech, ignorowanie znak\u00f3w drogowych, mog\u0105 doprowadzi\u0107 do tragedii. W przypadku awarii sygnalizacji \u015bwietlnej nale\u017cy bezwzgl\u0119dnie stosowa\u0107 si\u0119 do obowi\u0105zuj\u0105cych przepis\u00f3w i zachowa\u0107 szczeg\u00f3ln\u0105 ostro\u017cno\u015b\u0107. Bezpiecze\u0144stwo na drodze zale\u017cy od ka\u017cdego z nas.<\/p>\n<p style=\"font-family: Arial, Helvetica, sans-serif; font-size: 14px; word-spacing: 2.24px; text-align: justify;\">Autor: asp.szt. Anna Paw\u0142owska<\/p>\n<p style=\"box-sizing: border-box; margin-top: 0px; margin-bottom: 15px; color: #555555; font-family: Roboto, sans-serif; font-size: 15px; text-align: justify;\">KOMENTARZE<\/p>\n<p style=\"box-sizing: border-box; margin-top: 0px; margin-bottom: 15px; color: #555555; font-family: Roboto, sans-serif; font-size: 15px; text-align: justify;\">Wydawca portalu nie ponosi odpowiedzialno\u015bci za tre\u015b\u0107 komentarzy zamieszczanych przez u\u017cytkownik\u00f3w. Osoby zamieszczaj\u0105ce wypowiedzi naruszaj\u0105ce prawo lub prawem chronione dobra os\u00f3b trzecich mog\u0105 ponie\u015b\u0107 z tego tytu\u0142u odpowiedzialno\u015b\u0107 karn\u0105 lub cywiln\u0105.JEDNOCZE\u015aNIE UZYTKOWNICY ZAMIESZCZAJ\u0104C KOMENTARZ OSWIADCZAJ\u0104, \u017bE BIOR\u0104 PE\u0141N\u0104 ODPOWIEDZIALNO\u015a\u0106 ZA TRE\u015aCI UMIESZCZONE PRZEZ SIEBIE<\/p>\n<\/div>\n<div style=\"padding-bottom:20px; padding-top:10px;\" class=\"hupso-share-buttons\"><!-- Hupso Share Buttons - https:\/\/www.hupso.com\/share\/ --><a class=\"hupso_pop\" href=\"https:\/\/www.hupso.com\/share\/\"><img decoding=\"async\" data-src=\"http:\/\/static.hupso.com\/share\/buttons\/button100x23.png\" style=\"border:0px; width:100; height: 23; \" alt=\"Share Button\" src=\"data:image\/svg+xml;base64,PHN2ZyB3aWR0aD0iMSIgaGVpZ2h0PSIxIiB4bWxucz0iaHR0cDovL3d3dy53My5vcmcvMjAwMC9zdmciPjwvc3ZnPg==\" class=\"lazyload\" \/><\/a><script type=\"text\/javascript\">var hupso_services=new Array(\"Twitter\",\"Facebook\",\"Pinterest\",\"Linkedin\",\"Tumblr\",\"StumbleUpon\",\"Digg\",\"Reddit\",\"Bebo\",\"Delicious\",\"QZone\",\"Renren\",\"Email\");var hupso_icon_type = \"labels\";var hupso_background=\"#3BF8FF\";var hupso_border=\"#FF2B0A\";var hupso_image_folder_url = \"\";var hupso_url=\"\";var hupso_title=\"AKTUALIZACJA.%20Wypadek%20na%20ul.%20%C5%BBwirki%20w%20M%C5%82awie%2C%20ranna%2031-letnia%20kobieta\";<\/script><script type=\"text\/javascript\" src=\"http:\/\/static.hupso.com\/share\/js\/share.js\"><\/script><!-- Hupso Share Buttons --><\/div>","protected":false},"excerpt":{"rendered":"<p>Trwaj\u0105 czynno\u015bci m\u0142awskiej policji w sprawie wypadku, do kt\u00f3rego dosz\u0142o dzi\u015b (13.04), o godz. 7.30 w rejonie skrzy\u017cowania ulic \u017bwirki i Lelewela w M\u0142awie. Ranna kieruj\u0105ca osobowym Hyundaiem zosta\u0142a przewieziona&hellip; <\/p>\n<div style=\"padding-bottom:20px; padding-top:10px;\" class=\"hupso-share-buttons\"><!-- Hupso Share Buttons - https:\/\/www.hupso.com\/share\/ --><a class=\"hupso_pop\" href=\"https:\/\/www.hupso.com\/share\/\"><img data-src=\"http:\/\/static.hupso.com\/share\/buttons\/button100x23.png\" style=\"border:0px; width:100; height: 23; \" alt=\"Share Button\" src=\"data:image\/svg+xml;base64,PHN2ZyB3aWR0aD0iMSIgaGVpZ2h0PSIxIiB4bWxucz0iaHR0cDovL3d3dy53My5vcmcvMjAwMC9zdmciPjwvc3ZnPg==\" class=\"lazyload\" \/><\/a><script type=\"text\/javascript\">var hupso_services=new Array(\"Twitter\",\"Facebook\",\"Pinterest\",\"Linkedin\",\"Tumblr\",\"StumbleUpon\",\"Digg\",\"Reddit\",\"Bebo\",\"Delicious\",\"QZone\",\"Renren\",\"Email\");var hupso_icon_type = \"labels\";var hupso_background=\"#3BF8FF\";var hupso_border=\"#FF2B0A\";var hupso_image_folder_url = \"\";var hupso_url=\"\";var hupso_title=\"AKTUALIZACJA.%20Wypadek%20na%20ul.%20%C5%BBwirki%20w%20M%C5%82awie%2C%20ranna%2031-letnia%20kobieta\";<\/script><script type=\"text\/javascript\" src=\"http:\/\/static.hupso.com\/share\/js\/share.js\"><\/script><!-- Hupso Share Buttons --><\/div>","protected":false},"author":1,"featured_media":14431,"comment_status":"open","ping_status":"open","sticky":false,"template":"","format":"standard","meta":{"_acf_changed":false,"wprm-recipe-roundup-name":"","wprm-recipe-roundup-description":"","footnotes":""},"categories":[19,5,28],"tags":[],"class_list":["post-14438","post","type-post","status-publish","format-standard","has-post-thumbnail","hentry","category-aktualnosci","category-na-sygnale","category-wyd"],"acf":[],"amp_enabled":true,"_links":{"self":[{"href":"http:\/\/portalm\u0142awa.pl\/index.php?rest_route=\/wp\/v2\/posts\/14438","targetHints":{"allow":["GET"]}}],"collection":[{"href":"http:\/\/portalm\u0142awa.pl\/index.php?rest_route=\/wp\/v2\/posts"}],"about":[{"href":"http:\/\/portalm\u0142awa.pl\/index.php?rest_route=\/wp\/v2\/types\/post"}],"author":[{"embeddable":true,"href":"http:\/\/portalm\u0142awa.pl\/index.php?rest_route=\/wp\/v2\/users\/1"}],"replies":[{"embeddable":true,"href":"http:\/\/portalm\u0142awa.pl\/index.php?rest_route=%2Fwp%2Fv2%2Fcomments&post=14438"}],"version-history":[{"count":1,"href":"http:\/\/portalm\u0142awa.pl\/index.php?rest_route=\/wp\/v2\/posts\/14438\/revisions"}],"predecessor-version":[{"id":14439,"href":"http:\/\/portalm\u0142awa.pl\/index.php?rest_route=\/wp\/v2\/posts\/14438\/revisions\/14439"}],"wp:featuredmedia":[{"embeddable":true,"href":"http:\/\/portalm\u0142awa.pl\/index.php?rest_route=\/wp\/v2\/media\/14431"}],"wp:attachment":[{"href":"http:\/\/portalm\u0142awa.pl\/index.php?rest_route=%2Fwp%2Fv2%2Fmedia&parent=14438"}],"wp:term":[{"taxonomy":"category","embeddable":true,"href":"http:\/\/portalm\u0142awa.pl\/index.php?rest_route=%2Fwp%2Fv2%2Fcategories&post=14438"},{"taxonomy":"post_tag","embeddable":true,"href":"http:\/\/portalm\u0142awa.pl\/index.php?rest_route=%2Fwp%2Fv2%2Ftags&post=14438"}],"curies":[{"name":"wp","href":"https:\/\/api.w.org\/{rel}","templated":true}]}}