{"id":14440,"date":"2026-04-13T17:00:54","date_gmt":"2026-04-13T15:00:54","guid":{"rendered":"http:\/\/portalm\u0142awa.pl\/?p=14440"},"modified":"2026-04-16T10:08:10","modified_gmt":"2026-04-16T08:08:10","slug":"od-sredniowiecznych-bram-wiary-po-bunt-awangardy-muzeum-zaprasza-na-niezwykla-podroz-przez-wieki-sztuki","status":"publish","type":"post","link":"http:\/\/portalm\u0142awa.pl\/?p=14440","title":{"rendered":"Od \u015bredniowiecznych bram wiary po bunt awangardy. Muzeum zaprasza na niezwyk\u0142\u0105 podr\u00f3\u017c przez wieki sztuki"},"content":{"rendered":"<p style=\"text-align: justify;\">To b\u0119d\u0105 dwa dni, kt\u00f3re po\u0142\u0105cz\u0105 epoki, idee i emocje. Trzy wydarzenia, jeden wsp\u00f3lny mianownik \u2013 sztuka jako j\u0119zyk, kt\u00f3ry od stuleci opowiada histori\u0119 cz\u0142owieka. W ramach obchod\u00f3w \u015awiatowy Dzie\u0144 Sztuki oraz Mi\u0119dzynarodowy Dzie\u0144 Ochrony Zabytk\u00f3w muzeum przygotowa\u0142o program, kt\u00f3ry zabierze uczestnik\u00f3w od duchowo\u015bci \u015bredniowiecza a\u017c po intelektualny niepok\u00f3j XX wieku.<\/p>\n<p style=\"text-align: justify;\">Ju\u017c w pi\u0105tek, 17 kwietnia o godz. 12:00, m\u0142odzie\u017c szkolna stanie twarz\u0105 w twarz z histori\u0105 zakl\u0119t\u0105 w metalu i symbolach. Ryszard Knapi\u0144ski \u2013 uznany badacz sztuki sakralnej \u2013 poprowadzi spotkanie \u201eCredo w sztuce\u201d, skupiaj\u0105c si\u0119 na niezwyk\u0142ym dziele, jakim s\u0105 Drzwi p\u0142ockie znajduj\u0105ce si\u0119 dzi\u015b w Nowogr\u00f3d Wielki. To opowie\u015b\u0107 o wierze, kulturze i w\u0119dr\u00f3wce dzie\u0142 sztuki przez granice i wieki.<\/p>\n<p style=\"text-align: justify;\">Sobota otworzy si\u0119 zupe\u0142nie innym tonem. O godz. 13:00 Adam Nehring zaprosi uczestnik\u00f3w w \u015bwiat awangardy XX wieku. Wyk\u0142ad \u201eWprowadzenie do teorii sztuki XX w.\u201d poka\u017ce, \u017ce sztuka to nie tylko estetyka, ale tak\u017ce reakcja na spo\u0142eczne napi\u0119cia, rewolucje i przemiany cywilizacyjne. To spojrzenie na sztuk\u0119 jako lustro epoki \u2013 cz\u0119sto niewygodne, prowokuj\u0105ce i zmuszaj\u0105ce do my\u015blenia.<\/p>\n<p style=\"text-align: justify;\">Kulminacj\u0105 dnia b\u0119dzie otwarte spotkanie o godz. 15:00, podczas kt\u00f3rego ks. prof. Knapi\u0144ski ponownie podejmie temat \u201eCredo w sztuce\u201d. Tym razem jednak b\u0119dzie to przestrze\u0144 dialogu \u2013 dla wszystkich, kt\u00f3rzy chc\u0105 nie tylko s\u0142ucha\u0107, ale i pyta\u0107, interpretowa\u0107 oraz odkrywa\u0107 znaczenia ukryte w detalach dawnych dzie\u0142.<\/p>\n<p style=\"text-align: justify;\">To wydarzenie nie jest zwyk\u0142ym cyklem wyk\u0142ad\u00f3w. To zaproszenie do rozmowy z histori\u0105, do zderzenia sacrum z nowoczesno\u015bci\u0105 i do spojrzenia na sztuk\u0119 jak na \u017cywy organizm, kt\u00f3ry nieustannie si\u0119 zmienia \u2013 tak jak my sami.<\/p>\n<p style=\"text-align: justify;\">Dwa dni. Trzy spotkania. Setki lat historii. Jedno miejsce \u2013 gdzie sztuka naprawd\u0119 przemawia.<\/p>\n<p>T.B<\/p>\n<div style=\"padding-bottom:20px; padding-top:10px;\" class=\"hupso-share-buttons\"><!-- Hupso Share Buttons - https:\/\/www.hupso.com\/share\/ --><a class=\"hupso_pop\" href=\"https:\/\/www.hupso.com\/share\/\"><img decoding=\"async\" data-src=\"http:\/\/static.hupso.com\/share\/buttons\/button100x23.png\" style=\"border:0px; width:100; height: 23; \" alt=\"Share Button\" src=\"data:image\/svg+xml;base64,PHN2ZyB3aWR0aD0iMSIgaGVpZ2h0PSIxIiB4bWxucz0iaHR0cDovL3d3dy53My5vcmcvMjAwMC9zdmciPjwvc3ZnPg==\" class=\"lazyload\" \/><\/a><script type=\"text\/javascript\">var hupso_services=new Array(\"Twitter\",\"Facebook\",\"Pinterest\",\"Linkedin\",\"Tumblr\",\"StumbleUpon\",\"Digg\",\"Reddit\",\"Bebo\",\"Delicious\",\"QZone\",\"Renren\",\"Email\");var hupso_icon_type = \"labels\";var hupso_background=\"#3BF8FF\";var hupso_border=\"#FF2B0A\";var hupso_image_folder_url = \"\";var hupso_url=\"\";var hupso_title=\"Od%20%C5%9Bredniowiecznych%20bram%20wiary%20po%20bunt%20awangardy.%20Muzeum%20zaprasza%20na%20niezwyk%C5%82%C4%85%20podr%C3%B3%C5%BC%20przez%20wieki%20sztuki\";<\/script><script type=\"text\/javascript\" src=\"http:\/\/static.hupso.com\/share\/js\/share.js\"><\/script><!-- Hupso Share Buttons --><\/div>","protected":false},"excerpt":{"rendered":"<p>To b\u0119d\u0105 dwa dni, kt\u00f3re po\u0142\u0105cz\u0105 epoki, idee i emocje. Trzy wydarzenia, jeden wsp\u00f3lny mianownik \u2013 sztuka jako j\u0119zyk, kt\u00f3ry od stuleci opowiada histori\u0119 cz\u0142owieka. W ramach obchod\u00f3w \u015awiatowy Dzie\u0144&hellip; <\/p>\n<div style=\"padding-bottom:20px; padding-top:10px;\" class=\"hupso-share-buttons\"><!-- Hupso Share Buttons - https:\/\/www.hupso.com\/share\/ --><a class=\"hupso_pop\" href=\"https:\/\/www.hupso.com\/share\/\"><img data-src=\"http:\/\/static.hupso.com\/share\/buttons\/button100x23.png\" style=\"border:0px; width:100; height: 23; \" alt=\"Share Button\" src=\"data:image\/svg+xml;base64,PHN2ZyB3aWR0aD0iMSIgaGVpZ2h0PSIxIiB4bWxucz0iaHR0cDovL3d3dy53My5vcmcvMjAwMC9zdmciPjwvc3ZnPg==\" class=\"lazyload\" \/><\/a><script type=\"text\/javascript\">var hupso_services=new Array(\"Twitter\",\"Facebook\",\"Pinterest\",\"Linkedin\",\"Tumblr\",\"StumbleUpon\",\"Digg\",\"Reddit\",\"Bebo\",\"Delicious\",\"QZone\",\"Renren\",\"Email\");var hupso_icon_type = \"labels\";var hupso_background=\"#3BF8FF\";var hupso_border=\"#FF2B0A\";var hupso_image_folder_url = \"\";var hupso_url=\"\";var hupso_title=\"Od%20%C5%9Bredniowiecznych%20bram%20wiary%20po%20bunt%20awangardy.%20Muzeum%20zaprasza%20na%20niezwyk%C5%82%C4%85%20podr%C3%B3%C5%BC%20przez%20wieki%20sztuki\";<\/script><script type=\"text\/javascript\" src=\"http:\/\/static.hupso.com\/share\/js\/share.js\"><\/script><!-- Hupso Share Buttons --><\/div>","protected":false},"author":1,"featured_media":14441,"comment_status":"open","ping_status":"open","sticky":false,"template":"","format":"standard","meta":{"_acf_changed":false,"wprm-recipe-roundup-name":"","wprm-recipe-roundup-description":"","footnotes":""},"categories":[19,3,28,696,6],"tags":[],"class_list":["post-14440","post","type-post","status-publish","format-standard","has-post-thumbnail","hentry","category-aktualnosci","category-kultura","category-wyd","category-zaproszenia","category-zapro-szenia"],"acf":[],"amp_enabled":true,"_links":{"self":[{"href":"http:\/\/portalm\u0142awa.pl\/index.php?rest_route=\/wp\/v2\/posts\/14440","targetHints":{"allow":["GET"]}}],"collection":[{"href":"http:\/\/portalm\u0142awa.pl\/index.php?rest_route=\/wp\/v2\/posts"}],"about":[{"href":"http:\/\/portalm\u0142awa.pl\/index.php?rest_route=\/wp\/v2\/types\/post"}],"author":[{"embeddable":true,"href":"http:\/\/portalm\u0142awa.pl\/index.php?rest_route=\/wp\/v2\/users\/1"}],"replies":[{"embeddable":true,"href":"http:\/\/portalm\u0142awa.pl\/index.php?rest_route=%2Fwp%2Fv2%2Fcomments&post=14440"}],"version-history":[{"count":2,"href":"http:\/\/portalm\u0142awa.pl\/index.php?rest_route=\/wp\/v2\/posts\/14440\/revisions"}],"predecessor-version":[{"id":14492,"href":"http:\/\/portalm\u0142awa.pl\/index.php?rest_route=\/wp\/v2\/posts\/14440\/revisions\/14492"}],"wp:featuredmedia":[{"embeddable":true,"href":"http:\/\/portalm\u0142awa.pl\/index.php?rest_route=\/wp\/v2\/media\/14441"}],"wp:attachment":[{"href":"http:\/\/portalm\u0142awa.pl\/index.php?rest_route=%2Fwp%2Fv2%2Fmedia&parent=14440"}],"wp:term":[{"taxonomy":"category","embeddable":true,"href":"http:\/\/portalm\u0142awa.pl\/index.php?rest_route=%2Fwp%2Fv2%2Fcategories&post=14440"},{"taxonomy":"post_tag","embeddable":true,"href":"http:\/\/portalm\u0142awa.pl\/index.php?rest_route=%2Fwp%2Fv2%2Ftags&post=14440"}],"curies":[{"name":"wp","href":"https:\/\/api.w.org\/{rel}","templated":true}]}}