{"id":14446,"date":"2026-04-13T17:21:33","date_gmt":"2026-04-13T15:21:33","guid":{"rendered":"http:\/\/portalm\u0142awa.pl\/?p=14446"},"modified":"2026-04-13T17:21:33","modified_gmt":"2026-04-13T15:21:33","slug":"75-rocznica-smierci-ppor-mieczyslawa-dziemieszkiewicza-ps-roj","status":"publish","type":"post","link":"http:\/\/portalm\u0142awa.pl\/?p=14446","title":{"rendered":"75. rocznica \u015bmierci ppor. Mieczys\u0142awa Dziemieszkiewicza, ps. \u201eR\u00f3j\u201d"},"content":{"rendered":"<p class=\"gwp3f18bde2_MsoNormal\" style=\"color: #000000; font-family: Calibri, Helvetica, sans-serif; text-align: justify;\"><b><span style=\"font-family: 'Times New Roman', serif;\">Na terenie p\u00f3\u0142nocnego Mazowsza, w miejscowo\u015bci Szyszki, 13 kwietnia 1951 roku dosz\u0142o do wydarzenia, kt\u00f3re trwale zapisa\u0142o si\u0119 w historii regionu i pami\u0119ci narodowej. Tego dnia tragicznie zgin\u0105\u0142 ppor. Mieczys\u0142aw Dziemieszkiewicz oraz jego podkomendny \u2013 ppor. Bronis\u0142aw Gniazdowski ps. \u201eMazur\u201d.<\/span><\/b><b><\/b><\/p>\n<p class=\"gwp3f18bde2_MsoNormal\" style=\"color: #000000; font-family: Calibri, Helvetica, sans-serif; text-align: justify;\"><span style=\"font-family: 'Times New Roman', serif;\">W przeddzie\u0144 75. rocznicy \u015bmierci Patrona 5 Mazowieckiej Brygady Obrony Terytorialnej zorganizowano uroczysto\u015bci upami\u0119tniaj\u0105ce te wydarzenia. Rozpocz\u0119\u0142y si\u0119 one o godzinie 16.00 Msz\u0105 \u015awi\u0119t\u0105 w ko\u015bciele pw. \u015bw. Bart\u0142omieja w Szyszkach. Liturgia w intencji poleg\u0142ych zosta\u0142a odprawiona przez ks. kan. dr. Bogdana Adamowicza oraz kapelana 51 batalionu lekkiej piechoty, ks. por. Arkadiusza Sikorskiego.<\/span><\/p>\n<p class=\"gwp3f18bde2_MsoNormal\" style=\"color: #000000; font-family: Calibri, Helvetica, sans-serif; text-align: justify;\"><span style=\"font-family: 'Times New Roman', serif;\">Po zako\u0144czeniu nabo\u017ce\u0144stwa uczestnicy udali si\u0119 do miejsca pami\u0119ci po\u015bwi\u0119conego poleg\u0142ym, gdzie z\u0142o\u017cono kwiaty i zapalono znicze. W ten spos\u00f3b oddano ho\u0142d \u017co\u0142nierzom, kt\u00f3rzy po\u015bwi\u0119cili \u017cycie w walce o woln\u0105 i niepodleg\u0142\u0105 Polsk\u0119.<\/span><\/p>\n<p class=\"gwp3f18bde2_MsoNormal\" style=\"color: #000000; font-family: Calibri, Helvetica, sans-serif; text-align: justify;\"><span style=\"font-family: 'Times New Roman', serif;\">W uroczysto\u015bci udzia\u0142 wzi\u0105\u0142 zast\u0119pca dow\u00f3dcy 5 Mazowieckiej Brygady Obrony Terytorialnej &#8211; pp\u0142k Wojciech Dr\u0105\u017cyk, \u017co\u0142nierze Brygady, przedstawiciele s\u0142u\u017cb mundurowych, w\u0142adze samorz\u0105dowe, kombatanci, zaproszeni go\u015bcie oraz lokalna spo\u0142eczno\u015b\u0107.<\/span><\/p>\n<p class=\"gwp3f18bde2_MsoNormal\" style=\"color: #000000; font-family: Calibri, Helvetica, sans-serif; text-align: justify;\"><span style=\"font-family: 'Times New Roman', serif;\">Obchody sta\u0142y si\u0119 wyrazem pami\u0119ci i wdzi\u0119czno\u015bci wobec tych, kt\u00f3rzy oddali \u017cycie w imi\u0119 Ojczyzny, a tak\u017ce przypomnieniem o warto\u015bciach takich jak honor, wierno\u015b\u0107 i s\u0142u\u017cba drugiemu cz\u0142owiekowi.<\/span><\/p>\n<p class=\"gwp3f18bde2_MsoNormal\" style=\"color: #000000; font-family: Calibri, Helvetica, sans-serif; text-align: justify;\"><span style=\"font-family: 'Times New Roman', serif;\">Dla \u017co\u0142nierzy 5 Mazowieckiej Brygady OT piel\u0119gnowanie pami\u0119ci o Patronie stanowi wa\u017cny element budowania to\u017csamo\u015bci s\u0142u\u017cby. To nie tylko lekcja historii, lecz tak\u017ce zobowi\u0105zanie do kontynuowania etosu s\u0142u\u017cby opartej na odpowiedzialno\u015bci, po\u015bwi\u0119ceniu i wierno\u015bci warto\u015bciom, kt\u00f3re pozostaj\u0105 fundamentem Wojska Polskiego.<\/span><\/p>\n<p class=\"gwp3f18bde2_x_MsoNormal\" style=\"color: #000000; font-family: Calibri, Helvetica, sans-serif, serif, EmojiFont; text-align: justify;\">\n<div style=\"color: #000000; font-family: Calibri, Helvetica, sans-serif, serif, EmojiFont; margin-top: 0px; margin-bottom: 0px; text-align: justify;\"><\/div>\n<div style=\"color: #000000; font-family: Calibri, Helvetica, sans-serif, serif, EmojiFont; text-align: justify; margin-top: 0px; margin-bottom: 0px;\" align=\"left\"><span style=\"font-family: Calibri,Helvetica,sans-serif,EmojiFont,Apple Color Emoji,Segoe UI Emoji,NotoColorEmoji,Segoe UI Symbol,Android Emoji,EmojiSymbols; font-size: small;\"><span style=\"font-size: 16px;\"><span style=\"font-family: Times New Roman,serif,serif,EmojiFont; font-size: medium;\"><span style=\"font-size: 12pt;\"><b>st. kpr. Renata Jaskulska<\/b><\/span><\/span><\/span><\/span><\/div>\n<div align=\"left\"><\/div>\n<div align=\"left\">\n<p style=\"box-sizing: border-box; margin-top: 0px; margin-bottom: 15px; color: #555555; font-family: Roboto, sans-serif; font-size: 15px; text-align: justify;\">KOMENTARZE<\/p>\n<p style=\"box-sizing: border-box; margin-top: 0px; margin-bottom: 15px; color: #555555; font-family: Roboto, sans-serif; font-size: 15px; text-align: justify;\">Wydawca portalu nie ponosi odpowiedzialno\u015bci za tre\u015b\u0107 komentarzy zamieszczanych przez u\u017cytkownik\u00f3w. Osoby zamieszczaj\u0105ce wypowiedzi naruszaj\u0105ce prawo lub prawem chronione dobra os\u00f3b trzecich mog\u0105 ponie\u015b\u0107 z tego tytu\u0142u odpowiedzialno\u015b\u0107 karn\u0105 lub cywiln\u0105.JEDNOCZE\u015aNIE UZYTKOWNICY ZAMIESZCZAJ\u0104C KOMENTARZ OSWIADCZAJ\u0104, \u017bE BIOR\u0104 PE\u0141N\u0104 ODPOWIEDZIALNO\u015a\u0106 ZA TRE\u015aCI UMIESZCZONE PRZEZ SIEBIE<\/p>\n<\/div>\n<div style=\"padding-bottom:20px; padding-top:10px;\" class=\"hupso-share-buttons\"><!-- Hupso Share Buttons - https:\/\/www.hupso.com\/share\/ --><a class=\"hupso_pop\" href=\"https:\/\/www.hupso.com\/share\/\"><img decoding=\"async\" data-src=\"http:\/\/static.hupso.com\/share\/buttons\/button100x23.png\" style=\"border:0px; width:100; height: 23; \" alt=\"Share Button\" src=\"data:image\/svg+xml;base64,PHN2ZyB3aWR0aD0iMSIgaGVpZ2h0PSIxIiB4bWxucz0iaHR0cDovL3d3dy53My5vcmcvMjAwMC9zdmciPjwvc3ZnPg==\" class=\"lazyload\" \/><\/a><script type=\"text\/javascript\">var hupso_services=new Array(\"Twitter\",\"Facebook\",\"Pinterest\",\"Linkedin\",\"Tumblr\",\"StumbleUpon\",\"Digg\",\"Reddit\",\"Bebo\",\"Delicious\",\"QZone\",\"Renren\",\"Email\");var hupso_icon_type = \"labels\";var hupso_background=\"#3BF8FF\";var hupso_border=\"#FF2B0A\";var hupso_image_folder_url = \"\";var hupso_url=\"\";var hupso_title=\"75.%20rocznica%20%C5%9Bmierci%20ppor.%20Mieczys%C5%82awa%20Dziemieszkiewicza%2C%20ps.%20%E2%80%9ER%C3%B3j%E2%80%9D\";<\/script><script type=\"text\/javascript\" src=\"http:\/\/static.hupso.com\/share\/js\/share.js\"><\/script><!-- Hupso Share Buttons --><\/div>","protected":false},"excerpt":{"rendered":"<p>Na terenie p\u00f3\u0142nocnego Mazowsza, w miejscowo\u015bci Szyszki, 13 kwietnia 1951 roku dosz\u0142o do wydarzenia, kt\u00f3re trwale zapisa\u0142o si\u0119 w historii regionu i pami\u0119ci narodowej. Tego dnia tragicznie zgin\u0105\u0142 ppor. Mieczys\u0142aw&hellip; <\/p>\n<div style=\"padding-bottom:20px; padding-top:10px;\" class=\"hupso-share-buttons\"><!-- Hupso Share Buttons - https:\/\/www.hupso.com\/share\/ --><a class=\"hupso_pop\" href=\"https:\/\/www.hupso.com\/share\/\"><img data-src=\"http:\/\/static.hupso.com\/share\/buttons\/button100x23.png\" style=\"border:0px; width:100; height: 23; \" alt=\"Share Button\" src=\"data:image\/svg+xml;base64,PHN2ZyB3aWR0aD0iMSIgaGVpZ2h0PSIxIiB4bWxucz0iaHR0cDovL3d3dy53My5vcmcvMjAwMC9zdmciPjwvc3ZnPg==\" class=\"lazyload\" \/><\/a><script type=\"text\/javascript\">var hupso_services=new Array(\"Twitter\",\"Facebook\",\"Pinterest\",\"Linkedin\",\"Tumblr\",\"StumbleUpon\",\"Digg\",\"Reddit\",\"Bebo\",\"Delicious\",\"QZone\",\"Renren\",\"Email\");var hupso_icon_type = \"labels\";var hupso_background=\"#3BF8FF\";var hupso_border=\"#FF2B0A\";var hupso_image_folder_url = \"\";var hupso_url=\"\";var hupso_title=\"75.%20rocznica%20%C5%9Bmierci%20ppor.%20Mieczys%C5%82awa%20Dziemieszkiewicza%2C%20ps.%20%E2%80%9ER%C3%B3j%E2%80%9D\";<\/script><script type=\"text\/javascript\" src=\"http:\/\/static.hupso.com\/share\/js\/share.js\"><\/script><!-- Hupso Share Buttons --><\/div>","protected":false},"author":1,"featured_media":14447,"comment_status":"open","ping_status":"open","sticky":false,"template":"","format":"standard","meta":{"_acf_changed":false,"wprm-recipe-roundup-name":"","wprm-recipe-roundup-description":"","footnotes":""},"categories":[19,3,28],"tags":[],"class_list":["post-14446","post","type-post","status-publish","format-standard","has-post-thumbnail","hentry","category-aktualnosci","category-kultura","category-wyd"],"acf":[],"amp_enabled":true,"_links":{"self":[{"href":"http:\/\/portalm\u0142awa.pl\/index.php?rest_route=\/wp\/v2\/posts\/14446","targetHints":{"allow":["GET"]}}],"collection":[{"href":"http:\/\/portalm\u0142awa.pl\/index.php?rest_route=\/wp\/v2\/posts"}],"about":[{"href":"http:\/\/portalm\u0142awa.pl\/index.php?rest_route=\/wp\/v2\/types\/post"}],"author":[{"embeddable":true,"href":"http:\/\/portalm\u0142awa.pl\/index.php?rest_route=\/wp\/v2\/users\/1"}],"replies":[{"embeddable":true,"href":"http:\/\/portalm\u0142awa.pl\/index.php?rest_route=%2Fwp%2Fv2%2Fcomments&post=14446"}],"version-history":[{"count":1,"href":"http:\/\/portalm\u0142awa.pl\/index.php?rest_route=\/wp\/v2\/posts\/14446\/revisions"}],"predecessor-version":[{"id":14448,"href":"http:\/\/portalm\u0142awa.pl\/index.php?rest_route=\/wp\/v2\/posts\/14446\/revisions\/14448"}],"wp:featuredmedia":[{"embeddable":true,"href":"http:\/\/portalm\u0142awa.pl\/index.php?rest_route=\/wp\/v2\/media\/14447"}],"wp:attachment":[{"href":"http:\/\/portalm\u0142awa.pl\/index.php?rest_route=%2Fwp%2Fv2%2Fmedia&parent=14446"}],"wp:term":[{"taxonomy":"category","embeddable":true,"href":"http:\/\/portalm\u0142awa.pl\/index.php?rest_route=%2Fwp%2Fv2%2Fcategories&post=14446"},{"taxonomy":"post_tag","embeddable":true,"href":"http:\/\/portalm\u0142awa.pl\/index.php?rest_route=%2Fwp%2Fv2%2Ftags&post=14446"}],"curies":[{"name":"wp","href":"https:\/\/api.w.org\/{rel}","templated":true}]}}