{"id":14458,"date":"2026-04-14T10:22:15","date_gmt":"2026-04-14T08:22:15","guid":{"rendered":"http:\/\/portalm\u0142awa.pl\/?p=14458"},"modified":"2026-04-14T10:22:15","modified_gmt":"2026-04-14T08:22:15","slug":"mlawa-stawia-na-roznorodnosc-nadchodza-dni-mlawy-2026-dwa-dni-dwa-rynki-kilkanascie-powodow-by-tam-byc","status":"publish","type":"post","link":"http:\/\/portalm\u0142awa.pl\/?p=14458","title":{"rendered":"M\u0142awa stawia na r\u00f3\u017cnorodno\u015b\u0107. Nadchodz\u0105 Dni M\u0142awy 2026: Dwa dni, dwa rynki, kilkana\u015bcie powod\u00f3w, by tam by\u0107"},"content":{"rendered":"<p dir=\"ltr\" style=\"text-align: justify;\"><b>Kiedy kalendarz wska\u017ce 11 lipca 2026 roku, M\u0142awa na dwa dni oficjalnie przejmie kulturalne stery w regionie. Organizatorzy Dni M\u0142awy 2026 ods\u0142onili karty, prezentuj\u0105c program, kt\u00f3ry \u2013 bez zb\u0119dnej pruderii \u2013 mo\u017cna nazwa\u0107 jednym z najintensywniejszych w nadchodz\u0105cym sezonie letnim. To nie b\u0119dzie zwyk\u0142e \u015bwi\u0119to miasta; to strategicznie zaplanowany weekend, maj\u0105cy po\u0142\u0105czy\u0107 skrajnie r\u00f3\u017cne grupy odbiorc\u00f3w.<\/b><\/p>\n<p dir=\"ltr\" style=\"text-align: justify;\">\u200bFormu\u0142a wydarzenia opiera si\u0119 na wyra\u017anym podziale, zar\u00f3wno terytorialnym, jak i tematycznym, co pozwala unikn\u0105\u0107 chaosu i precyzyjnie trafi\u0107 w gusta mieszka\u0144c\u00f3w oraz turyst\u00f3w.<\/p>\n<h3 dir=\"ltr\" style=\"text-align: justify;\">\u200bSobota: Kontrasty na Starym Rynku, Gwiazdy pod Hotelem<\/h3>\n<p dir=\"ltr\" style=\"text-align: justify;\">\u200bStart nast\u0105pi w sobot\u0119, <b>11 lipca, ju\u017c o godzinie 10:00<\/b>. Dzie\u0144 otworzy klasyk lokalnej tradycji \u2013 <b>Jarmark Wojciechowy<\/b>. To tutaj serce miasta zabije wolniej, oferuj\u0105c r\u0119kodzie\u0142o i produkty lokalne. Jednak spok\u00f3j b\u0119dzie pozorny, bo Stary Rynek b\u0142yskawicznie wype\u0142ni si\u0119 energi\u0105 innego rodzaju.<\/p>\n<p dir=\"ltr\" style=\"text-align: justify;\">\u200bDla fan\u00f3w motoryzacji przygotowano mocne uderzenie: si\u00f3dm\u0105 edycj\u0119 <b>\u201eThe Event \u2013 M\u0142awski Festival\u201d<\/b>, czyli zlot samochod\u00f3w tuningowanych, uzupe\u0142niony o <b>spotkanie z motocyklistami<\/b>. W tym samym czasie fani sportu b\u0119d\u0105 mogli \u015bledzi\u0107 rywalizacj\u0119 w ramach <b>Turnieju Koszyk\u00f3wki Easynet M\u0142awa 3&#215;3<\/b>. To po\u0142\u0105czenie tradycji handlowej, nowoczesnej pasji motoryzacyjnej i sportowej rywalizacji w jednej przestrzeni zapowiada dynamiczny pocz\u0105tek weekendu.<\/p>\n<p dir=\"ltr\" style=\"text-align: justify;\">\u200bWieczorem ci\u0119\u017car wydarze\u0144 przeniesie si\u0119 na plac przy Hotelu M\u0142awa, gdzie scena zabrzmi pe\u0142nym spektrum popu i muzyki klubowej. Koncertowy maraton, startuj\u0105cy o <b>18:30<\/b>, to podr\u00f3\u017c przez pokolenia:<\/p>\n<ul style=\"text-align: justify;\">\n<li dir=\"ltr\">\u200bZacznie si\u0119 od nostalgicznego <b>ABBA Cover Tribute Live Band<\/b>.<\/li>\n<li dir=\"ltr\">\u200bNast\u0119pnie tempo podkr\u0119ci <b>Tribbs<\/b>, serwuj\u0105c nowoczesne brzmienia.<\/li>\n<li dir=\"ltr\">\u200bEmocjonaln\u0105 kulminacj\u0119 zapowiada wyst\u0119p legendy polskiej sceny \u2013 grupy <b>Ich Troje (20:45)<\/b>.<\/li>\n<li dir=\"ltr\">\u200bFina\u0142 soboty nale\u017ce\u0107 b\u0119dzie do <b>Dawida Kwiatkowskiego (22:30)<\/b>, co gwarantuje frekwencj\u0119 najm\u0142odszej cz\u0119\u015bci publiczno\u015bci.<\/li>\n<\/ul>\n<h3 dir=\"ltr\" style=\"text-align: justify;\">\u200bNiedziela: Taneczne Uderzenie<\/h3>\n<p dir=\"ltr\" style=\"text-align: justify;\">\u200bNiedziela, <b>12 lipca<\/b>, podtrzyma wysok\u0105 temperatur\u0119, ale w zupe\u0142nie innym klimacie. Plac przy Hotelu M\u0142awa zamieni si\u0119 w gigantyczny parkiet pod go\u0142ym niebem. Organizatorzy postawili na sprawdzone marki nurtu disco i dance, kt\u00f3re od lat gwarantuj\u0105 masow\u0105 zabaw\u0119.<\/p>\n<p dir=\"ltr\" style=\"text-align: justify;\">\u200bOd godziny <b>17:30<\/b> scen\u0119 przejm\u0105 kolejno: <b>Mig<\/b>, <b>Mi\u0142y Pan<\/b>, <b>Defis<\/b> oraz <b>Daj To G\u0142o\u015bniej<\/b>. To zestawienie nie pozostawia z\u0142udze\u0144 co do charakteru niedzielnego wieczoru \u2013 ma by\u0107 g\u0142o\u015bno, tanecznie i integracyjnie.<\/p>\n<h3 dir=\"ltr\" style=\"text-align: justify;\">\u200bWeekendowa Infrastruktura i Logistyka<\/h3>\n<p dir=\"ltr\" style=\"text-align: justify;\">\u200bDni M\u0142awy to jednak nie tylko scena i rynki. Przez ca\u0142y weekend, pocz\u0105wszy <b>od godziny 12:00<\/b>, na placu przy Hotelu M\u0142awa funkcjonowa\u0107 b\u0119dzie pe\u0142ne zaplecze rozrywkowe. <b>Lunapark<\/b> zapewni atrakcje dla rodzin, a rozbudowana <b>strefa gastronomiczna<\/b> zadba o zaplecze dla uczestnik\u00f3w wielogodzinnych koncert\u00f3w.<\/p>\n<p dir=\"ltr\" style=\"text-align: justify;\">\u200bAnalizuj\u0105c program, wida\u0107 wyra\u017any cel organizator\u00f3w: stworzenie p\u0142aszczyzny integracji. Dni M\u0142awy 2026 maj\u0105 ambicj\u0119 by\u0107 czym\u015b wi\u0119cej ni\u017c sum\u0105 koncert\u00f3w \u2013 maj\u0105 by\u0107 przestrzeni\u0105, w kt\u00f3rej fan tuningu spotyka mi\u0142o\u015bnika r\u0119kodzie\u0142a, a s\u0142uchacz ABBIEGO bawi si\u0119 obok fana wsp\u00f3\u0142czesnego clubbingu. Czy ta ambitna fuzja si\u0119 uda? Przekonamy si\u0119 ju\u017c w lipcu 2026 roku.<\/p>\n<p dir=\"ltr\" style=\"text-align: justify;\">\u200b<b>W skr\u00f3cie:<\/b><\/p>\n<p dir=\"ltr\" style=\"text-align: justify;\"><b>Co:<\/b> Dni M\u0142awy 2026<\/p>\n<p dir=\"ltr\" style=\"text-align: justify;\"><b>Kiedy:<\/b> 11-12 lipca 2026<\/p>\n<p dir=\"ltr\" style=\"text-align: justify;\"><b>Gdzie:<\/b> M\u0142awa (Stary Rynek \/ Plac przy Hotelu M\u0142awa)<\/p>\n<p dir=\"ltr\" style=\"text-align: justify;\"><b>Dla kogo:<\/b> Dla wszystkich \u2013 program \u0142\u0105czy sport, motoryzacj\u0119, tradycj\u0119 i zr\u00f3\u017cnicowan\u0105 muzyk\u0119.<\/p>\n<p dir=\"ltr\" style=\"text-align: justify;\">\u200b<b>Organizatorzy:<\/b> Miasto M\u0142awa, Miejski Dom Kultury w M\u0142awie, World Media.<\/p>\n<p dir=\"ltr\" style=\"text-align: justify;\"><b>Wsp\u00f3\u0142organizatorzy:<\/b> MOSiR M\u0142awa, Stowarzyszenie Grupa Motocyklowa Moto-M\u0142awa, M\u0142awski Festival, M\u0142awa Basketball.<\/p>\n<p>T.B fot MDK<\/p>\n<p style=\"box-sizing: border-box; margin-top: 0px; margin-bottom: 15px; color: #555555; font-family: Roboto, sans-serif; font-size: 15px; text-align: justify;\">KOMENTARZE<\/p>\n<p style=\"box-sizing: border-box; margin-top: 0px; margin-bottom: 15px; color: #555555; font-family: Roboto, sans-serif; font-size: 15px; text-align: justify;\">Wydawca portalu nie ponosi odpowiedzialno\u015bci za tre\u015b\u0107 komentarzy zamieszczanych przez u\u017cytkownik\u00f3w. Osoby zamieszczaj\u0105ce wypowiedzi naruszaj\u0105ce prawo lub prawem chronione dobra os\u00f3b trzecich mog\u0105 ponie\u015b\u0107 z tego tytu\u0142u odpowiedzialno\u015b\u0107 karn\u0105 lub cywiln\u0105.JEDNOCZE\u015aNIE UZYTKOWNICY ZAMIESZCZAJ\u0104C KOMENTARZ OSWIADCZAJ\u0104, \u017bE BIOR\u0104 PE\u0141N\u0104 ODPOWIEDZIALNO\u015a\u0106 ZA TRE\u015aCI UMIESZCZONE PRZEZ SIEBIE<\/p>\n<div style=\"padding-bottom:20px; padding-top:10px;\" class=\"hupso-share-buttons\"><!-- Hupso Share Buttons - https:\/\/www.hupso.com\/share\/ --><a class=\"hupso_pop\" href=\"https:\/\/www.hupso.com\/share\/\"><img decoding=\"async\" data-src=\"http:\/\/static.hupso.com\/share\/buttons\/button100x23.png\" style=\"border:0px; width:100; height: 23; \" alt=\"Share Button\" src=\"data:image\/svg+xml;base64,PHN2ZyB3aWR0aD0iMSIgaGVpZ2h0PSIxIiB4bWxucz0iaHR0cDovL3d3dy53My5vcmcvMjAwMC9zdmciPjwvc3ZnPg==\" class=\"lazyload\" \/><\/a><script type=\"text\/javascript\">var hupso_services=new Array(\"Twitter\",\"Facebook\",\"Pinterest\",\"Linkedin\",\"Tumblr\",\"StumbleUpon\",\"Digg\",\"Reddit\",\"Bebo\",\"Delicious\",\"QZone\",\"Renren\",\"Email\");var hupso_icon_type = \"labels\";var hupso_background=\"#3BF8FF\";var hupso_border=\"#FF2B0A\";var hupso_image_folder_url = \"\";var hupso_url=\"\";var hupso_title=\"M%C5%82awa%20stawia%20na%20r%C3%B3%C5%BCnorodno%C5%9B%C4%87.%20Nadchodz%C4%85%20Dni%20M%C5%82awy%202026%3A%20Dwa%20dni%2C%20dwa%20rynki%2C%20kilkana%C5%9Bcie%20powod%C3%B3w%2C%20by%20tam%20by%C4%87\";<\/script><script type=\"text\/javascript\" src=\"http:\/\/static.hupso.com\/share\/js\/share.js\"><\/script><!-- Hupso Share Buttons --><\/div>","protected":false},"excerpt":{"rendered":"<p>Kiedy kalendarz wska\u017ce 11 lipca 2026 roku, M\u0142awa na dwa dni oficjalnie przejmie kulturalne stery w regionie. Organizatorzy Dni M\u0142awy 2026 ods\u0142onili karty, prezentuj\u0105c program, kt\u00f3ry \u2013 bez zb\u0119dnej pruderii&hellip; <\/p>\n<div style=\"padding-bottom:20px; padding-top:10px;\" class=\"hupso-share-buttons\"><!-- Hupso Share Buttons - https:\/\/www.hupso.com\/share\/ --><a class=\"hupso_pop\" href=\"https:\/\/www.hupso.com\/share\/\"><img data-src=\"http:\/\/static.hupso.com\/share\/buttons\/button100x23.png\" style=\"border:0px; width:100; height: 23; \" alt=\"Share Button\" src=\"data:image\/svg+xml;base64,PHN2ZyB3aWR0aD0iMSIgaGVpZ2h0PSIxIiB4bWxucz0iaHR0cDovL3d3dy53My5vcmcvMjAwMC9zdmciPjwvc3ZnPg==\" class=\"lazyload\" \/><\/a><script type=\"text\/javascript\">var hupso_services=new Array(\"Twitter\",\"Facebook\",\"Pinterest\",\"Linkedin\",\"Tumblr\",\"StumbleUpon\",\"Digg\",\"Reddit\",\"Bebo\",\"Delicious\",\"QZone\",\"Renren\",\"Email\");var hupso_icon_type = \"labels\";var hupso_background=\"#3BF8FF\";var hupso_border=\"#FF2B0A\";var hupso_image_folder_url = \"\";var hupso_url=\"\";var hupso_title=\"M%C5%82awa%20stawia%20na%20r%C3%B3%C5%BCnorodno%C5%9B%C4%87.%20Nadchodz%C4%85%20Dni%20M%C5%82awy%202026%3A%20Dwa%20dni%2C%20dwa%20rynki%2C%20kilkana%C5%9Bcie%20powod%C3%B3w%2C%20by%20tam%20by%C4%87\";<\/script><script type=\"text\/javascript\" src=\"http:\/\/static.hupso.com\/share\/js\/share.js\"><\/script><!-- Hupso Share Buttons --><\/div>","protected":false},"author":1,"featured_media":14459,"comment_status":"open","ping_status":"open","sticky":false,"template":"","format":"standard","meta":{"_acf_changed":false,"wprm-recipe-roundup-name":"","wprm-recipe-roundup-description":"","footnotes":""},"categories":[19,3,28,696,6],"tags":[],"class_list":["post-14458","post","type-post","status-publish","format-standard","has-post-thumbnail","hentry","category-aktualnosci","category-kultura","category-wyd","category-zaproszenia","category-zapro-szenia"],"acf":[],"amp_enabled":true,"_links":{"self":[{"href":"http:\/\/portalm\u0142awa.pl\/index.php?rest_route=\/wp\/v2\/posts\/14458","targetHints":{"allow":["GET"]}}],"collection":[{"href":"http:\/\/portalm\u0142awa.pl\/index.php?rest_route=\/wp\/v2\/posts"}],"about":[{"href":"http:\/\/portalm\u0142awa.pl\/index.php?rest_route=\/wp\/v2\/types\/post"}],"author":[{"embeddable":true,"href":"http:\/\/portalm\u0142awa.pl\/index.php?rest_route=\/wp\/v2\/users\/1"}],"replies":[{"embeddable":true,"href":"http:\/\/portalm\u0142awa.pl\/index.php?rest_route=%2Fwp%2Fv2%2Fcomments&post=14458"}],"version-history":[{"count":1,"href":"http:\/\/portalm\u0142awa.pl\/index.php?rest_route=\/wp\/v2\/posts\/14458\/revisions"}],"predecessor-version":[{"id":14460,"href":"http:\/\/portalm\u0142awa.pl\/index.php?rest_route=\/wp\/v2\/posts\/14458\/revisions\/14460"}],"wp:featuredmedia":[{"embeddable":true,"href":"http:\/\/portalm\u0142awa.pl\/index.php?rest_route=\/wp\/v2\/media\/14459"}],"wp:attachment":[{"href":"http:\/\/portalm\u0142awa.pl\/index.php?rest_route=%2Fwp%2Fv2%2Fmedia&parent=14458"}],"wp:term":[{"taxonomy":"category","embeddable":true,"href":"http:\/\/portalm\u0142awa.pl\/index.php?rest_route=%2Fwp%2Fv2%2Fcategories&post=14458"},{"taxonomy":"post_tag","embeddable":true,"href":"http:\/\/portalm\u0142awa.pl\/index.php?rest_route=%2Fwp%2Fv2%2Ftags&post=14458"}],"curies":[{"name":"wp","href":"https:\/\/api.w.org\/{rel}","templated":true}]}}