{"id":14478,"date":"2026-04-15T09:52:21","date_gmt":"2026-04-15T07:52:21","guid":{"rendered":"http:\/\/portalm\u0142awa.pl\/?p=14478"},"modified":"2026-04-15T12:23:42","modified_gmt":"2026-04-15T10:23:42","slug":"miliony-na-drogi-w-regionie-mlawa-w-cieniu-sasiadow-liczby-nie-klamia","status":"publish","type":"post","link":"http:\/\/portalm\u0142awa.pl\/?p=14478","title":{"rendered":"Miliony na drogi w regionie. M\u0142awa w cieniu s\u0105siad\u00f3w? Liczby nie k\u0142ami\u0105"},"content":{"rendered":"<p style=\"text-align: justify;\">Ponad 41 milion\u00f3w z\u0142otych trafi do samorz\u0105d\u00f3w w regionie ciechanowskim. Podpisane umowy w ramach Rz\u0105dowego Funduszu Rozwoju Dr\u00f3g maj\u0105 poprawi\u0107 bezpiecze\u0144stwo, komfort jazdy i jako\u015b\u0107 lokalnej infrastruktury. Brzmi imponuj\u0105co. Ale gdy opadnie kurz po oficjalnych komunikatach, pojawia si\u0119 pytanie: kto naprawd\u0119 zyska\u0142 najwi\u0119cej?<\/p>\n<p style=\"text-align: justify;\">I gdzie w tym wszystkim jest M\u0142awa?<\/p>\n<p style=\"text-align: justify;\"><strong>Liderzy s\u0105 gdzie indziej<\/strong><\/p>\n<p style=\"text-align: justify;\">Najwi\u0119kszym beneficjentem okaza\u0142a si\u0119 \u017buromin. Blisko 14 milion\u00f3w z\u0142otych na rozbudow\u0119 ulicy Lidzbarskiej to inwestycja, kt\u00f3ra realnie zmieni uk\u0142ad komunikacyjny miasta.<\/p>\n<p style=\"text-align: justify;\">Mocno wypada\u00a0<span style=\"color: #2c2f45; font-family: inter; text-indent: -24px;\"><strong><span style=\"font-size: 12pt; line-height: 24px;\">Powiat Pu\u0142tuski\u00a0<\/span><\/strong><\/span><span style=\"color: #2c2f45; font-family: inter; text-indent: -24px;\"><span style=\"font-size: 12pt; line-height: 24px; font-family: 'Times New Roman', serif;\">\u2013<strong>\u00a0<\/strong>umowa na kwot\u0119 8 620 834,79 z\u0142 na drugi etap przebudowy drogi powiatowej nr 3430W na odcinku Koz\u0142\u00f3wka \u2013 Krzemie\u0144 a tak\u017ce <\/span><\/span>\u00a0Ciechan\u00f3w (powiat ciechanowski), gdzie na rozbudow\u0119 drogi Grudusk\u2013\u0141ysakowo przeznaczono ponad 6,6 mln z\u0142. To projekt strategiczny, obejmuj\u0105cy wa\u017cne po\u0142\u0105czenie komunikacyjne.<\/p>\n<p style=\"text-align: justify;\">Wysokie kwoty trafiaj\u0105 r\u00f3wnie\u017c do innych powiat\u00f3w \u2013 Pu\u0142tusk czy P\u0142o\u0144sk inkasuj\u0105 miliony na konkretne odcinki dr\u00f3g.<\/p>\n<p style=\"text-align: justify;\"><strong>A M\u0142awa?<\/strong><\/p>\n<p style=\"text-align: justify;\">Na tym tle M\u0142awa wypada\u2026 skromnie.<\/p>\n<p style=\"text-align: justify;\">Miasto otrzyma\u0142o 2,2 mln z\u0142 na remont Alei Marsza\u0142kowskiej. To wa\u017cna inwestycja lokalna, ale trudno j\u0105 por\u00f3wnywa\u0107 ze skal\u0105 projekt\u00f3w realizowanych u s\u0105siad\u00f3w.<\/p>\n<p style=\"text-align: justify;\">R\u00f3\u017cnica jest wyra\u017ana:<\/p>\n<p style=\"text-align: justify;\">\u017buromin: ~14 mln z\u0142<\/p>\n<p>Pu\u0142tusk (powiat): ponad 8,6 mln z\u0142<\/p>\n<p style=\"text-align: justify;\">Ciechan\u00f3w (powiat): ~6,6 mln z\u0142<\/p>\n<p style=\"text-align: justify;\">M\u0142awa: ~2,2 mln z\u0142<\/p>\n<p style=\"text-align: justify;\">To nie tylko liczby. To r\u00f3\u017cnica w tempie rozwoju infrastruktury. Na ko\u0144cu lista dofinansowania.<\/p>\n<p style=\"text-align: justify;\"><strong>Sukces czy pow\u00f3d do refleksji?<\/strong><\/p>\n<p style=\"text-align: justify;\">W\u0142adze M\u0142awy maj\u0105 si\u0119 czym pochwali\u0107 \u2013 ka\u017cda z\u0142ot\u00f3wka na drogi to realna poprawa bezpiecze\u0144stwa i komfortu mieszka\u0144c\u00f3w. Remont Alei Marsza\u0142kowskiej z pewno\u015bci\u0105 odczuj\u0105 kierowcy i piesi.<\/p>\n<p style=\"text-align: justify;\"><strong>Ale w szerszym kontek\u015bcie trudno nie zada\u0107 pytania:<\/strong><\/p>\n<p style=\"text-align: justify;\"><strong>czy M\u0142awa wykorzystuje sw\u00f3j potencja\u0142 w pe\u0142ni?<\/strong><\/p>\n<p style=\"text-align: justify;\">S\u0105siednie samorz\u0105dy si\u0119gaj\u0105 po wi\u0119ksze \u015brodki i realizuj\u0105 bardziej rozbudowane projekty. To mo\u017ce oznacza\u0107 lepsze przygotowanie inwestycji, skuteczniejsze wnioski\u2026 albo po prostu wi\u0119ksz\u0105 determinacj\u0119.<\/p>\n<p style=\"text-align: justify;\"><strong>Miliony zmieniaj\u0105 region \u2013 ale nier\u00f3wno<\/strong><\/p>\n<p style=\"text-align: justify;\">W skali ca\u0142ego Mazowsza m\u00f3wimy o ponad 319 mln z\u0142 i setkach kilometr\u00f3w dr\u00f3g. To ogromny impuls rozwojowy, kt\u00f3ry ju\u017c w najbli\u017cszych latach zmieni krajobraz komunikacyjny regionu.<\/p>\n<p style=\"text-align: justify;\">Jednak jak pokazuje przyk\u0142ad M\u0142awy, nie wszyscy startuj\u0105 z tej samej pozycji.<\/p>\n<p style=\"text-align: justify;\">Bo w wy\u015bcigu o rozw\u00f3j nie chodzi tylko o to, \u017ceby by\u0107 na li\u015bcie.<\/p>\n<p style=\"text-align: justify;\">Chodzi o to, na kt\u00f3rym miejscu si\u0119 jest.<\/p>\n<p class=\"gwp93e74219_MsoNormal\" style=\"color: #2c2f45; font-family: inter; margin-right: 0cm; margin-bottom: 6pt; margin-left: 0cm; text-align: justify; line-height: 24px;\"><strong>Dofinansowanie w ramach Rz\u0105dowego Funduszu Rozwoju Dr\u00f3g otrzyma\u0142y:<\/strong><\/p>\n<p class=\"gwp93e74219_MsoListParagraphCxSpFirst\" style=\"color: #2c2f45; font-family: inter; margin-right: 0cm; margin-bottom: 6pt; margin-left: 36pt; text-align: justify; text-indent: -18pt; line-height: 24px;\"><b><span style=\"font-size: 12pt; line-height: 24px; font-family: 'Times New Roman', serif;\">1.<span style=\"font-variant-numeric: normal; font-variant-east-asian: normal; font-variant-alternates: normal; font-size-adjust: none; font-kerning: auto; font-optical-sizing: auto; font-feature-settings: normal; font-variation-settings: normal; font-variant-position: normal; font-variant-emoji: normal; font-weight: normal; font-stretch: normal; font-size: 7pt; line-height: normal; font-family: 'Times New Roman';\">\u00a0\u00a0\u00a0\u00a0\u00a0\u00a0<\/span><\/span><\/b><strong>Gmina miejsko-wiejska \u017buromin \u2013\u00a0<\/strong><strong><span style=\"font-size: 12pt; line-height: 24px; font-weight: normal;\">umowa na\u00a0<u>zadanie wieloletnie<\/u><\/span><\/strong><strong>\u00a0<\/strong><span style=\"font-size: 12pt; line-height: 24px; font-family: 'Times New Roman', serif;\">na kwot\u0119 13 976 894,86 z\u0142 na rozbudow\u0119 ulicy Lidzbarskiej w \u017burominie;<\/span><\/p>\n<p class=\"gwp93e74219_MsoListParagraphCxSpMiddle\" style=\"color: #2c2f45; font-family: inter; margin-right: 0cm; margin-bottom: 6pt; margin-left: 36pt; text-align: justify; text-indent: -18pt; line-height: 24px;\"><b><span style=\"font-size: 12pt; line-height: 24px; font-family: 'Times New Roman', serif;\">2.<span style=\"font-variant-numeric: normal; font-variant-east-asian: normal; font-variant-alternates: normal; font-size-adjust: none; font-kerning: auto; font-optical-sizing: auto; font-feature-settings: normal; font-variation-settings: normal; font-variant-position: normal; font-variant-emoji: normal; font-weight: normal; font-stretch: normal; font-size: 7pt; line-height: normal; font-family: 'Times New Roman';\">\u00a0\u00a0\u00a0\u00a0\u00a0\u00a0<\/span><\/span><\/b><strong>Powiat Pu\u0142tuski\u00a0<\/strong><span style=\"font-size: 12pt; line-height: 24px; font-family: 'Times New Roman', serif;\">\u2013<strong>\u00a0<\/strong>umowa na kwot\u0119 8 620 834,79 z\u0142 na drugi etap przebudowy drogi powiatowej nr 3430W na odcinku Koz\u0142\u00f3wka \u2013 Krzemie\u0144;<b><\/b><\/span><\/p>\n<p class=\"gwp93e74219_MsoListParagraphCxSpMiddle\" style=\"color: #2c2f45; font-family: inter; margin-right: 0cm; margin-bottom: 6pt; margin-left: 36pt; text-align: justify; text-indent: -18pt; line-height: 24px;\"><b><span style=\"font-size: 12pt; line-height: 24px; font-family: 'Times New Roman', serif;\">3.<span style=\"font-variant-numeric: normal; font-variant-east-asian: normal; font-variant-alternates: normal; font-size-adjust: none; font-kerning: auto; font-optical-sizing: auto; font-feature-settings: normal; font-variation-settings: normal; font-variant-position: normal; font-variant-emoji: normal; font-weight: normal; font-stretch: normal; font-size: 7pt; line-height: normal; font-family: 'Times New Roman';\">\u00a0\u00a0\u00a0\u00a0\u00a0\u00a0<\/span><\/span><\/b><strong>Powiat Ciechanowski\u00a0<\/strong><span style=\"font-size: 12pt; line-height: 24px; font-family: 'Times New Roman', serif;\">\u2013<strong>\u00a0<\/strong>umowa na kwot\u0119 6\u00a0646 048,03 z\u0142 na pierwszy etap rozbudowy drogi powiatowej nr 1206W Grudusk \u2013 \u0141ysakowo;<b><\/b><\/span><\/p>\n<p class=\"gwp93e74219_MsoListParagraphCxSpMiddle\" style=\"color: #2c2f45; font-family: inter; margin-right: 0cm; margin-bottom: 6pt; margin-left: 36pt; text-align: justify; text-indent: -18pt; line-height: 24px;\"><b><span style=\"font-size: 12pt; line-height: 24px; font-family: 'Times New Roman', serif;\">4.<span style=\"font-variant-numeric: normal; font-variant-east-asian: normal; font-variant-alternates: normal; font-size-adjust: none; font-kerning: auto; font-optical-sizing: auto; font-feature-settings: normal; font-variation-settings: normal; font-variant-position: normal; font-variant-emoji: normal; font-weight: normal; font-stretch: normal; font-size: 7pt; line-height: normal; font-family: 'Times New Roman';\">\u00a0\u00a0\u00a0\u00a0\u00a0\u00a0<\/span><\/span><\/b><b><span style=\"font-size: 12pt; line-height: 24px; font-family: 'Times New Roman', serif;\">Gmina miejska M\u0142awa\u00a0<\/span><\/b><span style=\"font-size: 12pt; line-height: 24px; font-family: 'Times New Roman', serif;\">\u2013<\/span><b><span style=\"font-size: 12pt; line-height: 24px; font-family: 'Times New Roman', serif;\">\u00a0<\/span><\/b><span style=\"font-size: 12pt; line-height: 24px; font-family: 'Times New Roman', serif;\">umowa na kwot\u0119 2 225 834,55 z\u0142 na remont Alei Marsza\u0142kowskiej w M\u0142awie;<\/span><b><\/b><\/p>\n<p class=\"gwp93e74219_MsoListParagraphCxSpMiddle\" style=\"color: #2c2f45; font-family: inter; margin-right: 0cm; margin-bottom: 6pt; margin-left: 36pt; text-align: justify; text-indent: -18pt; line-height: 24px;\"><b><span style=\"font-size: 12pt; line-height: 24px; font-family: 'Times New Roman', serif;\">5.<span style=\"font-variant-numeric: normal; font-variant-east-asian: normal; font-variant-alternates: normal; font-size-adjust: none; font-kerning: auto; font-optical-sizing: auto; font-feature-settings: normal; font-variation-settings: normal; font-variant-position: normal; font-variant-emoji: normal; font-weight: normal; font-stretch: normal; font-size: 7pt; line-height: normal; font-family: 'Times New Roman';\">\u00a0\u00a0\u00a0\u00a0\u00a0\u00a0<\/span><\/span><\/b><b><span style=\"font-size: 12pt; line-height: 24px; font-family: 'Times New Roman', serif;\">Gmina wiejska Pokrzywnica\u00a0<\/span><\/b><span style=\"font-size: 12pt; line-height: 24px; font-family: 'Times New Roman', serif;\">\u2013<\/span><b><span style=\"font-size: 12pt; line-height: 24px; font-family: 'Times New Roman', serif;\">\u00a0<\/span><\/b><span style=\"font-size: 12pt; line-height: 24px; font-family: 'Times New Roman', serif;\">umowa na kwot\u0119 1 709 440,26 z\u0142 na przebudow\u0119 drogi gminnej Dzier\u017cenin \u2013 Trzepowo.<\/span><b><\/b><\/p>\n<p class=\"gwp93e74219_MsoListParagraphCxSpMiddle\" style=\"color: #2c2f45; font-family: inter; margin-right: 0cm; margin-bottom: 6pt; margin-left: 36pt; text-align: justify; text-indent: -18pt; line-height: 24px;\"><b><span style=\"font-size: 12pt; line-height: 24px; font-family: 'Times New Roman', serif;\">6.<span style=\"font-variant-numeric: normal; font-variant-east-asian: normal; font-variant-alternates: normal; font-size-adjust: none; font-kerning: auto; font-optical-sizing: auto; font-feature-settings: normal; font-variation-settings: normal; font-variant-position: normal; font-variant-emoji: normal; font-weight: normal; font-stretch: normal; font-size: 7pt; line-height: normal; font-family: 'Times New Roman';\">\u00a0\u00a0\u00a0\u00a0\u00a0\u00a0<\/span><\/span><\/b><strong>Powiat P\u0142o\u0144ski\u00a0<\/strong><span style=\"font-size: 12pt; line-height: 24px; font-family: 'Times New Roman', serif;\">\u2013<strong>\u00a0<\/strong>umowa na kwot\u0119 1 681 550,13 z\u0142 na remont odcink\u00f3w dr\u00f3g powiatowych nr 2998W Drobin \u2013 Gralewo \u2013 Mystkowo oraz nr 3042W Sochocin \u2013 Kondrajec \u2013 Karolinowo;<b><\/b><\/span><\/p>\n<p class=\"gwp93e74219_MsoListParagraphCxSpMiddle\" style=\"color: #2c2f45; font-family: inter; margin-right: 0cm; margin-bottom: 6pt; margin-left: 36pt; text-align: justify; text-indent: -18pt; line-height: 24px;\"><b><span style=\"font-size: 12pt; line-height: 24px; font-family: 'Times New Roman', serif;\">7.<span style=\"font-variant-numeric: normal; font-variant-east-asian: normal; font-variant-alternates: normal; font-size-adjust: none; font-kerning: auto; font-optical-sizing: auto; font-feature-settings: normal; font-variation-settings: normal; font-variant-position: normal; font-variant-emoji: normal; font-weight: normal; font-stretch: normal; font-size: 7pt; line-height: normal; font-family: 'Times New Roman';\">\u00a0\u00a0\u00a0\u00a0\u00a0\u00a0<\/span><\/span><\/b><b><span style=\"font-size: 12pt; line-height: 24px; font-family: 'Times New Roman', serif;\">Gmina wiejska Baboszewo\u00a0<\/span><\/b><span style=\"font-size: 12pt; line-height: 24px; font-family: 'Times New Roman', serif;\">\u2013<b>\u00a0<\/b>umowa na kwot\u0119 1 587 531,33 z\u0142 na budow\u0119 drogi gminnej nr 300148W relacji Baboszewo \u2013 Cieszkowo Stare;<b><\/b><\/span><\/p>\n<p class=\"gwp93e74219_MsoListParagraphCxSpMiddle\" style=\"color: #2c2f45; font-family: inter; margin-right: 0cm; margin-bottom: 6pt; margin-left: 36pt; text-align: justify; text-indent: -18pt; line-height: 24px;\"><b><span style=\"font-size: 12pt; line-height: 24px; font-family: 'Times New Roman', serif;\">8.<span style=\"font-variant-numeric: normal; font-variant-east-asian: normal; font-variant-alternates: normal; font-size-adjust: none; font-kerning: auto; font-optical-sizing: auto; font-feature-settings: normal; font-variation-settings: normal; font-variant-position: normal; font-variant-emoji: normal; font-weight: normal; font-stretch: normal; font-size: 7pt; line-height: normal; font-family: 'Times New Roman';\">\u00a0\u00a0\u00a0\u00a0\u00a0\u00a0<\/span><\/span><\/b><b><span style=\"font-size: 12pt; line-height: 24px; font-family: 'Times New Roman', serif;\">Gmina wiejska Wieczfnia Ko\u015bcielna\u00a0<\/span><\/b><span style=\"font-size: 12pt; line-height: 24px; font-family: 'Times New Roman', serif;\">\u2013<b>\u00a0<\/b>umowa na kwot\u0119 1 558 896,97 z\u0142 na rozbudow\u0119 drogi gminnej nr 230902W w Pep\u0142owie;<b><\/b><\/span><\/p>\n<p class=\"gwp93e74219_MsoListParagraphCxSpMiddle\" style=\"color: #2c2f45; font-family: inter; margin-right: 0cm; margin-bottom: 6pt; margin-left: 36pt; text-align: justify; text-indent: -18pt; line-height: 24px;\"><b><span style=\"font-size: 12pt; line-height: 24px; font-family: 'Times New Roman', serif;\">9.<span style=\"font-variant-numeric: normal; font-variant-east-asian: normal; font-variant-alternates: normal; font-size-adjust: none; font-kerning: auto; font-optical-sizing: auto; font-feature-settings: normal; font-variation-settings: normal; font-variant-position: normal; font-variant-emoji: normal; font-weight: normal; font-stretch: normal; font-size: 7pt; line-height: normal; font-family: 'Times New Roman';\">\u00a0\u00a0\u00a0\u00a0\u00a0\u00a0<\/span><\/span><\/b><b><span style=\"font-size: 12pt; line-height: 24px; font-family: 'Times New Roman', serif;\">Gmina miejska P\u0142o\u0144sk\u00a0<\/span><\/b><span style=\"font-size: 12pt; line-height: 24px; font-family: 'Times New Roman', serif;\">\u2013<\/span><b><span style=\"font-size: 12pt; line-height: 24px; font-family: 'Times New Roman', serif;\">\u00a0<\/span><\/b><span style=\"font-size: 12pt; line-height: 24px; font-family: 'Times New Roman', serif;\">umowa na kwot\u0119 1 252 245,93 z\u0142 na remont ulic 1 Maja i\u00a0Wojska Polskiego w P\u0142o\u0144sku;<\/span><b><\/b><\/p>\n<p class=\"gwp93e74219_MsoListParagraphCxSpMiddle\" style=\"color: #2c2f45; font-family: inter; margin-right: 0cm; margin-bottom: 6pt; margin-left: 36pt; text-align: justify; text-indent: -18pt; line-height: 24px;\"><b><span style=\"font-size: 12pt; line-height: 24px; font-family: 'Times New Roman', serif;\">10.<span style=\"font-variant-numeric: normal; font-variant-east-asian: normal; font-variant-alternates: normal; font-size-adjust: none; font-kerning: auto; font-optical-sizing: auto; font-feature-settings: normal; font-variation-settings: normal; font-variant-position: normal; font-variant-emoji: normal; font-weight: normal; font-stretch: normal; font-size: 7pt; line-height: normal; font-family: 'Times New Roman';\">\u00a0\u00a0<\/span><\/span><\/b><b><span style=\"font-size: 12pt; line-height: 24px; font-family: 'Times New Roman', serif;\">Gmina wiejska P\u0142o\u0144sk<\/span><\/b><span style=\"font-size: 12pt; line-height: 24px; font-family: 'Times New Roman', serif;\">\u00a0<\/span><span style=\"font-size: 12pt; line-height: 24px; font-family: 'Times New Roman', serif;\">\u2013 umowa na kwot\u0119\u00a0<\/span><span style=\"font-size: 12pt; line-height: 24px; font-family: 'Times New Roman', serif;\">1 159 968,72 z\u0142 na remont drogi gminnej nr 300724W w miejscowo\u015bci Je\u017cewo-Bogus\u0142awice i Cempkowo;<\/span><\/p>\n<p class=\"gwp93e74219_MsoListParagraphCxSpMiddle\" style=\"color: #2c2f45; font-family: inter; margin-right: 0cm; margin-bottom: 6pt; margin-left: 36pt; text-align: justify; text-indent: -18pt; line-height: 24px;\"><b><span style=\"font-size: 12pt; line-height: 24px; font-family: 'Times New Roman', serif;\">11.<span style=\"font-variant-numeric: normal; font-variant-east-asian: normal; font-variant-alternates: normal; font-size-adjust: none; font-kerning: auto; font-optical-sizing: auto; font-feature-settings: normal; font-variation-settings: normal; font-variant-position: normal; font-variant-emoji: normal; font-weight: normal; font-stretch: normal; font-size: 7pt; line-height: normal; font-family: 'Times New Roman';\">\u00a0\u00a0<\/span><\/span><\/b><b><span style=\"font-size: 12pt; line-height: 24px; font-family: 'Times New Roman', serif;\">Gmina miejsko-wiejska Czerwi\u0144sk Nad Wis\u0142\u0105\u00a0<\/span><\/b><span style=\"font-size: 12pt; line-height: 24px; font-family: 'Times New Roman', serif;\">\u2013<\/span><b><span style=\"font-size: 12pt; line-height: 24px; font-family: 'Times New Roman', serif;\">\u00a0<\/span><\/b><span style=\"font-size: 12pt; line-height: 24px; font-family: 'Times New Roman', serif;\">umowa na kwot\u0119 641 480,42 z\u0142 na remont ulicy W\u0142adys\u0142awa Jagie\u0142\u0142y w Czerwi\u0144sku nad Wis\u0142\u0105;<\/span><b><\/b><\/p>\n<p class=\"gwp93e74219_MsoListParagraphCxSpLast\" style=\"color: #2c2f45; font-family: inter; margin-right: 0cm; margin-bottom: 6pt; margin-left: 36pt; text-align: justify; text-indent: -18pt; line-height: 24px;\"><b><span style=\"font-size: 12pt; line-height: 24px; font-family: 'Times New Roman', serif;\">12.<span style=\"font-variant-numeric: normal; font-variant-east-asian: normal; font-variant-alternates: normal; font-size-adjust: none; font-kerning: auto; font-optical-sizing: auto; font-feature-settings: normal; font-variation-settings: normal; font-variant-position: normal; font-variant-emoji: normal; font-weight: normal; font-stretch: normal; font-size: 7pt; line-height: normal; font-family: 'Times New Roman';\">\u00a0\u00a0<\/span><\/span><\/b><b><span style=\"font-size: 12pt; line-height: 24px; font-family: 'Times New Roman', serif;\">Gmina wiejska So\u0144sk\u00a0<\/span><\/b><span style=\"font-size: 12pt; line-height: 24px; font-family: 'Times New Roman', serif;\">\u2013<\/span><b><span style=\"font-size: 12pt; line-height: 24px; font-family: 'Times New Roman', serif;\">\u00a0<\/span><\/b><span style=\"font-size: 12pt; line-height: 24px; font-family: 'Times New Roman', serif;\">umowa na kwot\u0119 339 747,80 z\u0142 na rozbudow\u0119 drogi gminnej nr 120919W M\u0119\u017cenino \u2013 Nasierowo;<\/span><\/p>\n<p style=\"text-align: justify;\">Szczeg\u00f3\u0142owa za\u015b lista zada\u0144 dost\u0119pna jest pod adresem:<br \/>\n<a href=\"https:\/\/www.gov.pl\/web\/uw-mazowiecki\/lista-zadan-rekomendowanych-do-dofinansowania-w-ramach-rfrd-2026-nabor-z-29072025-r-lista-zmieniona-nr-1-z-30032025-r\">https:\/\/www.gov.pl\/web\/uw-mazowiecki\/lista-zadan-rekomendowanych-do-dofinansowania-w-ramach-rfrd-2026-nabor-z-29072025-r-lista-zmieniona-nr-1-z-30032025-r<\/a><\/p>\n<p>T. B.<\/p>\n<p style=\"box-sizing: border-box; margin-top: 0px; margin-bottom: 15px; color: #555555; font-family: Roboto, sans-serif; font-size: 15px; text-align: justify;\">KOMENTARZE<\/p>\n<p style=\"box-sizing: border-box; margin-top: 0px; margin-bottom: 15px; color: #555555; font-family: Roboto, sans-serif; font-size: 15px; text-align: justify;\">Wydawca portalu nie ponosi odpowiedzialno\u015bci za tre\u015b\u0107 komentarzy zamieszczanych przez u\u017cytkownik\u00f3w. Osoby zamieszczaj\u0105ce wypowiedzi naruszaj\u0105ce prawo lub prawem chronione dobra os\u00f3b trzecich mog\u0105 ponie\u015b\u0107 z tego tytu\u0142u odpowiedzialno\u015b\u0107 karn\u0105 lub cywiln\u0105.JEDNOCZE\u015aNIE UZYTKOWNICY ZAMIESZCZAJ\u0104C KOMENTARZ OSWIADCZAJ\u0104, \u017bE BIOR\u0104 PE\u0141N\u0104 ODPOWIEDZIALNO\u015a\u0106 ZA TRE\u015aCI UMIESZCZONE PRZEZ SIEBIE<\/p>\n<div style=\"padding-bottom:20px; padding-top:10px;\" class=\"hupso-share-buttons\"><!-- Hupso Share Buttons - https:\/\/www.hupso.com\/share\/ --><a class=\"hupso_pop\" href=\"https:\/\/www.hupso.com\/share\/\"><img decoding=\"async\" data-src=\"http:\/\/static.hupso.com\/share\/buttons\/button100x23.png\" style=\"border:0px; width:100; height: 23; \" alt=\"Share Button\" src=\"data:image\/svg+xml;base64,PHN2ZyB3aWR0aD0iMSIgaGVpZ2h0PSIxIiB4bWxucz0iaHR0cDovL3d3dy53My5vcmcvMjAwMC9zdmciPjwvc3ZnPg==\" class=\"lazyload\" \/><\/a><script type=\"text\/javascript\">var hupso_services=new Array(\"Twitter\",\"Facebook\",\"Pinterest\",\"Linkedin\",\"Tumblr\",\"StumbleUpon\",\"Digg\",\"Reddit\",\"Bebo\",\"Delicious\",\"QZone\",\"Renren\",\"Email\");var hupso_icon_type = \"labels\";var hupso_background=\"#3BF8FF\";var hupso_border=\"#FF2B0A\";var hupso_image_folder_url = \"\";var hupso_url=\"\";var hupso_title=\"Miliony%20na%20drogi%20w%20regionie.%20M%C5%82awa%20w%20cieniu%20s%C4%85siad%C3%B3w%3F%20Liczby%20nie%20k%C5%82ami%C4%85\";<\/script><script type=\"text\/javascript\" src=\"http:\/\/static.hupso.com\/share\/js\/share.js\"><\/script><!-- Hupso Share Buttons --><\/div>","protected":false},"excerpt":{"rendered":"<p>Ponad 41 milion\u00f3w z\u0142otych trafi do samorz\u0105d\u00f3w w regionie ciechanowskim. Podpisane umowy w ramach Rz\u0105dowego Funduszu Rozwoju Dr\u00f3g maj\u0105 poprawi\u0107 bezpiecze\u0144stwo, komfort jazdy i jako\u015b\u0107 lokalnej infrastruktury. Brzmi imponuj\u0105co. Ale&hellip; <\/p>\n<div style=\"padding-bottom:20px; padding-top:10px;\" class=\"hupso-share-buttons\"><!-- Hupso Share Buttons - https:\/\/www.hupso.com\/share\/ --><a class=\"hupso_pop\" href=\"https:\/\/www.hupso.com\/share\/\"><img data-src=\"http:\/\/static.hupso.com\/share\/buttons\/button100x23.png\" style=\"border:0px; width:100; height: 23; \" alt=\"Share Button\" src=\"data:image\/svg+xml;base64,PHN2ZyB3aWR0aD0iMSIgaGVpZ2h0PSIxIiB4bWxucz0iaHR0cDovL3d3dy53My5vcmcvMjAwMC9zdmciPjwvc3ZnPg==\" class=\"lazyload\" \/><\/a><script type=\"text\/javascript\">var hupso_services=new Array(\"Twitter\",\"Facebook\",\"Pinterest\",\"Linkedin\",\"Tumblr\",\"StumbleUpon\",\"Digg\",\"Reddit\",\"Bebo\",\"Delicious\",\"QZone\",\"Renren\",\"Email\");var hupso_icon_type = \"labels\";var hupso_background=\"#3BF8FF\";var hupso_border=\"#FF2B0A\";var hupso_image_folder_url = \"\";var hupso_url=\"\";var hupso_title=\"Miliony%20na%20drogi%20w%20regionie.%20M%C5%82awa%20w%20cieniu%20s%C4%85siad%C3%B3w%3F%20Liczby%20nie%20k%C5%82ami%C4%85\";<\/script><script type=\"text\/javascript\" src=\"http:\/\/static.hupso.com\/share\/js\/share.js\"><\/script><!-- Hupso Share Buttons --><\/div>","protected":false},"author":1,"featured_media":14479,"comment_status":"open","ping_status":"open","sticky":false,"template":"","format":"standard","meta":{"_acf_changed":false,"wprm-recipe-roundup-name":"","wprm-recipe-roundup-description":"","footnotes":""},"categories":[19,28],"tags":[],"class_list":["post-14478","post","type-post","status-publish","format-standard","has-post-thumbnail","hentry","category-aktualnosci","category-wyd"],"acf":[],"amp_enabled":true,"_links":{"self":[{"href":"http:\/\/portalm\u0142awa.pl\/index.php?rest_route=\/wp\/v2\/posts\/14478","targetHints":{"allow":["GET"]}}],"collection":[{"href":"http:\/\/portalm\u0142awa.pl\/index.php?rest_route=\/wp\/v2\/posts"}],"about":[{"href":"http:\/\/portalm\u0142awa.pl\/index.php?rest_route=\/wp\/v2\/types\/post"}],"author":[{"embeddable":true,"href":"http:\/\/portalm\u0142awa.pl\/index.php?rest_route=\/wp\/v2\/users\/1"}],"replies":[{"embeddable":true,"href":"http:\/\/portalm\u0142awa.pl\/index.php?rest_route=%2Fwp%2Fv2%2Fcomments&post=14478"}],"version-history":[{"count":6,"href":"http:\/\/portalm\u0142awa.pl\/index.php?rest_route=\/wp\/v2\/posts\/14478\/revisions"}],"predecessor-version":[{"id":14488,"href":"http:\/\/portalm\u0142awa.pl\/index.php?rest_route=\/wp\/v2\/posts\/14478\/revisions\/14488"}],"wp:featuredmedia":[{"embeddable":true,"href":"http:\/\/portalm\u0142awa.pl\/index.php?rest_route=\/wp\/v2\/media\/14479"}],"wp:attachment":[{"href":"http:\/\/portalm\u0142awa.pl\/index.php?rest_route=%2Fwp%2Fv2%2Fmedia&parent=14478"}],"wp:term":[{"taxonomy":"category","embeddable":true,"href":"http:\/\/portalm\u0142awa.pl\/index.php?rest_route=%2Fwp%2Fv2%2Fcategories&post=14478"},{"taxonomy":"post_tag","embeddable":true,"href":"http:\/\/portalm\u0142awa.pl\/index.php?rest_route=%2Fwp%2Fv2%2Ftags&post=14478"}],"curies":[{"name":"wp","href":"https:\/\/api.w.org\/{rel}","templated":true}]}}