{"id":14565,"date":"2026-04-19T08:19:10","date_gmt":"2026-04-19T06:19:10","guid":{"rendered":"http:\/\/portalm\u0142awa.pl\/?p=14565"},"modified":"2026-04-19T08:22:36","modified_gmt":"2026-04-19T06:22:36","slug":"14565","status":"publish","type":"post","link":"http:\/\/portalm\u0142awa.pl\/?p=14565","title":{"rendered":"Pami\u0119\u0107, kt\u00f3rej nie wolno zgubi\u0107. W M\u0142awie historia Katynia wybrzmia\u0142a w ciszy i skupieniu"},"content":{"rendered":"<p style=\"text-align: justify;\">Nie by\u0142o tu wielkich scen ani patosu. By\u0142a za to cisza, skupione spojrzenia i historia, kt\u00f3rej nie da si\u0119 s\u0142ucha\u0107 oboj\u0119tnie.<\/p>\n<p style=\"text-align: justify;\">17 kwietnia biblioteka Szko\u0142y Podstawowej nr 1 w M\u0142awie zamieni\u0142a si\u0119 w przestrze\u0144 \u017cywej pami\u0119ci. Z okazji \u015awiatowego Dnia Pami\u0119ci Ofiar Zbrodni Katy\u0144skiej odby\u0142a si\u0119 wyj\u0105tkowa lekcja patriotyzmu pod has\u0142em \u201eKaty\u0144 \u2013 ocali\u0107 od zapomnienia\u201d. To nie by\u0142a zwyk\u0142a szkolna prelekcja. To by\u0142o spotkanie z histori\u0105, kt\u00f3ra wci\u0105\u017c boli.<\/p>\n<p style=\"text-align: justify;\">Go\u015bciem wydarzenia by\u0142 Jan Doma\u0144ski \u2013 historyk, regionalista i przedstawiciel Stowarzyszenia Rodzina Katy\u0144ska w Olsztynie. Cz\u0142owiek, kt\u00f3ry nie tylko opowiada o przesz\u0142o\u015bci, ale niesie j\u0105 w sobie \u2013 tak\u017ce jako cz\u0119\u015b\u0107 rodzinnej historii.<\/p>\n<p style=\"text-align: justify;\">Uczniowie klas 6b i 7b s\u0142uchali opowie\u015bci o II wojnie \u015bwiatowej, o dramatycznych decyzjach i ich tragicznych konsekwencjach. W prosty, ale niezwykle przejmuj\u0105cy spos\u00f3b wyja\u015bnione zosta\u0142y kulisy wyw\u00f3zek polskich oficer\u00f3w do oboz\u00f3w w Katyniu, Kozielsku, Ostaszkowie, Starobielsku czy Miednoje. Miejsc, kt\u00f3re dzi\u015b s\u0105 symbolem jednej z najbardziej bolesnych kart polskiej historii.<\/p>\n<p style=\"text-align: justify;\">Tu nie by\u0142o miejsca na niedopowiedzenia.<\/p>\n<p style=\"text-align: justify;\">Pad\u0142y konkretne s\u0142owa: egzekucje, strza\u0142 w ty\u0142 g\u0142owy, rozkaz wydany przez aparat sowieckiego pa\u0144stwa. Zbrodnia, kt\u00f3ra przez lata by\u0142a zak\u0142amywana, dzi\u015b wybrzmia\u0142a jasno \u2013 tak\u017ce dzi\u0119ki osobistym w\u0105tkom. Go\u015b\u0107 spotkania m\u00f3wi\u0142 bowiem nie tylko jako historyk, ale r\u00f3wnie\u017c jako kto\u015b, kto straci\u0142 bliskich \u2013 ojca i stryja, ofiary tej tragedii.<\/p>\n<p style=\"text-align: justify;\">Najwi\u0119ksze wra\u017cenie zrobi\u0142y jednak nie tylko s\u0142owa, ale przedmioty.<\/p>\n<p style=\"text-align: justify;\">Na sto\u0142ach pojawi\u0142y si\u0119 autentyczne pami\u0105tki \u2013 odznaczenia wojskowe, rodzinne relikwie, ksi\u0105\u017cki, a tak\u017ce replika guzika odnalezionego w Katyniu. Niewielki przedmiot, kt\u00f3ry sta\u0142 si\u0119 symbolem pami\u0119ci o tych, kt\u00f3rzy nigdy nie wr\u00f3cili. Szczeg\u00f3lnym momentem by\u0142a tak\u017ce prezentacja listy zamordowanych z M\u0142awy i powiatu m\u0142awskiego \u2013 nazwisk, kt\u00f3re dla wielu mog\u0142y brzmie\u0107 znajomo. Historia nagle przesta\u0142a by\u0107 odleg\u0142a. Sta\u0142a si\u0119 lokalna. Bliska.<\/p>\n<p style=\"text-align: justify;\">Reakcja uczni\u00f3w m\u00f3wi\u0142a wszystko.<\/p>\n<p style=\"text-align: justify;\">Nie by\u0142o rozproszenia, nie by\u0142o znudzenia. By\u0142o skupienie, pytania i autentyczne zainteresowanie. Dla wielu z nich by\u0142a to pierwsza tak bezpo\u015brednia konfrontacja z tematem zbrodni katy\u0144skiej \u2013 nie jako daty w podr\u0119czniku, ale jako realnej tragedii ludzi z krwi i ko\u015bci.<\/p>\n<p style=\"text-align: justify;\">Na zako\u0144czenie wybrzmia\u0142y brawa. D\u0142ugie, szczere. Uczniowie podzi\u0119kowali go\u015bciowi, wr\u0119czaj\u0105c symboliczny bukiet r\u00f3\u017c oraz podzi\u0119kowanie od spo\u0142eczno\u015bci szkolnej. Gest prosty, ale pe\u0142en znaczenia.<\/p>\n<p style=\"text-align: justify;\">Bo pami\u0119\u0107 nie jest dana raz na zawsze.<\/p>\n<p style=\"text-align: justify;\">To spotkanie \u2013 przygotowane przez nauczycieli: Agnieszk\u0119 Wysock\u0105, Dorot\u0119 Tadrzy\u0144sk\u0105 oraz Andrzeja Mielcarka \u2013 pokaza\u0142o, \u017ce mo\u017cna j\u0105 piel\u0119gnowa\u0107 w spos\u00f3b \u017cywy, autentyczny i poruszaj\u0105cy. Taki, kt\u00f3ry zostaje w g\u0142owie na d\u0142ugo po zako\u0144czeniu lekcji.<\/p>\n<p style=\"text-align: justify;\">A mo\u017ce w\u0142a\u015bnie na ca\u0142e \u017cycie.<\/p>\n<p style=\"text-align: justify;\">Nades\u0142ane oprac.T B fot SP 1<\/p>\n<p style=\"box-sizing: border-box; margin-top: 0px; margin-bottom: 15px; color: #555555; font-family: Roboto, sans-serif; font-size: 15px; text-align: justify;\">KOMENTARZE<\/p>\n<p style=\"box-sizing: border-box; margin-top: 0px; margin-bottom: 15px; color: #555555; font-family: Roboto, sans-serif; font-size: 15px; text-align: justify;\">Wydawca portalu nie ponosi odpowiedzialno\u015bci za tre\u015b\u0107 komentarzy zamieszczanych przez u\u017cytkownik\u00f3w. Osoby zamieszczaj\u0105ce wypowiedzi naruszaj\u0105ce prawo lub prawem chronione dobra os\u00f3b trzecich mog\u0105 ponie\u015b\u0107 z tego tytu\u0142u odpowiedzialno\u015b\u0107 karn\u0105 lub cywiln\u0105.JEDNOCZE\u015aNIE UZYTKOWNICY ZAMIESZCZAJ\u0104C KOMENTARZ OSWIADCZAJ\u0104, \u017bE BIOR\u0104 PE\u0141N\u0104 ODPOWIEDZIALNO\u015a\u0106 ZA TRE\u015aCI UMIESZCZONE PRZEZ SIEBIE<\/p>\n<div style=\"padding-bottom:20px; padding-top:10px;\" class=\"hupso-share-buttons\"><!-- Hupso Share Buttons - https:\/\/www.hupso.com\/share\/ --><a class=\"hupso_pop\" href=\"https:\/\/www.hupso.com\/share\/\"><img decoding=\"async\" data-src=\"http:\/\/static.hupso.com\/share\/buttons\/button100x23.png\" style=\"border:0px; width:100; height: 23; \" alt=\"Share Button\" src=\"data:image\/svg+xml;base64,PHN2ZyB3aWR0aD0iMSIgaGVpZ2h0PSIxIiB4bWxucz0iaHR0cDovL3d3dy53My5vcmcvMjAwMC9zdmciPjwvc3ZnPg==\" class=\"lazyload\" \/><\/a><script type=\"text\/javascript\">var hupso_services=new Array(\"Twitter\",\"Facebook\",\"Pinterest\",\"Linkedin\",\"Tumblr\",\"StumbleUpon\",\"Digg\",\"Reddit\",\"Bebo\",\"Delicious\",\"QZone\",\"Renren\",\"Email\");var hupso_icon_type = \"labels\";var hupso_background=\"#3BF8FF\";var hupso_border=\"#FF2B0A\";var hupso_image_folder_url = \"\";var hupso_url=\"\";var hupso_title=\"Pami%C4%99%C4%87%2C%20kt%C3%B3rej%20nie%20wolno%20zgubi%C4%87.%20W%20M%C5%82awie%20historia%20Katynia%20wybrzmia%C5%82a%20w%20ciszy%20i%20skupieniu\";<\/script><script type=\"text\/javascript\" src=\"http:\/\/static.hupso.com\/share\/js\/share.js\"><\/script><!-- Hupso Share Buttons --><\/div>","protected":false},"excerpt":{"rendered":"<p>Nie by\u0142o tu wielkich scen ani patosu. By\u0142a za to cisza, skupione spojrzenia i historia, kt\u00f3rej nie da si\u0119 s\u0142ucha\u0107 oboj\u0119tnie. 17 kwietnia biblioteka Szko\u0142y Podstawowej nr 1 w M\u0142awie&hellip; <\/p>\n<div style=\"padding-bottom:20px; padding-top:10px;\" class=\"hupso-share-buttons\"><!-- Hupso Share Buttons - https:\/\/www.hupso.com\/share\/ --><a class=\"hupso_pop\" href=\"https:\/\/www.hupso.com\/share\/\"><img data-src=\"http:\/\/static.hupso.com\/share\/buttons\/button100x23.png\" style=\"border:0px; width:100; height: 23; \" alt=\"Share Button\" src=\"data:image\/svg+xml;base64,PHN2ZyB3aWR0aD0iMSIgaGVpZ2h0PSIxIiB4bWxucz0iaHR0cDovL3d3dy53My5vcmcvMjAwMC9zdmciPjwvc3ZnPg==\" class=\"lazyload\" \/><\/a><script type=\"text\/javascript\">var hupso_services=new Array(\"Twitter\",\"Facebook\",\"Pinterest\",\"Linkedin\",\"Tumblr\",\"StumbleUpon\",\"Digg\",\"Reddit\",\"Bebo\",\"Delicious\",\"QZone\",\"Renren\",\"Email\");var hupso_icon_type = \"labels\";var hupso_background=\"#3BF8FF\";var hupso_border=\"#FF2B0A\";var hupso_image_folder_url = \"\";var hupso_url=\"\";var hupso_title=\"Pami%C4%99%C4%87%2C%20kt%C3%B3rej%20nie%20wolno%20zgubi%C4%87.%20W%20M%C5%82awie%20historia%20Katynia%20wybrzmia%C5%82a%20w%20ciszy%20i%20skupieniu\";<\/script><script type=\"text\/javascript\" src=\"http:\/\/static.hupso.com\/share\/js\/share.js\"><\/script><!-- Hupso Share Buttons --><\/div>","protected":false},"author":1,"featured_media":14566,"comment_status":"open","ping_status":"open","sticky":false,"template":"","format":"standard","meta":{"_acf_changed":false,"wprm-recipe-roundup-name":"","wprm-recipe-roundup-description":"","footnotes":""},"categories":[19,3,28],"tags":[],"class_list":["post-14565","post","type-post","status-publish","format-standard","has-post-thumbnail","hentry","category-aktualnosci","category-kultura","category-wyd"],"acf":[],"amp_enabled":true,"_links":{"self":[{"href":"http:\/\/portalm\u0142awa.pl\/index.php?rest_route=\/wp\/v2\/posts\/14565","targetHints":{"allow":["GET"]}}],"collection":[{"href":"http:\/\/portalm\u0142awa.pl\/index.php?rest_route=\/wp\/v2\/posts"}],"about":[{"href":"http:\/\/portalm\u0142awa.pl\/index.php?rest_route=\/wp\/v2\/types\/post"}],"author":[{"embeddable":true,"href":"http:\/\/portalm\u0142awa.pl\/index.php?rest_route=\/wp\/v2\/users\/1"}],"replies":[{"embeddable":true,"href":"http:\/\/portalm\u0142awa.pl\/index.php?rest_route=%2Fwp%2Fv2%2Fcomments&post=14565"}],"version-history":[{"count":2,"href":"http:\/\/portalm\u0142awa.pl\/index.php?rest_route=\/wp\/v2\/posts\/14565\/revisions"}],"predecessor-version":[{"id":14568,"href":"http:\/\/portalm\u0142awa.pl\/index.php?rest_route=\/wp\/v2\/posts\/14565\/revisions\/14568"}],"wp:featuredmedia":[{"embeddable":true,"href":"http:\/\/portalm\u0142awa.pl\/index.php?rest_route=\/wp\/v2\/media\/14566"}],"wp:attachment":[{"href":"http:\/\/portalm\u0142awa.pl\/index.php?rest_route=%2Fwp%2Fv2%2Fmedia&parent=14565"}],"wp:term":[{"taxonomy":"category","embeddable":true,"href":"http:\/\/portalm\u0142awa.pl\/index.php?rest_route=%2Fwp%2Fv2%2Fcategories&post=14565"},{"taxonomy":"post_tag","embeddable":true,"href":"http:\/\/portalm\u0142awa.pl\/index.php?rest_route=%2Fwp%2Fv2%2Ftags&post=14565"}],"curies":[{"name":"wp","href":"https:\/\/api.w.org\/{rel}","templated":true}]}}