{"id":14578,"date":"2026-04-20T08:48:19","date_gmt":"2026-04-20T06:48:19","guid":{"rendered":"http:\/\/portalm\u0142awa.pl\/?p=14578"},"modified":"2026-04-20T08:48:19","modified_gmt":"2026-04-20T06:48:19","slug":"mlawa-mowi-wierszem-wiosna-przyszla-razem-z-dziecieca-poezja","status":"publish","type":"post","link":"http:\/\/portalm\u0142awa.pl\/?p=14578","title":{"rendered":"M\u0142awa m\u00f3wi wierszem. Wiosna przysz\u0142a razem z dzieci\u0119c\u0105 poezj\u0105"},"content":{"rendered":"<p style=\"text-align: justify;\">15 kwietnia w murach Szko\u0142a Podstawowa nr 3 w M\u0142awie wydarzy\u0142o si\u0119 co\u015b wi\u0119cej ni\u017c szkolny konkurs. To by\u0142o prawdziwe \u015bwi\u0119to s\u0142owa, emocji i wyobra\u017ani. IV Mi\u0119dzyszkolny Konkurs Recytatorski \u201eWiosenne spotkanie z poezj\u0105\u201d zamieni\u0142 zwyk\u0142\u0105 szkoln\u0105 sal\u0119 w scen\u0119, na kt\u00f3rej najm\u0142odsi pokazali, jak brzmi\u2026 wiosna.<\/p>\n<p style=\"text-align: justify;\">Od pierwszych wers\u00f3w by\u0142o jasne \u2013 to nie b\u0119dzie tylko rywalizacja. To spotkanie z poezj\u0105 sta\u0142o si\u0119 opowie\u015bci\u0105 o budz\u0105cej si\u0119 do \u017cycia naturze, widzianej oczami dzieci. Ka\u017cda recytacja by\u0142a jak osobna historia: pe\u0142na barw, emocji i \u015bwie\u017co\u015bci, kt\u00f3rej nie da si\u0119 podrobi\u0107.<\/p>\n<p style=\"text-align: justify;\">Publiczno\u015b\u0107 s\u0142ucha\u0142a w skupieniu, a komisja konkursowa \u2013 w sk\u0142adzie Barbara Strza\u0142kowska, Dorota Klimek i Marzena Wernik \u2013 mia\u0142a nie\u0142atwe zadanie. Bo jak por\u00f3wna\u0107 szczero\u015b\u0107 dzieci\u0119cej interpretacji z technik\u0105? Jak wybra\u0107 najlepszych, gdy ka\u017cdy wyst\u0119p niesie ze sob\u0105 autentyczno\u015b\u0107 i serce?<\/p>\n<p style=\"text-align: justify;\"><strong>A jednak decyzje zapad\u0142y.<\/strong><\/p>\n<p style=\"text-align: justify;\">W kategorii najm\u0142odszych (klasy 0\u2013I) bezkonkurencyjna okaza\u0142a si\u0119 Marcelina Radzka z gospodarzy konkursu. Tu\u017c za ni\u0105 uplasowa\u0142a si\u0119 Gabriela Malinowska z Katolickiej Szko\u0142y Podstawowej, a podium zamkn\u0119\u0142a Alicja Magdali\u0144ska, r\u00f3wnie\u017c reprezentuj\u0105ca \u201eTr\u00f3jk\u0119\u201d.<\/p>\n<p style=\"text-align: justify;\">W starszej grupie (klasy II\u2013III) triumfowa\u0142a Ewa Waszkowska, potwierdzaj\u0105c siln\u0105 pozycj\u0119 Szko\u0142y Podstawowej nr 3. Drugie miejsce zdoby\u0142a Marianna Dmuchowska, a trzecie \u2013 Julia Czarny z Zespo\u0142u Plac\u00f3wek O\u015bwiatowych nr 2.<\/p>\n<p style=\"text-align: justify;\">Ale tego dnia wyniki mia\u0142y drugorz\u0119dne znaczenie. Najwa\u017cniejsze by\u0142o co\u015b, czego nie da si\u0119 zmierzy\u0107 ani oceni\u0107 punktami \u2013 dzieci\u0119ca wra\u017cliwo\u015b\u0107, odwaga wyj\u015bcia na scen\u0119 i umiej\u0119tno\u015b\u0107 opowiadania \u015bwiata s\u0142owem.<\/p>\n<p style=\"text-align: justify;\"><strong>Bo w M\u0142awie wiosna nie tylko zakwit\u0142a za oknem.<\/strong><\/p>\n<p style=\"text-align: justify;\">Zabrzmia\u0142a tak\u017ce w wierszach \u2013 czysto, szczerze i niezwykle prawdziwie.<\/p>\n<p style=\"text-align: justify;\">Nades\u0142ane oprac.T B fot SP3<\/p>\n<p style=\"box-sizing: border-box; margin-top: 0px; margin-bottom: 15px; color: #555555; font-family: Roboto, sans-serif; font-size: 15px; text-align: justify;\">KOMENTARZE<\/p>\n<p style=\"box-sizing: border-box; margin-top: 0px; margin-bottom: 15px; color: #555555; font-family: Roboto, sans-serif; font-size: 15px; text-align: justify;\">Wydawca portalu nie ponosi odpowiedzialno\u015bci za tre\u015b\u0107 komentarzy zamieszczanych przez u\u017cytkownik\u00f3w. Osoby zamieszczaj\u0105ce wypowiedzi naruszaj\u0105ce prawo lub prawem chronione dobra os\u00f3b trzecich mog\u0105 ponie\u015b\u0107 z tego tytu\u0142u odpowiedzialno\u015b\u0107 karn\u0105 lub cywiln\u0105.JEDNOCZE\u015aNIE UZYTKOWNICY ZAMIESZCZAJ\u0104C KOMENTARZ OSWIADCZAJ\u0104, \u017bE BIOR\u0104 PE\u0141N\u0104 ODPOWIEDZIALNO\u015a\u0106 ZA TRE\u015aCI UMIESZCZONE PRZEZ SIEBIE<\/p>\n<div style=\"padding-bottom:20px; padding-top:10px;\" class=\"hupso-share-buttons\"><!-- Hupso Share Buttons - https:\/\/www.hupso.com\/share\/ --><a class=\"hupso_pop\" href=\"https:\/\/www.hupso.com\/share\/\"><img decoding=\"async\" data-src=\"http:\/\/static.hupso.com\/share\/buttons\/button100x23.png\" style=\"border:0px; width:100; height: 23; \" alt=\"Share Button\" src=\"data:image\/svg+xml;base64,PHN2ZyB3aWR0aD0iMSIgaGVpZ2h0PSIxIiB4bWxucz0iaHR0cDovL3d3dy53My5vcmcvMjAwMC9zdmciPjwvc3ZnPg==\" class=\"lazyload\" \/><\/a><script type=\"text\/javascript\">var hupso_services=new Array(\"Twitter\",\"Facebook\",\"Pinterest\",\"Linkedin\",\"Tumblr\",\"StumbleUpon\",\"Digg\",\"Reddit\",\"Bebo\",\"Delicious\",\"QZone\",\"Renren\",\"Email\");var hupso_icon_type = \"labels\";var hupso_background=\"#3BF8FF\";var hupso_border=\"#FF2B0A\";var hupso_image_folder_url = \"\";var hupso_url=\"\";var hupso_title=\"M%C5%82awa%20m%C3%B3wi%20wierszem.%20Wiosna%20przysz%C5%82a%20razem%20z%20dzieci%C4%99c%C4%85%20poezj%C4%85\";<\/script><script type=\"text\/javascript\" src=\"http:\/\/static.hupso.com\/share\/js\/share.js\"><\/script><!-- Hupso Share Buttons --><\/div>","protected":false},"excerpt":{"rendered":"<p>15 kwietnia w murach Szko\u0142a Podstawowa nr 3 w M\u0142awie wydarzy\u0142o si\u0119 co\u015b wi\u0119cej ni\u017c szkolny konkurs. To by\u0142o prawdziwe \u015bwi\u0119to s\u0142owa, emocji i wyobra\u017ani. IV Mi\u0119dzyszkolny Konkurs Recytatorski \u201eWiosenne&hellip; <\/p>\n<div style=\"padding-bottom:20px; padding-top:10px;\" class=\"hupso-share-buttons\"><!-- Hupso Share Buttons - https:\/\/www.hupso.com\/share\/ --><a class=\"hupso_pop\" href=\"https:\/\/www.hupso.com\/share\/\"><img data-src=\"http:\/\/static.hupso.com\/share\/buttons\/button100x23.png\" style=\"border:0px; width:100; height: 23; \" alt=\"Share Button\" src=\"data:image\/svg+xml;base64,PHN2ZyB3aWR0aD0iMSIgaGVpZ2h0PSIxIiB4bWxucz0iaHR0cDovL3d3dy53My5vcmcvMjAwMC9zdmciPjwvc3ZnPg==\" class=\"lazyload\" \/><\/a><script type=\"text\/javascript\">var hupso_services=new Array(\"Twitter\",\"Facebook\",\"Pinterest\",\"Linkedin\",\"Tumblr\",\"StumbleUpon\",\"Digg\",\"Reddit\",\"Bebo\",\"Delicious\",\"QZone\",\"Renren\",\"Email\");var hupso_icon_type = \"labels\";var hupso_background=\"#3BF8FF\";var hupso_border=\"#FF2B0A\";var hupso_image_folder_url = \"\";var hupso_url=\"\";var hupso_title=\"M%C5%82awa%20m%C3%B3wi%20wierszem.%20Wiosna%20przysz%C5%82a%20razem%20z%20dzieci%C4%99c%C4%85%20poezj%C4%85\";<\/script><script type=\"text\/javascript\" src=\"http:\/\/static.hupso.com\/share\/js\/share.js\"><\/script><!-- Hupso Share Buttons --><\/div>","protected":false},"author":1,"featured_media":14579,"comment_status":"open","ping_status":"open","sticky":false,"template":"","format":"standard","meta":{"_acf_changed":false,"wprm-recipe-roundup-name":"","wprm-recipe-roundup-description":"","footnotes":""},"categories":[19,3,28],"tags":[],"class_list":["post-14578","post","type-post","status-publish","format-standard","has-post-thumbnail","hentry","category-aktualnosci","category-kultura","category-wyd"],"acf":[],"amp_enabled":true,"_links":{"self":[{"href":"http:\/\/portalm\u0142awa.pl\/index.php?rest_route=\/wp\/v2\/posts\/14578","targetHints":{"allow":["GET"]}}],"collection":[{"href":"http:\/\/portalm\u0142awa.pl\/index.php?rest_route=\/wp\/v2\/posts"}],"about":[{"href":"http:\/\/portalm\u0142awa.pl\/index.php?rest_route=\/wp\/v2\/types\/post"}],"author":[{"embeddable":true,"href":"http:\/\/portalm\u0142awa.pl\/index.php?rest_route=\/wp\/v2\/users\/1"}],"replies":[{"embeddable":true,"href":"http:\/\/portalm\u0142awa.pl\/index.php?rest_route=%2Fwp%2Fv2%2Fcomments&post=14578"}],"version-history":[{"count":1,"href":"http:\/\/portalm\u0142awa.pl\/index.php?rest_route=\/wp\/v2\/posts\/14578\/revisions"}],"predecessor-version":[{"id":14580,"href":"http:\/\/portalm\u0142awa.pl\/index.php?rest_route=\/wp\/v2\/posts\/14578\/revisions\/14580"}],"wp:featuredmedia":[{"embeddable":true,"href":"http:\/\/portalm\u0142awa.pl\/index.php?rest_route=\/wp\/v2\/media\/14579"}],"wp:attachment":[{"href":"http:\/\/portalm\u0142awa.pl\/index.php?rest_route=%2Fwp%2Fv2%2Fmedia&parent=14578"}],"wp:term":[{"taxonomy":"category","embeddable":true,"href":"http:\/\/portalm\u0142awa.pl\/index.php?rest_route=%2Fwp%2Fv2%2Fcategories&post=14578"},{"taxonomy":"post_tag","embeddable":true,"href":"http:\/\/portalm\u0142awa.pl\/index.php?rest_route=%2Fwp%2Fv2%2Ftags&post=14578"}],"curies":[{"name":"wp","href":"https:\/\/api.w.org\/{rel}","templated":true}]}}