{"id":14610,"date":"2026-04-20T18:24:01","date_gmt":"2026-04-20T16:24:01","guid":{"rendered":"http:\/\/portalm\u0142awa.pl\/?p=14610"},"modified":"2026-04-20T18:24:01","modified_gmt":"2026-04-20T16:24:01","slug":"praca-edukacja-przyszlosc-wielkie-targi-w-mlawie-juz-22-kwietnia","status":"publish","type":"post","link":"http:\/\/portalm\u0142awa.pl\/?p=14610","title":{"rendered":"Praca, edukacja, przysz\u0142o\u015b\u0107 \u2013 wielkie targi w M\u0142awie ju\u017c 22 kwietnia"},"content":{"rendered":"<p style=\"text-align: justify;\">Ju\u017c w \u015brod\u0119, 22 kwietnia, M\u0142awa zamieni si\u0119 w prawdziwe serce rynku pracy regionu. Wszystko za spraw\u0105 M\u0142awskich Targ\u00f3w Pracy i Edukacji \u2013 wydarzenia, kt\u00f3re z roku na rok przyci\u0105ga coraz wi\u0119ksze zainteresowanie i dzi\u015b bez w\u0105tpienia urasta do rangi najwa\u017cniejszego spotkania zawodowego w powiecie m\u0142awskim.<\/p>\n<p style=\"text-align: justify;\">Organizowane przez Powiatowy Urz\u0105d Pracy w M\u0142awie targi odb\u0119d\u0105 si\u0119 w M\u0142awska Hala Sportowa przy al. J\u00f3zefa Pi\u0142sudskiego 33A. Start zaplanowano na godzin\u0119 10:00 \u2013 i wszystko wskazuje na to, \u017ce frekwencja b\u0119dzie rekordowa.<\/p>\n<p style=\"text-align: justify;\"><strong>Jedno miejsce, setki mo\u017cliwo\u015bci<\/strong><\/p>\n<p style=\"text-align: justify;\">To nie b\u0119d\u0105 zwyk\u0142e targi. To przestrze\u0144, gdzie spotkaj\u0105 si\u0119:<\/p>\n<p style=\"text-align: justify;\">&#8211; pracodawcy szukaj\u0105cy nowych pracownik\u00f3w,<\/p>\n<p style=\"text-align: justify;\">&#8211; specjali\u015bci z r\u00f3\u017cnych bran\u017c,<\/p>\n<p style=\"text-align: justify;\">&#8211; przedstawiciele s\u0142u\u017cb mundurowych,<\/p>\n<p style=\"text-align: justify;\">&#8211; szko\u0142y ponadpodstawowe i uczelnie wy\u017csze,<\/p>\n<p style=\"text-align: justify;\">&#8211; jednostki szkoleniowe i szko\u0142y policealne.<\/p>\n<p style=\"text-align: justify;\">Na uczestnik\u00f3w czeka r\u00f3wnie\u017c mo\u017cliwo\u015b\u0107 udzia\u0142u w akcji poboru krwi, co nadaje wydarzeniu dodatkowy, spo\u0142eczny wymiar.<\/p>\n<p style=\"text-align: justify;\"><strong>Ogromne zainteresowanie \u2013 ka\u017cdy wystawca obecny<\/strong><\/p>\n<p style=\"text-align: justify;\">Organizatorzy nie kryj\u0105 satysfakcji \u2013 zainteresowanie wydarzeniem przeros\u0142o oczekiwania. Co wa\u017cne, wszyscy zg\u0142oszeni wystawcy zostali zakwalifikowani, co oznacza jedno: uczestnicy b\u0119d\u0105 mieli dost\u0119p do pe\u0142nego przekroju ofert \u2013 od pracy, przez szkolenia, a\u017c po \u015bcie\u017cki edukacyjne.<\/p>\n<p style=\"text-align: justify;\"><strong>Nie tylko praca \u2013 decyzje, kt\u00f3re zmieniaj\u0105 \u017cycie<\/strong><\/p>\n<p style=\"text-align: justify;\">M\u0142awskie Targi Pracy i Edukacji to co\u015b wi\u0119cej ni\u017c rozdawanie CV. To moment, w kt\u00f3rym m\u0142odzi ludzie wybieraj\u0105 swoj\u0105 drog\u0119, osoby bezrobotne szukaj\u0105 nowego startu, a pracodawcy znajduj\u0105 ludzi, kt\u00f3rzy mog\u0105 zmieni\u0107 ich firmy.<\/p>\n<p style=\"text-align: justify;\">To tak\u017ce miejsce rozm\u00f3w, inspiracji i decyzji, kt\u00f3re cz\u0119sto maj\u0105 wp\u0142yw na ca\u0142e \u017cycie.<\/p>\n<p style=\"text-align: justify;\"><strong>Dlaczego warto tam by\u0107?<\/strong><\/p>\n<p style=\"text-align: justify;\">Bo dzi\u015b rynek pracy zmienia si\u0119 szybciej ni\u017c kiedykolwiek. A takie wydarzenia daj\u0105 co\u015b, czego nie zast\u0105pi internet \u2013 bezpo\u015bredni kontakt, realne rozmowy i natychmiastowe mo\u017cliwo\u015bci.<\/p>\n<p style=\"text-align: justify;\">22 kwietnia w M\u0142awie nie b\u0119dzie miejsca na przypadek. B\u0119dzie za to przestrze\u0144 dla tych, kt\u00f3rzy chc\u0105 zrobi\u0107 krok do przodu.<\/p>\n<p style=\"text-align: justify;\">\u00a0Je\u015bli my\u015blisz o zmianie pracy, wyborze szko\u0142y lub po prostu chcesz zobaczy\u0107, jakie masz mo\u017cliwo\u015bci \u2013 to wydarzenie jest dla Ciebie.<\/p>\n<p style=\"text-align: justify;\">T.B<\/p>\n<p style=\"box-sizing: border-box; margin-top: 0px; margin-bottom: 15px; color: #555555; font-family: Roboto, sans-serif; font-size: 15px; text-align: justify;\">KOMENTARZE<\/p>\n<p style=\"box-sizing: border-box; margin-top: 0px; margin-bottom: 15px; color: #555555; font-family: Roboto, sans-serif; font-size: 15px; text-align: justify;\">Wydawca portalu nie ponosi odpowiedzialno\u015bci za tre\u015b\u0107 komentarzy zamieszczanych przez u\u017cytkownik\u00f3w. Osoby zamieszczaj\u0105ce wypowiedzi naruszaj\u0105ce prawo lub prawem chronione dobra os\u00f3b trzecich mog\u0105 ponie\u015b\u0107 z tego tytu\u0142u odpowiedzialno\u015b\u0107 karn\u0105 lub cywiln\u0105.JEDNOCZE\u015aNIE UZYTKOWNICY ZAMIESZCZAJ\u0104C KOMENTARZ OSWIADCZAJ\u0104, \u017bE BIOR\u0104 PE\u0141N\u0104 ODPOWIEDZIALNO\u015a\u0106 ZA TRE\u015aCI UMIESZCZONE PRZEZ SIEBIE<\/p>\n<div style=\"padding-bottom:20px; padding-top:10px;\" class=\"hupso-share-buttons\"><!-- Hupso Share Buttons - https:\/\/www.hupso.com\/share\/ --><a class=\"hupso_pop\" href=\"https:\/\/www.hupso.com\/share\/\"><img decoding=\"async\" data-src=\"http:\/\/static.hupso.com\/share\/buttons\/button100x23.png\" style=\"border:0px; width:100; height: 23; \" alt=\"Share Button\" src=\"data:image\/svg+xml;base64,PHN2ZyB3aWR0aD0iMSIgaGVpZ2h0PSIxIiB4bWxucz0iaHR0cDovL3d3dy53My5vcmcvMjAwMC9zdmciPjwvc3ZnPg==\" class=\"lazyload\" \/><\/a><script type=\"text\/javascript\">var hupso_services=new Array(\"Twitter\",\"Facebook\",\"Pinterest\",\"Linkedin\",\"Tumblr\",\"StumbleUpon\",\"Digg\",\"Reddit\",\"Bebo\",\"Delicious\",\"QZone\",\"Renren\",\"Email\");var hupso_icon_type = \"labels\";var hupso_background=\"#3BF8FF\";var hupso_border=\"#FF2B0A\";var hupso_image_folder_url = \"\";var hupso_url=\"\";var hupso_title=\"Praca%2C%20edukacja%2C%20przysz%C5%82o%C5%9B%C4%87%20%E2%80%93%20wielkie%20targi%20w%20M%C5%82awie%20ju%C5%BC%2022%20kwietnia\";<\/script><script type=\"text\/javascript\" src=\"http:\/\/static.hupso.com\/share\/js\/share.js\"><\/script><!-- Hupso Share Buttons --><\/div>","protected":false},"excerpt":{"rendered":"<p>Ju\u017c w \u015brod\u0119, 22 kwietnia, M\u0142awa zamieni si\u0119 w prawdziwe serce rynku pracy regionu. Wszystko za spraw\u0105 M\u0142awskich Targ\u00f3w Pracy i Edukacji \u2013 wydarzenia, kt\u00f3re z roku na rok przyci\u0105ga&hellip; <\/p>\n<div style=\"padding-bottom:20px; padding-top:10px;\" class=\"hupso-share-buttons\"><!-- Hupso Share Buttons - https:\/\/www.hupso.com\/share\/ --><a class=\"hupso_pop\" href=\"https:\/\/www.hupso.com\/share\/\"><img data-src=\"http:\/\/static.hupso.com\/share\/buttons\/button100x23.png\" style=\"border:0px; width:100; height: 23; \" alt=\"Share Button\" src=\"data:image\/svg+xml;base64,PHN2ZyB3aWR0aD0iMSIgaGVpZ2h0PSIxIiB4bWxucz0iaHR0cDovL3d3dy53My5vcmcvMjAwMC9zdmciPjwvc3ZnPg==\" class=\"lazyload\" \/><\/a><script type=\"text\/javascript\">var hupso_services=new Array(\"Twitter\",\"Facebook\",\"Pinterest\",\"Linkedin\",\"Tumblr\",\"StumbleUpon\",\"Digg\",\"Reddit\",\"Bebo\",\"Delicious\",\"QZone\",\"Renren\",\"Email\");var hupso_icon_type = \"labels\";var hupso_background=\"#3BF8FF\";var hupso_border=\"#FF2B0A\";var hupso_image_folder_url = \"\";var hupso_url=\"\";var hupso_title=\"Praca%2C%20edukacja%2C%20przysz%C5%82o%C5%9B%C4%87%20%E2%80%93%20wielkie%20targi%20w%20M%C5%82awie%20ju%C5%BC%2022%20kwietnia\";<\/script><script type=\"text\/javascript\" src=\"http:\/\/static.hupso.com\/share\/js\/share.js\"><\/script><!-- Hupso Share Buttons --><\/div>","protected":false},"author":1,"featured_media":14611,"comment_status":"open","ping_status":"open","sticky":false,"template":"","format":"standard","meta":{"_acf_changed":false,"wprm-recipe-roundup-name":"","wprm-recipe-roundup-description":"","footnotes":""},"categories":[19,28,696,6],"tags":[],"class_list":["post-14610","post","type-post","status-publish","format-standard","has-post-thumbnail","hentry","category-aktualnosci","category-wyd","category-zaproszenia","category-zapro-szenia"],"acf":[],"amp_enabled":true,"_links":{"self":[{"href":"http:\/\/portalm\u0142awa.pl\/index.php?rest_route=\/wp\/v2\/posts\/14610","targetHints":{"allow":["GET"]}}],"collection":[{"href":"http:\/\/portalm\u0142awa.pl\/index.php?rest_route=\/wp\/v2\/posts"}],"about":[{"href":"http:\/\/portalm\u0142awa.pl\/index.php?rest_route=\/wp\/v2\/types\/post"}],"author":[{"embeddable":true,"href":"http:\/\/portalm\u0142awa.pl\/index.php?rest_route=\/wp\/v2\/users\/1"}],"replies":[{"embeddable":true,"href":"http:\/\/portalm\u0142awa.pl\/index.php?rest_route=%2Fwp%2Fv2%2Fcomments&post=14610"}],"version-history":[{"count":1,"href":"http:\/\/portalm\u0142awa.pl\/index.php?rest_route=\/wp\/v2\/posts\/14610\/revisions"}],"predecessor-version":[{"id":14612,"href":"http:\/\/portalm\u0142awa.pl\/index.php?rest_route=\/wp\/v2\/posts\/14610\/revisions\/14612"}],"wp:featuredmedia":[{"embeddable":true,"href":"http:\/\/portalm\u0142awa.pl\/index.php?rest_route=\/wp\/v2\/media\/14611"}],"wp:attachment":[{"href":"http:\/\/portalm\u0142awa.pl\/index.php?rest_route=%2Fwp%2Fv2%2Fmedia&parent=14610"}],"wp:term":[{"taxonomy":"category","embeddable":true,"href":"http:\/\/portalm\u0142awa.pl\/index.php?rest_route=%2Fwp%2Fv2%2Fcategories&post=14610"},{"taxonomy":"post_tag","embeddable":true,"href":"http:\/\/portalm\u0142awa.pl\/index.php?rest_route=%2Fwp%2Fv2%2Ftags&post=14610"}],"curies":[{"name":"wp","href":"https:\/\/api.w.org\/{rel}","templated":true}]}}