{"id":14613,"date":"2026-04-20T18:37:58","date_gmt":"2026-04-20T16:37:58","guid":{"rendered":"http:\/\/portalm\u0142awa.pl\/?p=14613"},"modified":"2026-04-20T18:38:34","modified_gmt":"2026-04-20T16:38:34","slug":"mlody-glos-wielka-scena-iga-iwanska-zdobywa-kolejne-muzyczne-szczyty","status":"publish","type":"post","link":"http:\/\/portalm\u0142awa.pl\/?p=14613","title":{"rendered":"M\u0142ody g\u0142os, wielka scena. Iga Iwa\u0144ska zdobywa kolejne muzyczne szczyty!"},"content":{"rendered":"<p style=\"text-align: justify;\">W \u015bwiecie m\u0142odych talent\u00f3w rzadko zdarza si\u0119, by sukcesy przychodzi\u0142y tak konsekwentnie i w tak kr\u00f3tkim czasie. Iga Iwa\u0144ska \u2013 uczestniczka zaj\u0119\u0107 Miejskiego Domu Kultury w M\u0142awie \u2013 w\u0142a\u015bnie dopisa\u0142a do swojego dorobku kolejne imponuj\u0105ce osi\u0105gni\u0119cia, potwierdzaj\u0105c, \u017ce jej nazwisko coraz mocniej wybrzmiewa na og\u00f3lnopolskiej i mi\u0119dzynarodowej scenie wokalnej.<\/p>\n<p style=\"text-align: justify;\"><strong>Fina\u0142 w Grajewie i mi\u0119dzynarodowe wyr\u00f3\u017cnienie<\/strong><\/p>\n<p style=\"text-align: justify;\">18 kwietnia 2026 roku Iga stan\u0119\u0142a na scenie fina\u0142u VI edycji Mi\u0119dzynarodowego Festiwalu Piosenki Rozrywkowej \u201eYour Song\u201d w Grajewie. To wydarzenie, kt\u00f3re co roku przyci\u0105ga m\u0142odych wokalist\u00f3w z r\u00f3\u017cnych kraj\u00f3w i stawia bardzo wysokie wymagania artystyczne.<\/p>\n<p style=\"text-align: justify;\">Wyst\u0119p Igi zosta\u0142 doceniony przez jury \u2013 m\u0142oda wokalistka otrzyma\u0142a Super Wyr\u00f3\u017cnienie w swojej kategorii wiekowej. Na ten sukces zapracowa\u0142a wykonaniem legendarnej w\u0142oskiej piosenki \u201eNon Ho L\u2019Et\u00e0\u201d, znanej z repertuaru Giglioli Cinquetti. Utw\u00f3r wymagaj\u0105cy nie tylko techniki, ale i wyj\u0105tkowej wra\u017cliwo\u015bci interpretacyjnej.<\/p>\n<p style=\"text-align: justify;\"><strong>Seria sukces\u00f3w, kt\u00f3ra nie zwalnia tempa<\/strong><\/p>\n<p style=\"text-align: justify;\">To jednak nie jedyny pow\u00f3d do dumy. Ostatnie miesi\u0105ce przynios\u0142y Idze prawdziw\u0105 fal\u0119 sukces\u00f3w:<\/p>\n<p style=\"text-align: justify;\">\ud83e\udd47 I miejsce \u2013 XXIV Mazowiecki Festiwal Dzieci\u0119cej i M\u0142odzie\u017cowej Tw\u00f3rczo\u015bci ASTERIADA<\/p>\n<p style=\"text-align: justify;\">\ud83e\udd47 I miejsce \u2013 XXVIII Og\u00f3lnopolski Przegl\u0105d Piosenki Dzieci\u0119cej i M\u0142odzie\u017cowej \u201eRoz\u015bpiewany Wawer\u201d<\/p>\n<p style=\"text-align: justify;\">\ud83c\udf1f Super Wyr\u00f3\u017cnienie \u2013 Mi\u0119dzynarodowy Festiwal \u201eYour Song\u201d<\/p>\n<p style=\"text-align: justify;\">Trzy presti\u017cowe konkursy i trzy znacz\u0105ce nagrody \u2013 to bilans, kt\u00f3ry robi wra\u017cenie nawet w \u015brodowisku do\u015bwiadczonych pedagog\u00f3w muzycznych.<\/p>\n<p style=\"text-align: justify;\"><strong>Talent i praca pod skrzyd\u0142ami instruktorki<\/strong><\/p>\n<p style=\"text-align: justify;\">Za sukcesami Igi stoi nie tylko jej talent, ale r\u00f3wnie\u017c systematyczna praca i wsparcie instruktor\u00f3w. Szczeg\u00f3ln\u0105 rol\u0119 odgrywa tu Agnieszka Pietrzak, kt\u00f3ra przygotowuje m\u0142od\u0105 wokalistk\u0119 do kolejnych wyst\u0119p\u00f3w.<\/p>\n<p style=\"text-align: justify;\">To w\u0142a\u015bnie po\u0142\u0105czenie naturalnych predyspozycji, scenicznej wra\u017cliwo\u015bci i konsekwentnego treningu sprawia, \u017ce Iga coraz pewniej porusza si\u0119 w \u015bwiecie muzyki.<\/p>\n<p style=\"text-align: justify;\"><strong>Dopiero pocz\u0105tek drogi<\/strong><\/p>\n<p style=\"text-align: justify;\">Min\u0105\u0142 zaledwie pierwszy kwarta\u0142 2026 roku, a lista osi\u0105gni\u0119\u0107 ju\u017c imponuje. Trudno nie odnie\u015b\u0107 wra\u017cenia, \u017ce to dopiero pocz\u0105tek artystycznej drogi, kt\u00f3ra mo\u017ce zaprowadzi\u0107 Ig\u0119 znacznie dalej \u2013 na kolejne festiwale, sceny i konkursy.<\/p>\n<p style=\"text-align: justify;\">W MDK M\u0142awa nie kryj\u0105 dumy i emocji, obserwuj\u0105c rozw\u00f3j swojej podopiecznej. Ka\u017cdy kolejny wyst\u0119p to nie tylko rywalizacja, ale r\u00f3wnie\u017c dow\u00f3d na to, \u017ce ci\u0119\u017cka praca i pasja przynosz\u0105 realne efekty.<\/p>\n<p style=\"text-align: justify;\"><strong>Gratulacje i wsparcie<\/strong><\/p>\n<p style=\"text-align: justify;\">Sukcesy Igi Iwa\u0144skiej to r\u00f3wnie\u017c pow\u00f3d do rado\u015bci dla lokalnej spo\u0142eczno\u015bci. Organizatorzy i opiekunowie zach\u0119caj\u0105 do dzielenia si\u0119 gratulacjami oraz wspierania m\u0142odej artystki w dalszym rozwoju.<\/p>\n<p style=\"text-align: justify;\">Bo jak pokazuje jej historia \u2013 wielkie kariery cz\u0119sto zaczynaj\u0105 si\u0119 w\u0142a\u015bnie od takich ma\u0142ych, ale niezwykle wa\u017cnych scen.<\/p>\n<p style=\"text-align: justify;\">T.B fot MDK<\/p>\n<p style=\"box-sizing: border-box; margin-top: 0px; margin-bottom: 15px; color: #555555; font-family: Roboto, sans-serif; font-size: 15px; text-align: justify;\">KOMENTARZE<\/p>\n<p style=\"box-sizing: border-box; margin-top: 0px; margin-bottom: 15px; color: #555555; font-family: Roboto, sans-serif; font-size: 15px; text-align: justify;\">Wydawca portalu nie ponosi odpowiedzialno\u015bci za tre\u015b\u0107 komentarzy zamieszczanych przez u\u017cytkownik\u00f3w. Osoby zamieszczaj\u0105ce wypowiedzi naruszaj\u0105ce prawo lub prawem chronione dobra os\u00f3b trzecich mog\u0105 ponie\u015b\u0107 z tego tytu\u0142u odpowiedzialno\u015b\u0107 karn\u0105 lub cywiln\u0105.JEDNOCZE\u015aNIE UZYTKOWNICY ZAMIESZCZAJ\u0104C KOMENTARZ OSWIADCZAJ\u0104, \u017bE BIOR\u0104 PE\u0141N\u0104 ODPOWIEDZIALNO\u015a\u0106 ZA TRE\u015aCI UMIESZCZONE PRZEZ SIEBIE<\/p>\n<div style=\"padding-bottom:20px; padding-top:10px;\" class=\"hupso-share-buttons\"><!-- Hupso Share Buttons - https:\/\/www.hupso.com\/share\/ --><a class=\"hupso_pop\" href=\"https:\/\/www.hupso.com\/share\/\"><img decoding=\"async\" data-src=\"http:\/\/static.hupso.com\/share\/buttons\/button100x23.png\" style=\"border:0px; width:100; height: 23; \" alt=\"Share Button\" src=\"data:image\/svg+xml;base64,PHN2ZyB3aWR0aD0iMSIgaGVpZ2h0PSIxIiB4bWxucz0iaHR0cDovL3d3dy53My5vcmcvMjAwMC9zdmciPjwvc3ZnPg==\" class=\"lazyload\" \/><\/a><script type=\"text\/javascript\">var hupso_services=new Array(\"Twitter\",\"Facebook\",\"Pinterest\",\"Linkedin\",\"Tumblr\",\"StumbleUpon\",\"Digg\",\"Reddit\",\"Bebo\",\"Delicious\",\"QZone\",\"Renren\",\"Email\");var hupso_icon_type = \"labels\";var hupso_background=\"#3BF8FF\";var hupso_border=\"#FF2B0A\";var hupso_image_folder_url = \"\";var hupso_url=\"\";var hupso_title=\"M%C5%82ody%20g%C5%82os%2C%20wielka%20scena.%20Iga%20Iwa%C5%84ska%20zdobywa%20kolejne%20muzyczne%20szczyty%21\";<\/script><script type=\"text\/javascript\" src=\"http:\/\/static.hupso.com\/share\/js\/share.js\"><\/script><!-- Hupso Share Buttons --><\/div>","protected":false},"excerpt":{"rendered":"<p>W \u015bwiecie m\u0142odych talent\u00f3w rzadko zdarza si\u0119, by sukcesy przychodzi\u0142y tak konsekwentnie i w tak kr\u00f3tkim czasie. Iga Iwa\u0144ska \u2013 uczestniczka zaj\u0119\u0107 Miejskiego Domu Kultury w M\u0142awie \u2013 w\u0142a\u015bnie dopisa\u0142a&hellip; <\/p>\n<div style=\"padding-bottom:20px; padding-top:10px;\" class=\"hupso-share-buttons\"><!-- Hupso Share Buttons - https:\/\/www.hupso.com\/share\/ --><a class=\"hupso_pop\" href=\"https:\/\/www.hupso.com\/share\/\"><img data-src=\"http:\/\/static.hupso.com\/share\/buttons\/button100x23.png\" style=\"border:0px; width:100; height: 23; \" alt=\"Share Button\" src=\"data:image\/svg+xml;base64,PHN2ZyB3aWR0aD0iMSIgaGVpZ2h0PSIxIiB4bWxucz0iaHR0cDovL3d3dy53My5vcmcvMjAwMC9zdmciPjwvc3ZnPg==\" class=\"lazyload\" \/><\/a><script type=\"text\/javascript\">var hupso_services=new Array(\"Twitter\",\"Facebook\",\"Pinterest\",\"Linkedin\",\"Tumblr\",\"StumbleUpon\",\"Digg\",\"Reddit\",\"Bebo\",\"Delicious\",\"QZone\",\"Renren\",\"Email\");var hupso_icon_type = \"labels\";var hupso_background=\"#3BF8FF\";var hupso_border=\"#FF2B0A\";var hupso_image_folder_url = \"\";var hupso_url=\"\";var hupso_title=\"M%C5%82ody%20g%C5%82os%2C%20wielka%20scena.%20Iga%20Iwa%C5%84ska%20zdobywa%20kolejne%20muzyczne%20szczyty%21\";<\/script><script type=\"text\/javascript\" src=\"http:\/\/static.hupso.com\/share\/js\/share.js\"><\/script><!-- Hupso Share Buttons --><\/div>","protected":false},"author":1,"featured_media":14614,"comment_status":"open","ping_status":"open","sticky":false,"template":"","format":"standard","meta":{"_acf_changed":false,"wprm-recipe-roundup-name":"","wprm-recipe-roundup-description":"","footnotes":""},"categories":[19,3,28],"tags":[],"class_list":["post-14613","post","type-post","status-publish","format-standard","has-post-thumbnail","hentry","category-aktualnosci","category-kultura","category-wyd"],"acf":[],"amp_enabled":true,"_links":{"self":[{"href":"http:\/\/portalm\u0142awa.pl\/index.php?rest_route=\/wp\/v2\/posts\/14613","targetHints":{"allow":["GET"]}}],"collection":[{"href":"http:\/\/portalm\u0142awa.pl\/index.php?rest_route=\/wp\/v2\/posts"}],"about":[{"href":"http:\/\/portalm\u0142awa.pl\/index.php?rest_route=\/wp\/v2\/types\/post"}],"author":[{"embeddable":true,"href":"http:\/\/portalm\u0142awa.pl\/index.php?rest_route=\/wp\/v2\/users\/1"}],"replies":[{"embeddable":true,"href":"http:\/\/portalm\u0142awa.pl\/index.php?rest_route=%2Fwp%2Fv2%2Fcomments&post=14613"}],"version-history":[{"count":2,"href":"http:\/\/portalm\u0142awa.pl\/index.php?rest_route=\/wp\/v2\/posts\/14613\/revisions"}],"predecessor-version":[{"id":14616,"href":"http:\/\/portalm\u0142awa.pl\/index.php?rest_route=\/wp\/v2\/posts\/14613\/revisions\/14616"}],"wp:featuredmedia":[{"embeddable":true,"href":"http:\/\/portalm\u0142awa.pl\/index.php?rest_route=\/wp\/v2\/media\/14614"}],"wp:attachment":[{"href":"http:\/\/portalm\u0142awa.pl\/index.php?rest_route=%2Fwp%2Fv2%2Fmedia&parent=14613"}],"wp:term":[{"taxonomy":"category","embeddable":true,"href":"http:\/\/portalm\u0142awa.pl\/index.php?rest_route=%2Fwp%2Fv2%2Fcategories&post=14613"},{"taxonomy":"post_tag","embeddable":true,"href":"http:\/\/portalm\u0142awa.pl\/index.php?rest_route=%2Fwp%2Fv2%2Ftags&post=14613"}],"curies":[{"name":"wp","href":"https:\/\/api.w.org\/{rel}","templated":true}]}}