{"id":14617,"date":"2026-04-21T10:59:45","date_gmt":"2026-04-21T08:59:45","guid":{"rendered":"http:\/\/portalm\u0142awa.pl\/?p=14617"},"modified":"2026-04-21T10:59:45","modified_gmt":"2026-04-21T08:59:45","slug":"rodzinny-rajd-ktory-jednoczy-pokolenia-szydlowo-znow-wsiada-na-rowery","status":"publish","type":"post","link":"http:\/\/portalm\u0142awa.pl\/?p=14617","title":{"rendered":"Rodzinny rajd, kt\u00f3ry jednoczy pokolenia. Szyd\u0142owo zn\u00f3w wsiada na rowery!"},"content":{"rendered":"<p style=\"text-align: justify;\">S\u0105 wydarzenia, kt\u00f3re po prostu si\u0119 odbywaj\u0105\u2026 i s\u0105 takie, na kt\u00f3re si\u0119 czeka. W\u0142a\u015bnie do tej drugiej kategorii nale\u017cy III Rodzinny Rajd Rowerowy w Szyd\u0142owie \u2013 inicjatywa, kt\u00f3ra z roku na rok przyci\u0105ga coraz wi\u0119cej mieszka\u0144c\u00f3w spragnionych ruchu, natury i wsp\u00f3lnego czasu.<\/p>\n<p style=\"text-align: justify;\">Ju\u017c 31 maja 2026 roku drogi gminy wype\u0142ni\u0105 si\u0119 rowerzystami \u2013 ca\u0142ymi rodzinami, dzie\u0107mi, m\u0142odzie\u017c\u0105 i doros\u0142ymi. To nie wy\u015bcig. To co\u015b znacznie wi\u0119cej \u2013 \u015bwi\u0119to aktywno\u015bci i lokalnej wsp\u00f3lnoty.<\/p>\n<p style=\"text-align: justify;\">Za organizacj\u0105 wydarzenia stoj\u0105 W\u00f3jt Gminy Szyd\u0142owo Jolanta Karpi\u0144ska oraz Gminna Biblioteka Publiczna \u2013 duet, kt\u00f3ry udowadnia, \u017ce integracja mieszka\u0144c\u00f3w mo\u017ce i\u015b\u0107 w parze z dobr\u0105 energi\u0105 i \u015bwietn\u0105 organizacj\u0105.<\/p>\n<p style=\"text-align: justify;\">\u00a0<strong>Trasa, kt\u00f3ra \u0142\u0105czy ludzi<\/strong><\/p>\n<p style=\"text-align: justify;\">Rajd wystartuje o godzinie 12:30, a uczestnicy pokonaj\u0105 oko\u0142o 17 kilometr\u00f3w malowniczej trasy: Szyd\u0142owo \u2013 Szyd\u0142\u00f3wek \u2013 D\u0119bsk \u2013 Nieradowo \u2013 Paw\u0142owo \u2013 Giednia \u2013 Szyd\u0142owo<\/p>\n<p style=\"text-align: justify;\">To dystans idealny zar\u00f3wno dla rodzin z dzie\u0107mi, jak i dla tych, kt\u00f3rzy po prostu chc\u0105 aktywnie sp\u0119dzi\u0107 niedziel\u0119.<\/p>\n<p style=\"text-align: justify;\">\ud83d\udcde <strong>Zapisy ruszy\u0142y \u2013 i ju\u017c ciesz\u0105 si\u0119 ogromnym zainteresowaniem<\/strong><\/p>\n<p style=\"text-align: justify;\">Organizatorzy nie kryj\u0105 zaskoczenia \u2013 telefony od ch\u0119tnych pojawia\u0142y si\u0119 jeszcze zanim oficjalnie ruszy\u0142y zapisy.<\/p>\n<p style=\"text-align: justify;\">Rejestracja odbywa si\u0119 telefonicznie pod numerem 23 652 12 41, a nast\u0119pnie nale\u017cy potwierdzi\u0107 udzia\u0142 w Gminnej Bibliotece Publicznej w Szyd\u0142owie, wype\u0142niaj\u0105c kart\u0119 zg\u0142oszeniow\u0105.<\/p>\n<p style=\"text-align: justify;\">\ud83d\udd52 Zapisy prowadzone s\u0105 od poniedzia\u0142ku do pi\u0105tku w godzinach 8:30\u201315:30, jednak warto si\u0119 pospieszy\u0107 \u2013 liczba miejsc mo\u017ce by\u0107 ograniczona.<\/p>\n<p style=\"text-align: justify;\">\u00a0<strong>Meta? Dopiero pocz\u0105tek zabawy!<\/strong><\/p>\n<p style=\"text-align: justify;\">Po zako\u0144czeniu rajdu na uczestnik\u00f3w czeka prawdziwa nagroda \u2013 rodzinny piknik pe\u0142en atrakcji:<\/p>\n<p style=\"text-align: justify;\">\ud83d\udd25 grill i wsp\u00f3lne biesiadowanie<\/p>\n<p style=\"text-align: justify;\">\ud83c\udf88 dmucha\u0144ce dla najm\u0142odszych<\/p>\n<p style=\"text-align: justify;\">\ud83c\udfad animacje dla dzieci i doros\u0142ych<\/p>\n<p style=\"text-align: justify;\">\ud83c\udfc6 gry i konkursy<\/p>\n<p style=\"text-align: justify;\">\ud83c\udf6d wata cukrowa i popcorn<\/p>\n<p style=\"text-align: justify;\">\ud83c\udf81 oraz wielka loteria fantowa!<\/p>\n<p style=\"text-align: justify;\">To w\u0142a\u015bnie ten moment sprawia, \u017ce wydarzenie nabiera wyj\u0105tkowego charakteru \u2013 kiedy zm\u0119czenie ust\u0119puje miejsca u\u015bmiechom, a obcy ludzie staj\u0105 si\u0119 znajomymi.<\/p>\n<p style=\"text-align: justify;\">\u00a0<strong>Je\u015bli jeszcze si\u0119 zastanawiasz \u2013 nie czekaj.<\/strong><\/p>\n<p style=\"text-align: justify;\">Zabierz rodzin\u0119, znajomych, dobry humor i do\u0142\u0105cz do wydarzenia, kt\u00f3re na jeden dzie\u0144 zamieni Szyd\u0142owo w prawdziw\u0105 stolic\u0119 rowerowej rado\u015bci.<\/p>\n<p style=\"text-align: justify;\">Do zobaczenia na trasie!<\/p>\n<p style=\"text-align: justify;\">T.B<\/p>\n<p style=\"box-sizing: border-box; margin-top: 0px; margin-bottom: 15px; color: #555555; font-family: Roboto, sans-serif; font-size: 15px; text-align: justify;\">KOMENTARZE<\/p>\n<p style=\"box-sizing: border-box; margin-top: 0px; margin-bottom: 15px; color: #555555; font-family: Roboto, sans-serif; font-size: 15px; text-align: justify;\">Wydawca portalu nie ponosi odpowiedzialno\u015bci za tre\u015b\u0107 komentarzy zamieszczanych przez u\u017cytkownik\u00f3w. Osoby zamieszczaj\u0105ce wypowiedzi naruszaj\u0105ce prawo lub prawem chronione dobra os\u00f3b trzecich mog\u0105 ponie\u015b\u0107 z tego tytu\u0142u odpowiedzialno\u015b\u0107 karn\u0105 lub cywiln\u0105.JEDNOCZE\u015aNIE UZYTKOWNICY ZAMIESZCZAJ\u0104C KOMENTARZ OSWIADCZAJ\u0104, \u017bE BIOR\u0104 PE\u0141N\u0104 ODPOWIEDZIALNO\u015a\u0106 ZA TRE\u015aCI UMIESZCZONE PRZEZ SIEBIE<\/p>\n<div style=\"padding-bottom:20px; padding-top:10px;\" class=\"hupso-share-buttons\"><!-- Hupso Share Buttons - https:\/\/www.hupso.com\/share\/ --><a class=\"hupso_pop\" href=\"https:\/\/www.hupso.com\/share\/\"><img decoding=\"async\" data-src=\"http:\/\/static.hupso.com\/share\/buttons\/button100x23.png\" style=\"border:0px; width:100; height: 23; \" alt=\"Share Button\" src=\"data:image\/svg+xml;base64,PHN2ZyB3aWR0aD0iMSIgaGVpZ2h0PSIxIiB4bWxucz0iaHR0cDovL3d3dy53My5vcmcvMjAwMC9zdmciPjwvc3ZnPg==\" class=\"lazyload\" \/><\/a><script type=\"text\/javascript\">var hupso_services=new Array(\"Twitter\",\"Facebook\",\"Pinterest\",\"Linkedin\",\"Tumblr\",\"StumbleUpon\",\"Digg\",\"Reddit\",\"Bebo\",\"Delicious\",\"QZone\",\"Renren\",\"Email\");var hupso_icon_type = \"labels\";var hupso_background=\"#3BF8FF\";var hupso_border=\"#FF2B0A\";var hupso_image_folder_url = \"\";var hupso_url=\"\";var hupso_title=\"Rodzinny%20rajd%2C%20kt%C3%B3ry%20jednoczy%20pokolenia.%20Szyd%C5%82owo%20zn%C3%B3w%20wsiada%20na%20rowery%21\";<\/script><script type=\"text\/javascript\" src=\"http:\/\/static.hupso.com\/share\/js\/share.js\"><\/script><!-- Hupso Share Buttons --><\/div>","protected":false},"excerpt":{"rendered":"<p>S\u0105 wydarzenia, kt\u00f3re po prostu si\u0119 odbywaj\u0105\u2026 i s\u0105 takie, na kt\u00f3re si\u0119 czeka. W\u0142a\u015bnie do tej drugiej kategorii nale\u017cy III Rodzinny Rajd Rowerowy w Szyd\u0142owie \u2013 inicjatywa, kt\u00f3ra z&hellip; <\/p>\n<div style=\"padding-bottom:20px; padding-top:10px;\" class=\"hupso-share-buttons\"><!-- Hupso Share Buttons - https:\/\/www.hupso.com\/share\/ --><a class=\"hupso_pop\" href=\"https:\/\/www.hupso.com\/share\/\"><img data-src=\"http:\/\/static.hupso.com\/share\/buttons\/button100x23.png\" style=\"border:0px; width:100; height: 23; \" alt=\"Share Button\" src=\"data:image\/svg+xml;base64,PHN2ZyB3aWR0aD0iMSIgaGVpZ2h0PSIxIiB4bWxucz0iaHR0cDovL3d3dy53My5vcmcvMjAwMC9zdmciPjwvc3ZnPg==\" class=\"lazyload\" \/><\/a><script type=\"text\/javascript\">var hupso_services=new Array(\"Twitter\",\"Facebook\",\"Pinterest\",\"Linkedin\",\"Tumblr\",\"StumbleUpon\",\"Digg\",\"Reddit\",\"Bebo\",\"Delicious\",\"QZone\",\"Renren\",\"Email\");var hupso_icon_type = \"labels\";var hupso_background=\"#3BF8FF\";var hupso_border=\"#FF2B0A\";var hupso_image_folder_url = \"\";var hupso_url=\"\";var hupso_title=\"Rodzinny%20rajd%2C%20kt%C3%B3ry%20jednoczy%20pokolenia.%20Szyd%C5%82owo%20zn%C3%B3w%20wsiada%20na%20rowery%21\";<\/script><script type=\"text\/javascript\" src=\"http:\/\/static.hupso.com\/share\/js\/share.js\"><\/script><!-- Hupso Share Buttons --><\/div>","protected":false},"author":1,"featured_media":14618,"comment_status":"open","ping_status":"open","sticky":false,"template":"","format":"standard","meta":{"_acf_changed":false,"wprm-recipe-roundup-name":"","wprm-recipe-roundup-description":"","footnotes":""},"categories":[19,3,506,28,696,6],"tags":[],"class_list":["post-14617","post","type-post","status-publish","format-standard","has-post-thumbnail","hentry","category-aktualnosci","category-kultura","category-pow","category-wyd","category-zaproszenia","category-zapro-szenia"],"acf":[],"amp_enabled":true,"_links":{"self":[{"href":"http:\/\/portalm\u0142awa.pl\/index.php?rest_route=\/wp\/v2\/posts\/14617","targetHints":{"allow":["GET"]}}],"collection":[{"href":"http:\/\/portalm\u0142awa.pl\/index.php?rest_route=\/wp\/v2\/posts"}],"about":[{"href":"http:\/\/portalm\u0142awa.pl\/index.php?rest_route=\/wp\/v2\/types\/post"}],"author":[{"embeddable":true,"href":"http:\/\/portalm\u0142awa.pl\/index.php?rest_route=\/wp\/v2\/users\/1"}],"replies":[{"embeddable":true,"href":"http:\/\/portalm\u0142awa.pl\/index.php?rest_route=%2Fwp%2Fv2%2Fcomments&post=14617"}],"version-history":[{"count":1,"href":"http:\/\/portalm\u0142awa.pl\/index.php?rest_route=\/wp\/v2\/posts\/14617\/revisions"}],"predecessor-version":[{"id":14619,"href":"http:\/\/portalm\u0142awa.pl\/index.php?rest_route=\/wp\/v2\/posts\/14617\/revisions\/14619"}],"wp:featuredmedia":[{"embeddable":true,"href":"http:\/\/portalm\u0142awa.pl\/index.php?rest_route=\/wp\/v2\/media\/14618"}],"wp:attachment":[{"href":"http:\/\/portalm\u0142awa.pl\/index.php?rest_route=%2Fwp%2Fv2%2Fmedia&parent=14617"}],"wp:term":[{"taxonomy":"category","embeddable":true,"href":"http:\/\/portalm\u0142awa.pl\/index.php?rest_route=%2Fwp%2Fv2%2Fcategories&post=14617"},{"taxonomy":"post_tag","embeddable":true,"href":"http:\/\/portalm\u0142awa.pl\/index.php?rest_route=%2Fwp%2Fv2%2Ftags&post=14617"}],"curies":[{"name":"wp","href":"https:\/\/api.w.org\/{rel}","templated":true}]}}