{"id":14621,"date":"2026-04-21T14:31:08","date_gmt":"2026-04-21T12:31:08","guid":{"rendered":"http:\/\/portalm\u0142awa.pl\/?p=14621"},"modified":"2026-04-21T14:38:53","modified_gmt":"2026-04-21T12:38:53","slug":"rosochy-w-ogniu-dumy-strazacy-swietuja-80-lat-sluzby-i-historii","status":"publish","type":"post","link":"http:\/\/portalm\u0142awa.pl\/?p=14621","title":{"rendered":"Rosochy w ogniu dumy. Stra\u017cacy \u015bwi\u0119tuj\u0105 80 lat s\u0142u\u017cby i historii"},"content":{"rendered":"<p style=\"text-align: justify;\">To b\u0119dzie dzie\u0144, w kt\u00f3rym tradycja spotka si\u0119 z emocjami, a wdzi\u0119czno\u015b\u0107 mieszka\u0144c\u00f3w wybrzmi g\u0142o\u015bniej ni\u017c syreny alarmowe. 3 maja w Rosochach zapisze si\u0119 jako jedno z najwa\u017cniejszych wydarze\u0144 w historii lokalnej spo\u0142eczno\u015bci \u2013 Gminne Obchody Dnia Stra\u017caka po\u0142\u0105czone z jubileuszem 80-lecia jednostki OSP.<\/p>\n<p style=\"text-align: justify;\">Osiem dekad. Tyle lat druhowie z Rosoch stoj\u0105 na pierwszej linii \u2013 tam, gdzie inni uciekaj\u0105. Gasz\u0105 po\u017cary, ratuj\u0105 \u017cycie, pomagaj\u0105 w chwilach, gdy liczy si\u0119 ka\u017cda sekunda. To nie tylko s\u0142u\u017cba \u2013 to styl \u017cycia, dziedziczony cz\u0119sto z pokolenia na pokolenie.<\/p>\n<p style=\"text-align: justify;\">Obchody rozpoczn\u0105 si\u0119 od uroczystej mszy \u015bwi\u0119tej w \u017bmijewie Ko\u015bcielnym \u2013 miejscu, gdzie stra\u017cacy i mieszka\u0144cy wsp\u00f3lnie pochyl\u0105 g\u0142owy, dzi\u0119kuj\u0105c za lata opieki i prosz\u0105c o bezpiecze\u0144stwo na kolejne lata s\u0142u\u017cby. To moment refleksji, ale i jedno\u015bci.<\/p>\n<p style=\"text-align: justify;\">Prawdziwe emocje nadejd\u0105 chwil\u0119 p\u00f3\u017aniej. Oficjalna ceremonia w Rosochach to nie tylko podnios\u0142e przem\u00f3wienia. To przede wszystkim ho\u0142d dla tych, kt\u00f3rzy nie wahaj\u0105 si\u0119 ani chwili, gdy rozlega si\u0119 alarm. Wr\u0119czenie odznacze\u0144 b\u0119dzie symbolicznym \u201edzi\u0119kuj\u0119\u201d \u2013 za odwag\u0119, po\u015bwi\u0119cenie i bezinteresown\u0105 pomoc.<\/p>\n<p style=\"text-align: justify;\">Nie zabraknie tak\u017ce element\u00f3w, kt\u00f3re \u0142\u0105cz\u0105 pokolenia. Wyst\u0119p M\u0142odzie\u017cowej Orkiestry D\u0119tej przypomni, \u017ce stra\u017cacka tradycja nie ko\u0144czy si\u0119 na obecnym pokoleniu \u2013 ona trwa i ma si\u0119 dobrze. To m\u0142odzi, kt\u00f3rzy ju\u017c dzi\u015b ucz\u0105 si\u0119 odpowiedzialno\u015bci, dyscypliny i wsp\u00f3lnoty.<\/p>\n<p style=\"text-align: justify;\">A po oficjalnej cz\u0119\u015bci \u2013 czas na integracj\u0119. Wsp\u00f3lny pocz\u0119stunek stanie si\u0119 okazj\u0105 do rozm\u00f3w, wspomnie\u0144 i budowania wi\u0119zi. Bo stra\u017c po\u017carna to nie tylko akcje i mundury. To ludzie. S\u0105siedzi. Przyjaciele.<\/p>\n<p style=\"text-align: justify;\">Za tym wydarzeniem stoi nie tylko organizacyjny wysi\u0142ek, ale przede wszystkim serce \u2013 lokalnej spo\u0142eczno\u015bci i w\u0142adz gminy, na czele z w\u00f3jtem Jackiem \u015awiderskim, kt\u00f3ry zaprasza wszystkich mieszka\u0144c\u00f3w do wsp\u00f3lnego \u015bwi\u0119towania.<\/p>\n<p style=\"text-align: justify;\">Rosochy poka\u017c\u0105 3 maja co\u015b wi\u0119cej ni\u017c uroczysto\u015b\u0107. Poka\u017c\u0105 si\u0142\u0119 wsp\u00f3lnoty i szacunek dla tych, kt\u00f3rzy od 80 lat stoj\u0105 na stra\u017cy bezpiecze\u0144stwa.<\/p>\n<p style=\"text-align: justify;\">Tu trzeba by\u0107.<\/p>\n<p style=\"text-align: justify;\">T.B<\/p>\n<p style=\"box-sizing: border-box; margin-top: 0px; margin-bottom: 15px; color: #555555; font-family: Roboto, sans-serif; font-size: 15px; text-align: justify;\"><span style=\"box-sizing: border-box; text-align: justify;\">KOMENTARZE<\/span><\/p>\n<p style=\"box-sizing: border-box; margin-top: 0px; margin-bottom: 15px; color: #555555; font-family: Roboto, sans-serif; font-size: 15px; text-align: justify;\">Wydawca portalu nie ponosi odpowiedzialno\u015bci za tre\u015b\u0107 komentarzy zamieszczanych przez u\u017cytkownik\u00f3w. Osoby zamieszczaj\u0105ce wypowiedzi naruszaj\u0105ce prawo lub prawem chronione dobra os\u00f3b trzecich mog\u0105 ponie\u015b\u0107 z tego tytu\u0142u odpowiedzialno\u015b\u0107 karn\u0105 lub cywiln\u0105.JEDNOCZE\u015aNIE UZYTKOWNICY ZAMIESZCZAJ\u0104C KOMENTARZ OSWIADCZAJ\u0104, \u017bE BIOR\u0104 PE\u0141N\u0104 ODPOWIEDZIALNO\u015a\u0106 ZA TRE\u015aCI UMIESZCZONE PRZEZ SIEBIE<\/p>\n<div style=\"padding-bottom:20px; padding-top:10px;\" class=\"hupso-share-buttons\"><!-- Hupso Share Buttons - https:\/\/www.hupso.com\/share\/ --><a class=\"hupso_pop\" href=\"https:\/\/www.hupso.com\/share\/\"><img decoding=\"async\" data-src=\"http:\/\/static.hupso.com\/share\/buttons\/button100x23.png\" style=\"border:0px; width:100; height: 23; \" alt=\"Share Button\" src=\"data:image\/svg+xml;base64,PHN2ZyB3aWR0aD0iMSIgaGVpZ2h0PSIxIiB4bWxucz0iaHR0cDovL3d3dy53My5vcmcvMjAwMC9zdmciPjwvc3ZnPg==\" class=\"lazyload\" \/><\/a><script type=\"text\/javascript\">var hupso_services=new Array(\"Twitter\",\"Facebook\",\"Pinterest\",\"Linkedin\",\"Tumblr\",\"StumbleUpon\",\"Digg\",\"Reddit\",\"Bebo\",\"Delicious\",\"QZone\",\"Renren\",\"Email\");var hupso_icon_type = \"labels\";var hupso_background=\"#3BF8FF\";var hupso_border=\"#FF2B0A\";var hupso_image_folder_url = \"\";var hupso_url=\"\";var hupso_title=\"Rosochy%20w%20ogniu%20dumy.%20Stra%C5%BCacy%20%C5%9Bwi%C4%99tuj%C4%85%2080%20lat%20s%C5%82u%C5%BCby%20i%20historii\";<\/script><script type=\"text\/javascript\" src=\"http:\/\/static.hupso.com\/share\/js\/share.js\"><\/script><!-- Hupso Share Buttons --><\/div>","protected":false},"excerpt":{"rendered":"<p>To b\u0119dzie dzie\u0144, w kt\u00f3rym tradycja spotka si\u0119 z emocjami, a wdzi\u0119czno\u015b\u0107 mieszka\u0144c\u00f3w wybrzmi g\u0142o\u015bniej ni\u017c syreny alarmowe. 3 maja w Rosochach zapisze si\u0119 jako jedno z najwa\u017cniejszych wydarze\u0144 w&hellip; <\/p>\n<div style=\"padding-bottom:20px; padding-top:10px;\" class=\"hupso-share-buttons\"><!-- Hupso Share Buttons - https:\/\/www.hupso.com\/share\/ --><a class=\"hupso_pop\" href=\"https:\/\/www.hupso.com\/share\/\"><img data-src=\"http:\/\/static.hupso.com\/share\/buttons\/button100x23.png\" style=\"border:0px; width:100; height: 23; \" alt=\"Share Button\" src=\"data:image\/svg+xml;base64,PHN2ZyB3aWR0aD0iMSIgaGVpZ2h0PSIxIiB4bWxucz0iaHR0cDovL3d3dy53My5vcmcvMjAwMC9zdmciPjwvc3ZnPg==\" class=\"lazyload\" \/><\/a><script type=\"text\/javascript\">var hupso_services=new Array(\"Twitter\",\"Facebook\",\"Pinterest\",\"Linkedin\",\"Tumblr\",\"StumbleUpon\",\"Digg\",\"Reddit\",\"Bebo\",\"Delicious\",\"QZone\",\"Renren\",\"Email\");var hupso_icon_type = \"labels\";var hupso_background=\"#3BF8FF\";var hupso_border=\"#FF2B0A\";var hupso_image_folder_url = \"\";var hupso_url=\"\";var hupso_title=\"Rosochy%20w%20ogniu%20dumy.%20Stra%C5%BCacy%20%C5%9Bwi%C4%99tuj%C4%85%2080%20lat%20s%C5%82u%C5%BCby%20i%20historii\";<\/script><script type=\"text\/javascript\" src=\"http:\/\/static.hupso.com\/share\/js\/share.js\"><\/script><!-- Hupso Share Buttons --><\/div>","protected":false},"author":1,"featured_media":14624,"comment_status":"open","ping_status":"open","sticky":false,"template":"","format":"standard","meta":{"_acf_changed":false,"wprm-recipe-roundup-name":"","wprm-recipe-roundup-description":"","footnotes":""},"categories":[19,506,28,696,6],"tags":[],"class_list":["post-14621","post","type-post","status-publish","format-standard","has-post-thumbnail","hentry","category-aktualnosci","category-pow","category-wyd","category-zaproszenia","category-zapro-szenia"],"acf":[],"amp_enabled":true,"_links":{"self":[{"href":"http:\/\/portalm\u0142awa.pl\/index.php?rest_route=\/wp\/v2\/posts\/14621","targetHints":{"allow":["GET"]}}],"collection":[{"href":"http:\/\/portalm\u0142awa.pl\/index.php?rest_route=\/wp\/v2\/posts"}],"about":[{"href":"http:\/\/portalm\u0142awa.pl\/index.php?rest_route=\/wp\/v2\/types\/post"}],"author":[{"embeddable":true,"href":"http:\/\/portalm\u0142awa.pl\/index.php?rest_route=\/wp\/v2\/users\/1"}],"replies":[{"embeddable":true,"href":"http:\/\/portalm\u0142awa.pl\/index.php?rest_route=%2Fwp%2Fv2%2Fcomments&post=14621"}],"version-history":[{"count":1,"href":"http:\/\/portalm\u0142awa.pl\/index.php?rest_route=\/wp\/v2\/posts\/14621\/revisions"}],"predecessor-version":[{"id":14623,"href":"http:\/\/portalm\u0142awa.pl\/index.php?rest_route=\/wp\/v2\/posts\/14621\/revisions\/14623"}],"wp:featuredmedia":[{"embeddable":true,"href":"http:\/\/portalm\u0142awa.pl\/index.php?rest_route=\/wp\/v2\/media\/14624"}],"wp:attachment":[{"href":"http:\/\/portalm\u0142awa.pl\/index.php?rest_route=%2Fwp%2Fv2%2Fmedia&parent=14621"}],"wp:term":[{"taxonomy":"category","embeddable":true,"href":"http:\/\/portalm\u0142awa.pl\/index.php?rest_route=%2Fwp%2Fv2%2Fcategories&post=14621"},{"taxonomy":"post_tag","embeddable":true,"href":"http:\/\/portalm\u0142awa.pl\/index.php?rest_route=%2Fwp%2Fv2%2Ftags&post=14621"}],"curies":[{"name":"wp","href":"https:\/\/api.w.org\/{rel}","templated":true}]}}