{"id":14625,"date":"2026-04-21T14:55:53","date_gmt":"2026-04-21T12:55:53","guid":{"rendered":"http:\/\/portalm\u0142awa.pl\/?p=14625"},"modified":"2026-04-21T14:55:53","modified_gmt":"2026-04-21T12:55:53","slug":"italia-jest-w-nas-rzym-watykan-i-duch-wloch-w-sercu-mlawy-wyjatkowe-spotkanie-ktore-zabierze-uczestnikow-w-podroz-bez-biletu-lotniczego","status":"publish","type":"post","link":"http:\/\/portalm\u0142awa.pl\/?p=14625","title":{"rendered":"Italia jest w nas\u201d \u2013 Rzym, Watykan i duch W\u0142och w sercu M\u0142awy. Wyj\u0105tkowe spotkanie, kt\u00f3re zabierze uczestnik\u00f3w w podr\u00f3\u017c bez biletu lotniczego"},"content":{"rendered":"<p style=\"text-align: justify;\">To nie b\u0119dzie zwyk\u0142a prelekcja. To ma by\u0107 opowie\u015b\u0107, kt\u00f3ra pachnie kamieniem rzymskich ulic, cisz\u0105 watyka\u0144skich ogrod\u00f3w i histori\u0105, kt\u00f3ra nie mie\u015bci si\u0119 w podr\u0119cznikach. Ju\u017c 9 maja o godz. 15.30 sala \u201eNa Dachu\u201d w Miejskim Domu Kultury w M\u0142awie zamieni si\u0119 w ma\u0142e okno na Itali\u0119.<\/p>\n<p style=\"text-align: justify;\">Spotkanie zatytu\u0142owane \u201eItalia jest w nas\u201d zgromadzi dw\u00f3ch wyj\u0105tkowych go\u015bci: ks. Waldemara Turka oraz ks. Arkadiusza Noconia \u2013 ludzi, kt\u00f3rzy nie tylko znaj\u0105 W\u0142ochy z mapy, ale przede wszystkim z \u017cycia, do\u015bwiadcze\u0144 i wieloletniego obcowania z ich duchowym oraz kulturowym dziedzictwem.<\/p>\n<p style=\"text-align: justify;\">Rozmow\u0119 poprowadzi dziennikarka telewizji WPolsce24 Anna Pawelec, kt\u00f3ra poprowadzi uczestnik\u00f3w przez opowie\u015b\u0107 o kraju, gdzie historia i codzienno\u015b\u0107 splataj\u0105 si\u0119 w jeden nieprzerwany ci\u0105g inspiracji.<\/p>\n<p style=\"text-align: justify;\"><strong>Rzym, Watykan i W\u0142ochy, jakich nie pokazuj\u0105 przewodniki<\/strong><\/p>\n<p style=\"text-align: justify;\">Organizatorzy zapowiadaj\u0105 spotkanie jako co\u015b wi\u0119cej ni\u017c klasyczn\u0105 podr\u00f3\u017c po mapie atrakcji turystycznych. To b\u0119dzie wej\u015bcie w \u015bwiat miejsc, kt\u00f3re ukszta\u0142towa\u0142y Europ\u0119 \u2013 od monumentalnego Rzymu, przez duchowe centrum \u015bwiata katolickiego w Watykanie, a\u017c po mniej znane, ale r\u00f3wnie fascynuj\u0105ce zak\u0105tki W\u0142och.<\/p>\n<p style=\"text-align: justify;\">Ksi\u0119\u017ca opowiedz\u0105 o:<\/p>\n<p style=\"text-align: justify;\">&#8211; miejscach, kt\u00f3re zapieraj\u0105 dech nie tylko architektur\u0105, ale i histori\u0105,<\/p>\n<p style=\"text-align: justify;\">&#8211; ludziach, kt\u00f3rzy przez wieki tworzyli to\u017csamo\u015b\u0107 Italii,<\/p>\n<p style=\"text-align: justify;\">oraz osobistych do\u015bwiadczeniach, kt\u00f3re pozwalaj\u0105 zobaczy\u0107 W\u0142ochy \u201eod \u015brodka\u201d, a nie tylko z perspektywy turysty.<\/p>\n<p style=\"text-align: justify;\"><strong>Spotkanie, kt\u00f3re \u0142\u0105czy kultur\u0119, histori\u0119 i duchowo\u015b\u0107<\/strong><\/p>\n<p style=\"text-align: justify;\">\u201eItalia jest w nas\u201d ma by\u0107 opowie\u015bci\u0105 o tym, jak g\u0142\u0119boko kultura w\u0142oska przenika europejsk\u0105 to\u017csamo\u015b\u0107 \u2013 r\u00f3wnie\u017c t\u0119, kt\u00f3ra obecna jest w Polsce. To tak\u017ce okazja, by spojrze\u0107 na Rzym i Watykan nie tylko jako miejsca na mapie, ale jako przestrzenie \u017cywej historii, sztuki i wiary.<\/p>\n<p style=\"text-align: justify;\"><strong>Wst\u0119p wolny \u2013 zaproszenie dla ka\u017cdego<\/strong><\/p>\n<p style=\"text-align: justify;\">Spotkanie odb\u0119dzie si\u0119 w sali \u201eNa Dachu\u201d Miejskiego Domu Kultury w M\u0142awie. Organizatorzy \u2013 Parafia \u015bw. Jana Kantego oraz Parafia \u015bw. Stanis\u0142awa BM \u2013 zapraszaj\u0105 wszystkich zainteresowanych.<\/p>\n<p style=\"text-align: justify;\"><strong>Wst\u0119p wolny.<\/strong><\/p>\n<p style=\"text-align: justify;\">To jedno z tych wydarze\u0144, kt\u00f3re nie wymagaj\u0105 biletu \u2013 wymagaj\u0105 jedynie ciekawo\u015bci \u015bwiata. A ta, jak pokazuje temat spotkania, mo\u017ce zaprowadzi\u0107 znacznie dalej ni\u017c tylko do W\u0142och.<\/p>\n<p style=\"text-align: justify;\">T.B fot MDK<\/p>\n<p style=\"box-sizing: border-box; margin-top: 0px; margin-bottom: 15px; color: #555555; font-family: Roboto, sans-serif; font-size: 15px; text-align: justify;\"><span style=\"box-sizing: border-box; text-align: justify;\">KOMENTARZE<\/span><\/p>\n<p style=\"box-sizing: border-box; margin-top: 0px; margin-bottom: 15px; color: #555555; font-family: Roboto, sans-serif; font-size: 15px; text-align: justify;\">Wydawca portalu nie ponosi odpowiedzialno\u015bci za tre\u015b\u0107 komentarzy zamieszczanych przez u\u017cytkownik\u00f3w. Osoby zamieszczaj\u0105ce wypowiedzi naruszaj\u0105ce prawo lub prawem chronione dobra os\u00f3b trzecich mog\u0105 ponie\u015b\u0107 z tego tytu\u0142u odpowiedzialno\u015b\u0107 karn\u0105 lub cywiln\u0105.JEDNOCZE\u015aNIE UZYTKOWNICY ZAMIESZCZAJ\u0104C KOMENTARZ OSWIADCZAJ\u0104, \u017bE BIOR\u0104 PE\u0141N\u0104 ODPOWIEDZIALNO\u015a\u0106 ZA TRE\u015aCI UMIESZCZONE PRZEZ SIEBIE<\/p>\n<div style=\"padding-bottom:20px; padding-top:10px;\" class=\"hupso-share-buttons\"><!-- Hupso Share Buttons - https:\/\/www.hupso.com\/share\/ --><a class=\"hupso_pop\" href=\"https:\/\/www.hupso.com\/share\/\"><img decoding=\"async\" data-src=\"http:\/\/static.hupso.com\/share\/buttons\/button100x23.png\" style=\"border:0px; width:100; height: 23; \" alt=\"Share Button\" src=\"data:image\/svg+xml;base64,PHN2ZyB3aWR0aD0iMSIgaGVpZ2h0PSIxIiB4bWxucz0iaHR0cDovL3d3dy53My5vcmcvMjAwMC9zdmciPjwvc3ZnPg==\" class=\"lazyload\" \/><\/a><script type=\"text\/javascript\">var hupso_services=new Array(\"Twitter\",\"Facebook\",\"Pinterest\",\"Linkedin\",\"Tumblr\",\"StumbleUpon\",\"Digg\",\"Reddit\",\"Bebo\",\"Delicious\",\"QZone\",\"Renren\",\"Email\");var hupso_icon_type = \"labels\";var hupso_background=\"#3BF8FF\";var hupso_border=\"#FF2B0A\";var hupso_image_folder_url = \"\";var hupso_url=\"\";var hupso_title=\"Italia%20jest%20w%20nas%E2%80%9D%20%E2%80%93%20Rzym%2C%20Watykan%20i%20duch%20W%C5%82och%20w%20sercu%20M%C5%82awy.%20Wyj%C4%85tkowe%20spotkanie%2C%20kt%C3%B3re%20zabierze%20uczestnik%C3%B3w%20w%20podr%C3%B3%C5%BC%20bez%20biletu%20lotniczego\";<\/script><script type=\"text\/javascript\" src=\"http:\/\/static.hupso.com\/share\/js\/share.js\"><\/script><!-- Hupso Share Buttons --><\/div>","protected":false},"excerpt":{"rendered":"<p>To nie b\u0119dzie zwyk\u0142a prelekcja. To ma by\u0107 opowie\u015b\u0107, kt\u00f3ra pachnie kamieniem rzymskich ulic, cisz\u0105 watyka\u0144skich ogrod\u00f3w i histori\u0105, kt\u00f3ra nie mie\u015bci si\u0119 w podr\u0119cznikach. Ju\u017c 9 maja o godz.&hellip; <\/p>\n<div style=\"padding-bottom:20px; padding-top:10px;\" class=\"hupso-share-buttons\"><!-- Hupso Share Buttons - https:\/\/www.hupso.com\/share\/ --><a class=\"hupso_pop\" href=\"https:\/\/www.hupso.com\/share\/\"><img data-src=\"http:\/\/static.hupso.com\/share\/buttons\/button100x23.png\" style=\"border:0px; width:100; height: 23; \" alt=\"Share Button\" src=\"data:image\/svg+xml;base64,PHN2ZyB3aWR0aD0iMSIgaGVpZ2h0PSIxIiB4bWxucz0iaHR0cDovL3d3dy53My5vcmcvMjAwMC9zdmciPjwvc3ZnPg==\" class=\"lazyload\" \/><\/a><script type=\"text\/javascript\">var hupso_services=new Array(\"Twitter\",\"Facebook\",\"Pinterest\",\"Linkedin\",\"Tumblr\",\"StumbleUpon\",\"Digg\",\"Reddit\",\"Bebo\",\"Delicious\",\"QZone\",\"Renren\",\"Email\");var hupso_icon_type = \"labels\";var hupso_background=\"#3BF8FF\";var hupso_border=\"#FF2B0A\";var hupso_image_folder_url = \"\";var hupso_url=\"\";var hupso_title=\"Italia%20jest%20w%20nas%E2%80%9D%20%E2%80%93%20Rzym%2C%20Watykan%20i%20duch%20W%C5%82och%20w%20sercu%20M%C5%82awy.%20Wyj%C4%85tkowe%20spotkanie%2C%20kt%C3%B3re%20zabierze%20uczestnik%C3%B3w%20w%20podr%C3%B3%C5%BC%20bez%20biletu%20lotniczego\";<\/script><script type=\"text\/javascript\" src=\"http:\/\/static.hupso.com\/share\/js\/share.js\"><\/script><!-- Hupso Share Buttons --><\/div>","protected":false},"author":1,"featured_media":14626,"comment_status":"open","ping_status":"open","sticky":false,"template":"","format":"standard","meta":{"_acf_changed":false,"wprm-recipe-roundup-name":"","wprm-recipe-roundup-description":"","footnotes":""},"categories":[19,3,28,6,696],"tags":[],"class_list":["post-14625","post","type-post","status-publish","format-standard","has-post-thumbnail","hentry","category-aktualnosci","category-kultura","category-wyd","category-zapro-szenia","category-zaproszenia"],"acf":[],"amp_enabled":true,"_links":{"self":[{"href":"http:\/\/portalm\u0142awa.pl\/index.php?rest_route=\/wp\/v2\/posts\/14625","targetHints":{"allow":["GET"]}}],"collection":[{"href":"http:\/\/portalm\u0142awa.pl\/index.php?rest_route=\/wp\/v2\/posts"}],"about":[{"href":"http:\/\/portalm\u0142awa.pl\/index.php?rest_route=\/wp\/v2\/types\/post"}],"author":[{"embeddable":true,"href":"http:\/\/portalm\u0142awa.pl\/index.php?rest_route=\/wp\/v2\/users\/1"}],"replies":[{"embeddable":true,"href":"http:\/\/portalm\u0142awa.pl\/index.php?rest_route=%2Fwp%2Fv2%2Fcomments&post=14625"}],"version-history":[{"count":1,"href":"http:\/\/portalm\u0142awa.pl\/index.php?rest_route=\/wp\/v2\/posts\/14625\/revisions"}],"predecessor-version":[{"id":14627,"href":"http:\/\/portalm\u0142awa.pl\/index.php?rest_route=\/wp\/v2\/posts\/14625\/revisions\/14627"}],"wp:featuredmedia":[{"embeddable":true,"href":"http:\/\/portalm\u0142awa.pl\/index.php?rest_route=\/wp\/v2\/media\/14626"}],"wp:attachment":[{"href":"http:\/\/portalm\u0142awa.pl\/index.php?rest_route=%2Fwp%2Fv2%2Fmedia&parent=14625"}],"wp:term":[{"taxonomy":"category","embeddable":true,"href":"http:\/\/portalm\u0142awa.pl\/index.php?rest_route=%2Fwp%2Fv2%2Fcategories&post=14625"},{"taxonomy":"post_tag","embeddable":true,"href":"http:\/\/portalm\u0142awa.pl\/index.php?rest_route=%2Fwp%2Fv2%2Ftags&post=14625"}],"curies":[{"name":"wp","href":"https:\/\/api.w.org\/{rel}","templated":true}]}}