{"id":1465,"date":"2014-04-09T23:00:19","date_gmt":"2014-04-09T21:00:19","guid":{"rendered":"http:\/\/xn--portalmawa-g0b.pl\/?p=1465"},"modified":"2020-05-12T23:10:01","modified_gmt":"2020-05-12T21:10:01","slug":"mlawa-wywiad-z-radnym-michalem-nowakowskim-w-sprawie-oskarzen-kierowanych-pod-jego-adresem","status":"publish","type":"post","link":"http:\/\/portalm\u0142awa.pl\/?p=1465","title":{"rendered":"M\u0141AWA. Wywiad z radnym Micha\u0142em Nowakowskim w sprawie oskar\u017ce\u0144 kierowanych pod jego adresem!"},"content":{"rendered":"<p style=\"text-align: justify;\"><span style=\"font-size: 12pt;\"><strong><img decoding=\"async\" class=\"wp-image-1466 alignleft lazyload\" data-src=\"http:\/\/xn--portalmawa-g0b.pl\/wp-content\/uploads\/2020\/05\/nowakowski2-300x158.jpg\" alt=\"\" width=\"215\" height=\"113\" data-srcset=\"http:\/\/portalm\u0142awa.pl\/wp-content\/uploads\/2020\/05\/nowakowski2-300x158.jpg 300w, http:\/\/portalm\u0142awa.pl\/wp-content\/uploads\/2020\/05\/nowakowski2.jpg 640w\" data-sizes=\"(max-width: 215px) 100vw, 215px\" src=\"data:image\/svg+xml;base64,PHN2ZyB3aWR0aD0iMSIgaGVpZ2h0PSIxIiB4bWxucz0iaHR0cDovL3d3dy53My5vcmcvMjAwMC9zdmciPjwvc3ZnPg==\" style=\"--smush-placeholder-width: 215px; --smush-placeholder-aspect-ratio: 215\/113;\" \/>Od kilku dni w mediach pojawia si\u0119 informacja jakoby radny miejski Micha\u0142 Nowakowski mia\u0142 od 2 lat dr\u0119czy\u0107 10-latka, koleg\u0119 z klasy swojej c\u00f3rki. Postanowili\u015bmy dowiedzie\u0107 si\u0119 co on sam ma na ten temat do powiedzenia i zadali\u015bmy mu kilka pyta\u0144 dotycz\u0105cych oskar\u017ce\u0144 kierowanych przez ojca ch\u0142opca za po\u015brednictwem medi\u00f3w, a z\u0142o\u017conych do m\u0142awskiej prokuratury.<\/strong><\/span><\/p>\n<p style=\"text-align: justify;\" align=\"JUSTIFY\"><span style=\"font-size: 12pt;\"><strong>1. Jak Pan odniesie si\u0119 do sytuacji opisywanej ostatnio w mediach z Pa\u0144skim udzia\u0142em, my\u015bl\u0119 tutaj o oskar\u017ceniach wniesionych przez Pana W. do Prokuratury?<\/strong><\/span><\/p>\n<p style=\"text-align: justify;\" align=\"JUSTIFY\"><span style=\"font-size: 12pt;\">Oszczerstwa, kt\u00f3re kieruje pod moim adresem ten cz\u0142owiek za po\u015brednictwem medi\u00f3w s\u0105 ca\u0142kowicie nieprawdziwe i przedstawiaj\u0105 spraw\u0119 zupe\u0142nie nieobiektywnie. Pan W. bezpodstawnie oskar\u017caj\u0105c mnie, ca\u0142kowicie pomin\u0105\u0142 sedno sprawy z dnia 29 marca 2014 r. Ot\u00f3\u017c w\u00f3wczas jego syn szczu\u0142 moj\u0105 c\u00f3rk\u0119 du\u017cym psem bez kaga\u0144ca. O zdarzeniu moja \u017cona powiadomiona przez c\u00f3rk\u0119 zawiadomi\u0142a policj\u0119 oko\u0142o godziny 18. Nie wiem z jakiej przyczyny policja nie pojawi\u0142a si\u0119 na miejscu, co b\u0119d\u0119 pr\u00f3bowa\u0142 wyja\u015bni\u0107 na Komendzie.<\/span><\/p>\n<p style=\"text-align: justify;\" align=\"JUSTIFY\"><span style=\"font-size: 12pt;\"><strong>2. Czy prawd\u0105 jest, \u017ce kierowa\u0142 Pan pod adresem ch\u0142opca gro\u017aby karalne?<\/strong><\/span><\/p>\n<p style=\"text-align: justify;\" align=\"JUSTIFY\"><span style=\"font-size: 12pt;\">Nic takiego nie mia\u0142o miejsca. Nigdy nie rozmawia\u0142em z tym dzieckiem. Nawet na dobr\u0105 spraw\u0119 m\u00f3g\u0142bym go nie pozna\u0107, poniewa\u017c na zebrania do szko\u0142y od 2 lat chodzi wy\u0142\u0105cznie \u017cona.<\/span><\/p>\n<p style=\"text-align: justify;\" align=\"JUSTIFY\"><span style=\"font-size: 12pt;\"><strong>3. Jak skomentuje Pan spraw\u0119 z rzekom\u0105 kradzie\u017c\u0105 telefonu?<\/strong><\/span><\/p>\n<p style=\"text-align: justify;\" align=\"JUSTIFY\"><span style=\"font-size: 12pt;\">Mojej c\u00f3rce nigdy nie zgin\u0105\u0142 telefon. Gdyby zgin\u0105\u0142 powiadomi\u0142bym organy \u015bcigania i szko\u0142\u0119. Sprawa taka nigdy nie mia\u0142a miejsca, to jest kolejne oszczerstwo rzucone pod moim adresem.<\/span><\/p>\n<p style=\"text-align: justify;\" align=\"JUSTIFY\"><span style=\"font-size: 12pt;\"><strong>4.Jak Pan odniesie si\u0119 do s\u0142\u00f3w Pana W., kt\u00f3ry stwierdzi\u0142, i\u017c podjecha\u0142 Pan ze swoim ojcem dwoma samochodami i \u017ce gonili\u015bcie jego syna w sobot\u0119 29 marca 2014 r.<\/strong><\/span><\/p>\n<p style=\"text-align: justify;\" align=\"JUSTIFY\"><span style=\"font-size: 12pt;\">O sprawie szczucia psem mojej c\u00f3rki dowiedzia\u0142em si\u0119 od swojej \u017cony w momencie kiedy moja c\u00f3rka zadzwoni\u0142a do niej z p\u0142aczem ze sklepu \u017babka przy ul. Padlewskiego, \u017ce schowa\u0142a si\u0119 do sklepu i boi si\u0119 wyj\u015b\u0107, a m.in. syn Pana W. czeka\u0142 na ni\u0105 przed sklepem z owym psem. Moja \u017cona wysz\u0142a z domu i posz\u0142a sprawdzi\u0107 co si\u0119 dzieje. Przez ca\u0142y ten czas ja by\u0142em w domu na co jest dow\u00f3d w postaci biling\u00f3w z mojego telefonu, gdy\u017c co jaki\u015b czas dzwoni\u0142em do swojej \u017cony, aby informowa\u0142a mnie o sytuacji. Wi\u0119c jest k\u0142amstwem, \u017ce kogokolwiek goni\u0142em, bo mnie tam po prostu nie by\u0142o. Dopiero pojawi\u0142em si\u0119 na ko\u0144cu tej sytuacji na wyra\u017an\u0105 pro\u015bb\u0119 mojej c\u00f3rki, gdy\u017c poprosi\u0142a mnie \u017cebym j\u0105 zabra\u0142 do domu, gdy\u017c na dworze zrobi\u0142o si\u0119 ju\u017c ch\u0142odno.<\/span><\/p>\n<p style=\"text-align: justify;\" align=\"JUSTIFY\"><span style=\"font-size: 12pt;\"><strong>5. Czy ingerowa\u0142 Pan w ocen\u0119 z zachowania syna Pana W. w SP nr 6?<\/strong><\/span><\/p>\n<p style=\"text-align: justify;\" align=\"JUSTIFY\"><span style=\"font-size: 12pt;\">Jest to kolejny wymys\u0142 i bzdura wypowiadana przez tego cz\u0142owieka, nie maj\u0105ca \u017cadnych podstaw i dowod\u00f3w. Przy okazji tej sprawy szkalowana jest by\u0142a wychowawczyni klasy, kt\u00f3ra sama na podstawie obserwacji zachowa\u0144 dzieci na terenie szko\u0142y wystawia\u0142a im oceny z zachowania. Nie mam poj\u0119cia jakie stopnie z zachowania mia\u0142o to dziecko.<\/span><\/p>\n<p style=\"text-align: justify;\" align=\"JUSTIFY\"><span style=\"font-size: 12pt;\"><strong>6.Co zamierza Pan zrobi\u0107 z t\u0105 spraw\u0105?<\/strong><\/span><\/p>\n<p style=\"text-align: justify;\" align=\"JUSTIFY\"><span style=\"font-size: 12pt;\">Zamierzam z\u0142o\u017cy\u0107 zawiadomienie do prokuratury o pom\u00f3wienie i szkalowanie mojego dobrego imienia w mediach, a tym samym za ich po\u015brednictwem w spo\u0142ecze\u0144stwie. Ponadto zachowanie tego cz\u0142owieka, mam tutaj na my\u015bli zawiadomienie instytucji takich jak: Burmistrza Miasta M\u0142awa, Dyrektora szko\u0142y w kt\u00f3rej pracuj\u0119 jako nauczyciel oraz Kuratorium O\u015bwiaty w Ciechanowie (nie w sprawie zbadania owej sytuacji, ale w kontek\u015bcie napi\u0119tnowania mojej osoby) wskazuje wyra\u017anie, \u017ce jest to celowe dzia\u0142anie na moj\u0105 szkod\u0119.<\/span><\/p>\n<p style=\"text-align: justify;\" align=\"JUSTIFY\"><span style=\"font-size: 12pt;\"><strong>7. Czy ma Pan jeszcze co\u015b do dodania w tej sprawie?<\/strong><\/span><\/p>\n<p style=\"text-align: justify;\" align=\"JUSTIFY\"><span style=\"font-size: 12pt;\">Wszystkimi szczeg\u00f3\u0142ami podziel\u0119 si\u0119 z organami \u015bcigania. Natomiast pragn\u0119 nadmieni\u0107, \u017ce dnia 31 marca 2014 r. w poniedzia\u0142kowy poranek ten cz\u0142owiek czeka\u0142 na mnie przed szko\u0142\u0105 c\u00f3rki, zaczepi\u0142 mnie, naubli\u017ca\u0142, a nast\u0119pnie powiedzia\u0142: \u201ezniszcz\u0119 ci\u0119 wszystkimi mo\u017cliwymi metodami\u201d.<\/span><\/p>\n<p style=\"text-align: justify;\" align=\"JUSTIFY\"><span style=\"font-size: 12pt;\"><strong>8. Od kilku miesi\u0119cy po mie\u015bcie chodz\u0105 s\u0142uchy, \u017ce b\u0119dzie Pan startowa\u0142 na Burmistrza i zak\u0142ada Pan swoje stowarzyszenie z \u201emocnymi\u201d i znanymi nazwiskami.<\/strong><\/span><\/p>\n<p style=\"text-align: justify;\" align=\"JUSTIFY\"><span style=\"font-size: 12pt;\">Tak zgadza si\u0119. Je\u015bli chodzi o pierwsz\u0105 cz\u0119\u015b\u0107 pytania to i owszem powa\u017cnie rozwa\u017ca\u0142em tego typu decyzj\u0119. Kieruj\u0105c si\u0119 przede wszystkim pro\u015bbami r\u00f3\u017cnych \u015brodowisk. Nawet dnia 25 marca 2014 r. na podobnie postawione pytanie przez pracownika Urz\u0119du Miasta r\u00f3wnie\u017c odpowiedzia\u0142em twierdz\u0105co. By\u0142o to na oko\u0142o tydzie\u0144 przed \u201erozdmuchaniem\u201d niniejszej sprawy. Je\u015bli chodzi o stowarzyszenie r\u00f3wnie\u017c musz\u0119 potwierdzi\u0107. Jest ono w budowie. I w tym miejscu dzi\u0119kuj\u0119 bardzo wszystkim tym, kt\u00f3rzy wok\u00f3\u0142 mojej osoby si\u0119 anga\u017cuj\u0105.<\/span><\/p>\n<p style=\"text-align: justify;\" align=\"JUSTIFY\"><span style=\"font-size: 12pt;\"><strong>9. Czy widzi Pan zwi\u0105zek mi\u0119dzy aspektem politycznym, a r\u00f3wnolegle kierowanymi pod Pana adresem oskar\u017ceniami?<\/strong><\/span><\/p>\n<p style=\"text-align: justify;\" align=\"JUSTIFY\"><span style=\"font-size: 12pt;\">Bezpo\u015bredniego nie widz\u0119. Na pocz\u0105tku ten cz\u0142owiek podejmuj\u0105c takie dzia\u0142ania kierowa\u0142 si\u0119 zapewne z\u0142ymi emocjami. Natomiast, \u017ce ta sprawa b\u0119dzie wykorzystywana przez moich przeciwnik\u00f3w politycznych do niszczenia mojej osoby w oczach spo\u0142ecze\u0144stwa m\u0142awskiego nie mam co do tego \u017cadnych w\u0105tpliwo\u015bci.<\/span><\/p>\n<p style=\"text-align: justify;\" align=\"JUSTIFY\"><span style=\"font-size: 12pt;\"><strong>Dzi\u0119kuj\u0119 Panu za rozmow\u0119<\/strong><\/span><\/p>\n<p style=\"text-align: justify;\" align=\"JUSTIFY\"><span style=\"font-size: 12pt;\">Dzi\u0119kuj\u0119 bardzo!<\/span><\/p>\n<div class=\"navigation span6\">\n<p style=\"text-align: justify;\"><span style=\"font-size: 12pt; color: #ff0000;\"><strong>KOMENTARZE<\/strong><\/span><\/p>\n<p style=\"text-align: justify;\"><span style=\"font-size: 12pt;\"><em>Wydawca portalu nie ponosi odpowiedzialno\u015bci za tre\u015b\u0107 komentarzy zamieszczanych przez u\u017cytkownik\u00f3w. Osoby zamieszczaj\u0105ce wypowiedzi naruszaj\u0105ce prawo lub prawem chronione dobra os\u00f3b trzecich mog\u0105 ponie\u015b\u0107 z tego tytu\u0142u odpowiedzialno\u015b\u0107 karn\u0105 lub cywiln\u0105.<\/em><span style=\"color: #ff0000;\"><strong><em>JEDNOCZE\u015aNIE UZYTKOWNICY ZAMIESZCZAJ\u0104C KOMENTARZ OSWIADCZAJ\u0104, \u017bE BIOR\u0104 PE\u0141N\u0104 ODPOWIEDZIALNO\u015a\u0106 ZA TRE\u015aCI UMIESZCZONE PRZEZ SIEBIE<\/em><\/strong><\/span><\/span><\/p>\n<\/div>\n<div style=\"padding-bottom:20px; padding-top:10px;\" class=\"hupso-share-buttons\"><!-- Hupso Share Buttons - https:\/\/www.hupso.com\/share\/ --><a class=\"hupso_pop\" href=\"https:\/\/www.hupso.com\/share\/\"><img decoding=\"async\" data-src=\"http:\/\/static.hupso.com\/share\/buttons\/button100x23.png\" style=\"border:0px; width:100; height: 23; \" alt=\"Share Button\" src=\"data:image\/svg+xml;base64,PHN2ZyB3aWR0aD0iMSIgaGVpZ2h0PSIxIiB4bWxucz0iaHR0cDovL3d3dy53My5vcmcvMjAwMC9zdmciPjwvc3ZnPg==\" class=\"lazyload\" \/><\/a><script type=\"text\/javascript\">var hupso_services=new Array(\"Twitter\",\"Facebook\",\"Pinterest\",\"Linkedin\",\"Tumblr\",\"StumbleUpon\",\"Digg\",\"Reddit\",\"Bebo\",\"Delicious\",\"QZone\",\"Renren\",\"Email\");var hupso_icon_type = \"labels\";var hupso_background=\"#3BF8FF\";var hupso_border=\"#FF2B0A\";var hupso_image_folder_url = \"\";var hupso_url=\"\";var hupso_title=\"M%C5%81AWA.%20Wywiad%20z%20radnym%20Micha%C5%82em%20Nowakowskim%20w%20sprawie%20oskar%C5%BCe%C5%84%20kierowanych%20pod%20jego%20adresem%21\";<\/script><script type=\"text\/javascript\" src=\"http:\/\/static.hupso.com\/share\/js\/share.js\"><\/script><!-- Hupso Share Buttons --><\/div>","protected":false},"excerpt":{"rendered":"<p>Od kilku dni w mediach pojawia si\u0119 informacja jakoby radny miejski Micha\u0142 Nowakowski mia\u0142 od 2 lat dr\u0119czy\u0107 10-latka, koleg\u0119 z klasy swojej c\u00f3rki. Postanowili\u015bmy dowiedzie\u0107 si\u0119 co on sam&hellip; <\/p>\n<div style=\"padding-bottom:20px; padding-top:10px;\" class=\"hupso-share-buttons\"><!-- Hupso Share Buttons - https:\/\/www.hupso.com\/share\/ --><a class=\"hupso_pop\" href=\"https:\/\/www.hupso.com\/share\/\"><img data-src=\"http:\/\/static.hupso.com\/share\/buttons\/button100x23.png\" style=\"border:0px; width:100; height: 23; \" alt=\"Share Button\" src=\"data:image\/svg+xml;base64,PHN2ZyB3aWR0aD0iMSIgaGVpZ2h0PSIxIiB4bWxucz0iaHR0cDovL3d3dy53My5vcmcvMjAwMC9zdmciPjwvc3ZnPg==\" class=\"lazyload\" \/><\/a><script type=\"text\/javascript\">var hupso_services=new Array(\"Twitter\",\"Facebook\",\"Pinterest\",\"Linkedin\",\"Tumblr\",\"StumbleUpon\",\"Digg\",\"Reddit\",\"Bebo\",\"Delicious\",\"QZone\",\"Renren\",\"Email\");var hupso_icon_type = \"labels\";var hupso_background=\"#3BF8FF\";var hupso_border=\"#FF2B0A\";var hupso_image_folder_url = \"\";var hupso_url=\"\";var hupso_title=\"M%C5%81AWA.%20Wywiad%20z%20radnym%20Micha%C5%82em%20Nowakowskim%20w%20sprawie%20oskar%C5%BCe%C5%84%20kierowanych%20pod%20jego%20adresem%21\";<\/script><script type=\"text\/javascript\" src=\"http:\/\/static.hupso.com\/share\/js\/share.js\"><\/script><!-- Hupso Share Buttons --><\/div>","protected":false},"author":1,"featured_media":1466,"comment_status":"open","ping_status":"open","sticky":false,"template":"","format":"standard","meta":{"_acf_changed":false,"wprm-recipe-roundup-name":"","wprm-recipe-roundup-description":"","footnotes":""},"categories":[385],"tags":[411,407,23,410,408,409],"class_list":["post-1465","post","type-post","status-publish","format-standard","has-post-thumbnail","hentry","category-wywiady","tag-burmistrz-miasta-mlawa","tag-grozby-karalne","tag-mlawa","tag-oskarzeniami","tag-prokuratury","tag-wymysl"],"acf":[],"amp_enabled":true,"_links":{"self":[{"href":"http:\/\/portalm\u0142awa.pl\/index.php?rest_route=\/wp\/v2\/posts\/1465","targetHints":{"allow":["GET"]}}],"collection":[{"href":"http:\/\/portalm\u0142awa.pl\/index.php?rest_route=\/wp\/v2\/posts"}],"about":[{"href":"http:\/\/portalm\u0142awa.pl\/index.php?rest_route=\/wp\/v2\/types\/post"}],"author":[{"embeddable":true,"href":"http:\/\/portalm\u0142awa.pl\/index.php?rest_route=\/wp\/v2\/users\/1"}],"replies":[{"embeddable":true,"href":"http:\/\/portalm\u0142awa.pl\/index.php?rest_route=%2Fwp%2Fv2%2Fcomments&post=1465"}],"version-history":[{"count":1,"href":"http:\/\/portalm\u0142awa.pl\/index.php?rest_route=\/wp\/v2\/posts\/1465\/revisions"}],"predecessor-version":[{"id":1467,"href":"http:\/\/portalm\u0142awa.pl\/index.php?rest_route=\/wp\/v2\/posts\/1465\/revisions\/1467"}],"wp:featuredmedia":[{"embeddable":true,"href":"http:\/\/portalm\u0142awa.pl\/index.php?rest_route=\/wp\/v2\/media\/1466"}],"wp:attachment":[{"href":"http:\/\/portalm\u0142awa.pl\/index.php?rest_route=%2Fwp%2Fv2%2Fmedia&parent=1465"}],"wp:term":[{"taxonomy":"category","embeddable":true,"href":"http:\/\/portalm\u0142awa.pl\/index.php?rest_route=%2Fwp%2Fv2%2Fcategories&post=1465"},{"taxonomy":"post_tag","embeddable":true,"href":"http:\/\/portalm\u0142awa.pl\/index.php?rest_route=%2Fwp%2Fv2%2Ftags&post=1465"}],"curies":[{"name":"wp","href":"https:\/\/api.w.org\/{rel}","templated":true}]}}