{"id":14705,"date":"2026-04-25T09:51:52","date_gmt":"2026-04-25T07:51:52","guid":{"rendered":"http:\/\/portalm\u0142awa.pl\/?p=14705"},"modified":"2026-04-25T09:51:52","modified_gmt":"2026-04-25T07:51:52","slug":"miliony-dla-osp-kto-naprawde-skorzystal-powiat-mlawski-w-centrum-cichej-ofensywy-bezpieczenstwa","status":"publish","type":"post","link":"http:\/\/portalm\u0142awa.pl\/?p=14705","title":{"rendered":"Miliony dla OSP. Kto naprawd\u0119 skorzysta\u0142? Powiat m\u0142awski w centrum cichej ofensywy bezpiecze\u0144stwa"},"content":{"rendered":"<p style=\"text-align: justify;\">22 kwietnia 2026 roku sejmik wojew\u00f3dztwa mazowieckiego uruchomi\u0142 pot\u0119\u017cny strumie\u0144 pieni\u0119dzy dla stra\u017cak\u00f3w ochotnik\u00f3w. Na papierze \u2013 ponad 2,6 mln z\u0142 dla regionu ciechanowskiego. W praktyce \u2013 precyzyjnie rozpisana operacja wzmacniania bezpiecze\u0144stwa lokalnego.<\/p>\n<p style=\"text-align: justify;\">Ale gdy odrzucimy szeroki kontekst i skupimy si\u0119 na konkretach, jedno staje si\u0119 jasne:<\/p>\n<p style=\"text-align: justify;\">\ud83d\udc49 powiat m\u0142awski jest jednym z najwi\u0119kszych beneficjent\u00f3w tego programu.<\/p>\n<p style=\"text-align: justify;\"><strong>POWIAT M\u0141AWSKI \u2013 PE\u0141NA LISTA GMIN I PIENI\u0118DZY<\/strong><\/p>\n<p style=\"text-align: justify;\">\u00a01. NAJWI\u0118KSZY KALIBER \u2013 NOWY W\u00d3Z<\/p>\n<p style=\"text-align: justify;\">Gmina Dzierzgowo \u2013 OSP Dobrogosty<\/p>\n<p style=\"text-align: justify;\">\u27a1\ufe0f nowy \u015bredni samoch\u00f3d ratowniczo-ga\u015bniczy<\/p>\n<p style=\"text-align: justify;\">\ud83d\udcb0 150 000 z\u0142<\/p>\n<p style=\"text-align: justify;\">\ud83d\udc49 To najwy\u017cszy mo\u017cliwy poziom wsparcia. Realna zmiana mo\u017cliwo\u015bci operacyjnych.<\/p>\n<p style=\"text-align: justify;\">\u00a02. SPRZ\u0118T I WYPOSA\u017bENIE \u2013 ROZPROSZONA SI\u0141A<\/p>\n<p style=\"text-align: justify;\"><strong>Gmina Stupsk<\/strong><\/p>\n<p style=\"text-align: justify;\">OSP D\u0105bek<\/p>\n<p style=\"text-align: justify;\">\ud83d\udcb0 9 840 z\u0142 + 50 000 z\u0142 inwestycyjne<\/p>\n<p style=\"text-align: justify;\">OSP Konopki<\/p>\n<p style=\"text-align: justify;\">\ud83d\udcb0 10 278 z\u0142<\/p>\n<p style=\"text-align: justify;\">OSP Stupsk<\/p>\n<p style=\"text-align: justify;\">\ud83d\udcb0 20 355 z\u0142<\/p>\n<p style=\"text-align: justify;\">OSP Wyszyny Ko\u015bcielne<\/p>\n<p style=\"text-align: justify;\">\ud83d\udcb0 9 527 z\u0142<\/p>\n<p style=\"text-align: justify;\">\ud83d\udc49 \u0141\u0105cznie: ponad 80 tys. z\u0142+<\/p>\n<p style=\"text-align: justify;\"><strong>Gmina Radzan\u00f3w<\/strong><\/p>\n<p style=\"text-align: justify;\">OSP Radzan\u00f3w<\/p>\n<p style=\"text-align: justify;\">\ud83d\udcb0 8 925 z\u0142 + 16 825 z\u0142 inwestycyjne<\/p>\n<p style=\"text-align: justify;\">OSP Gradzanowo W\u0142o\u015bcia\u0144skie<\/p>\n<p style=\"text-align: justify;\">\ud83d\udcb0 7 900 z\u0142<\/p>\n<p style=\"text-align: justify;\">\ud83d\udc49 \u0141\u0105cznie: ok. 33 650 z\u0142<\/p>\n<p style=\"text-align: justify;\"><strong>Gmina Strzegowo<\/strong><\/p>\n<p style=\"text-align: justify;\">OSP D\u0105browa<\/p>\n<p style=\"text-align: justify;\">\ud83d\udcb0 19 200 z\u0142 + 50 000 z\u0142 inwestycyjne<\/p>\n<p style=\"text-align: justify;\">OSP Kowalewko<\/p>\n<p style=\"text-align: justify;\">\ud83d\udcb0 5 800 z\u0142<\/p>\n<p style=\"text-align: justify;\">OSP Strzegowo<\/p>\n<p style=\"text-align: justify;\">\ud83d\udcb0 10 000 z\u0142<\/p>\n<p style=\"text-align: justify;\">OSP Czarnocin<\/p>\n<p style=\"text-align: justify;\">\ud83d\udcb0 3 000 z\u0142<\/p>\n<p style=\"text-align: justify;\">OSP Niedzb\u00f3rz<\/p>\n<p style=\"text-align: justify;\">\ud83d\udcb0 12 000 z\u0142<\/p>\n<p style=\"text-align: justify;\">\ud83d\udc49 \u0141\u0105cznie: ok. 100 000 z\u0142<\/p>\n<p style=\"text-align: justify;\"><strong>Gmina Wieczfnia Ko\u015bcielna<\/strong><\/p>\n<p style=\"text-align: justify;\">OSP Wieczfnia Ko\u015bcielna<\/p>\n<p style=\"text-align: justify;\">\ud83d\udcb0 35 000 z\u0142 (inwestycyjne)<\/p>\n<p style=\"text-align: justify;\">\ud83c\udfd7\ufe0f 3. STRA\u017bNICE \u2013 SYSTEMOWE WYR\u00d3WNANIE POZIOMU<\/p>\n<p style=\"text-align: justify;\">Tu wida\u0107 strategi\u0119: niemal ka\u017cda gmina z powiatu m\u0142awskiego dostaje r\u00f3wne wsparcie \u2013 40 tys. z\u0142.<\/p>\n<p style=\"text-align: justify;\">Lista:<\/p>\n<p style=\"text-align: justify;\">Gmina Stupsk \u2013 Wyszyny Ko\u015bcielne<\/p>\n<p style=\"text-align: justify;\">\ud83d\udcb0 40 000 z\u0142<\/p>\n<p style=\"text-align: justify;\">Gmina Radzan\u00f3w \u2013 Gradzanowo W\u0142o\u015bcia\u0144skie<\/p>\n<p style=\"text-align: justify;\">\ud83d\udcb0 40 000 z\u0142<\/p>\n<p style=\"text-align: justify;\">Gmina Dzierzgowo \u2013 Dzierzgowo<\/p>\n<p style=\"text-align: justify;\">\ud83d\udcb0 40 000 z\u0142<\/p>\n<p style=\"text-align: justify;\">Gmina Strzegowo \u2013 D\u0105browa<\/p>\n<p style=\"text-align: justify;\">\ud83d\udcb0 40 000 z\u0142<\/p>\n<p style=\"text-align: justify;\">Gmina Wieczfnia Ko\u015bcielna \u2013 Windyki<\/p>\n<p style=\"text-align: justify;\">\ud83d\udcb0 40 000 z\u0142<\/p>\n<p style=\"text-align: justify;\">Gmina Szre\u0144sk \u2013 Szre\u0144sk<\/p>\n<p style=\"text-align: justify;\">\ud83d\udcb0 40 000 z\u0142<\/p>\n<p style=\"text-align: justify;\">Gmina Lipowiec Ko\u015bcielny \u2013 Turza Ma\u0142a<\/p>\n<p style=\"text-align: justify;\">\ud83d\udcb0 40 000 z\u0142<\/p>\n<p style=\"text-align: justify;\">Gmina Wi\u015bniewo \u2013 G\u0142u\u017cek<\/p>\n<p style=\"text-align: justify;\">\ud83d\udcb0 40 000 z\u0142<\/p>\n<p style=\"text-align: justify;\">Gmina Szyd\u0142owo \u2013 Garlino<\/p>\n<p style=\"text-align: justify;\">\ud83d\udcb0 40 000 z\u0142<\/p>\n<p style=\"text-align: justify;\">Miasto M\u0142awa \u2013 OSP M\u0142awa<\/p>\n<p style=\"text-align: justify;\">\ud83d\udcb0 12 800 z\u0142<\/p>\n<p style=\"text-align: justify;\">\ud83d\udc49 Pe\u0142ne pokrycie powiatu. Bez wyj\u0105tk\u00f3w.<\/p>\n<p style=\"text-align: justify;\">\ud83d\udcca TWARDA ANALIZA: KTO WYGRYWA NAJWI\u0118CEJ?<\/p>\n<p style=\"text-align: justify;\">\ud83e\udd47 Liderzy finansowania:<\/p>\n<p style=\"text-align: justify;\">Gmina Dzierzgowo \u2013 150 000 z\u0142 (w\u00f3z) + 40 000 z\u0142 (stra\u017cnica)<\/p>\n<p style=\"text-align: justify;\">\ud83d\udc49 ok. 190 000 z\u0142<\/p>\n<p style=\"text-align: justify;\">Gmina Strzegowo \u2013 ok. 100 000 z\u0142 (sprz\u0119t) + 40 000 z\u0142<\/p>\n<p style=\"text-align: justify;\">\ud83d\udc49 ok. 140 000 z\u0142<\/p>\n<p style=\"text-align: justify;\">Gmina Stupsk \u2013 ponad 80 000 z\u0142 + 40 000 z\u0142<\/p>\n<p style=\"text-align: justify;\">\ud83d\udc49 ponad 120 000 z\u0142<\/p>\n<p style=\"text-align: justify;\">\ud83d\udd25 CO TU NAPRAWD\u0118 SI\u0118 DZIEJE?<\/p>\n<p style=\"text-align: justify;\">To nie jest zwyk\u0142y program dotacyjny.<\/p>\n<p style=\"text-align: justify;\">To tr\u00f3jpoziomowy system wzmacniania OSP:<\/p>\n<p style=\"text-align: justify;\">1\ufe0f\u20e3 Fundament<\/p>\n<p style=\"text-align: justify;\">\u27a1\ufe0f stra\u017cnice (40 tys. z\u0142 niemal wsz\u0119dzie)<\/p>\n<p style=\"text-align: justify;\">2\ufe0f\u20e3 Funkcjonalno\u015b\u0107<\/p>\n<p style=\"text-align: justify;\">\u27a1\ufe0f sprz\u0119t i wyposa\u017cenie (dziesi\u0105tki tysi\u0119cy)<\/p>\n<p style=\"text-align: justify;\">3\ufe0f\u20e3 Przewaga operacyjna<\/p>\n<p style=\"text-align: justify;\">\u27a1\ufe0f nowe wozy (do 150 tys. z\u0142)<\/p>\n<p style=\"text-align: justify;\">\u26a0\ufe0f MOCNA KONKLUZJA<\/p>\n<p style=\"text-align: justify;\">Powiat m\u0142awski nie dosta\u0142 \u201eresztek z bud\u017cetu\u201d.<\/p>\n<p style=\"text-align: justify;\">\ud83d\udc49 Zosta\u0142 obj\u0119ty pe\u0142nym pakietem modernizacyjnym.<\/p>\n<p style=\"text-align: justify;\">Od Szyd\u0142owa, przez Stupsk i Strzegowo, a\u017c po M\u0142aw\u0119:<\/p>\n<p style=\"text-align: justify;\">&#8211; stra\u017cnice s\u0105 odnawiane,<\/p>\n<p style=\"text-align: justify;\">&#8211; sprz\u0119t trafia do wielu jednostek,<\/p>\n<p style=\"text-align: justify;\">&#8211; pojawiaj\u0105 si\u0119 nowe wozy.<\/p>\n<p style=\"text-align: justify;\"><strong>Efekt?<\/strong><\/p>\n<p style=\"text-align: justify;\">\ud83d\udc49 Powstaje jeden z najlepiej dofinansowanych lokalnych system\u00f3w OSP w regionie ciechanowskim.<\/p>\n<p style=\"text-align: justify;\">I najwa\u017cniejsze:<\/p>\n<p style=\"text-align: justify;\">To dzieje si\u0119 po cichu.<\/p>\n<p style=\"text-align: justify;\">Bez wielkich konferencji.<\/p>\n<p style=\"text-align: justify;\">Bez politycznych hase\u0142.<\/p>\n<p style=\"text-align: justify;\">Ale gdy przyjdzie moment pr\u00f3by \u2014<\/p>\n<p style=\"text-align: justify;\">to w\u0142a\u015bnie te decyzje zdecyduj\u0105 o czasie reakcji, skuteczno\u015bci i\u2026 ludzkim \u017cyciu.<\/p>\n<p style=\"text-align: justify;\">T.B<\/p>\n<p style=\"box-sizing: border-box; margin-top: 0px; margin-bottom: 15px; color: #555555; font-family: Roboto, sans-serif; font-size: 15px; text-align: justify;\">KOMENTARZE<\/p>\n<p style=\"box-sizing: border-box; margin-top: 0px; margin-bottom: 15px; color: #555555; font-family: Roboto, sans-serif; font-size: 15px; text-align: justify;\">Wydawca portalu nie ponosi odpowiedzialno\u015bci za tre\u015b\u0107 komentarzy zamieszczanych przez u\u017cytkownik\u00f3w. Osoby zamieszczaj\u0105ce wypowiedzi naruszaj\u0105ce prawo lub prawem chronione dobra os\u00f3b trzecich mog\u0105 ponie\u015b\u0107 z tego tytu\u0142u odpowiedzialno\u015b\u0107 karn\u0105 lub cywiln\u0105.JEDNOCZE\u015aNIE UZYTKOWNICY ZAMIESZCZAJ\u0104C KOMENTARZ OSWIADCZAJ\u0104, \u017bE BIOR\u0104 PE\u0141N\u0104 ODPOWIEDZIALNO\u015a\u0106 ZA TRE\u015aCI UMIESZCZONE PRZEZ SIEBIE<\/p>\n<div style=\"padding-bottom:20px; padding-top:10px;\" class=\"hupso-share-buttons\"><!-- Hupso Share Buttons - https:\/\/www.hupso.com\/share\/ --><a class=\"hupso_pop\" href=\"https:\/\/www.hupso.com\/share\/\"><img decoding=\"async\" data-src=\"http:\/\/static.hupso.com\/share\/buttons\/button100x23.png\" style=\"border:0px; width:100; height: 23; \" alt=\"Share Button\" src=\"data:image\/svg+xml;base64,PHN2ZyB3aWR0aD0iMSIgaGVpZ2h0PSIxIiB4bWxucz0iaHR0cDovL3d3dy53My5vcmcvMjAwMC9zdmciPjwvc3ZnPg==\" class=\"lazyload\" \/><\/a><script type=\"text\/javascript\">var hupso_services=new Array(\"Twitter\",\"Facebook\",\"Pinterest\",\"Linkedin\",\"Tumblr\",\"StumbleUpon\",\"Digg\",\"Reddit\",\"Bebo\",\"Delicious\",\"QZone\",\"Renren\",\"Email\");var hupso_icon_type = \"labels\";var hupso_background=\"#3BF8FF\";var hupso_border=\"#FF2B0A\";var hupso_image_folder_url = \"\";var hupso_url=\"\";var hupso_title=\"Miliony%20dla%20OSP.%20Kto%20naprawd%C4%99%20skorzysta%C5%82%3F%20Powiat%20m%C5%82awski%20w%20centrum%20cichej%20ofensywy%20bezpiecze%C5%84stwa\";<\/script><script type=\"text\/javascript\" src=\"http:\/\/static.hupso.com\/share\/js\/share.js\"><\/script><!-- Hupso Share Buttons --><\/div>","protected":false},"excerpt":{"rendered":"<p>22 kwietnia 2026 roku sejmik wojew\u00f3dztwa mazowieckiego uruchomi\u0142 pot\u0119\u017cny strumie\u0144 pieni\u0119dzy dla stra\u017cak\u00f3w ochotnik\u00f3w. Na papierze \u2013 ponad 2,6 mln z\u0142 dla regionu ciechanowskiego. W praktyce \u2013 precyzyjnie rozpisana operacja&hellip; <\/p>\n<div style=\"padding-bottom:20px; padding-top:10px;\" class=\"hupso-share-buttons\"><!-- Hupso Share Buttons - https:\/\/www.hupso.com\/share\/ --><a class=\"hupso_pop\" href=\"https:\/\/www.hupso.com\/share\/\"><img data-src=\"http:\/\/static.hupso.com\/share\/buttons\/button100x23.png\" style=\"border:0px; width:100; height: 23; \" alt=\"Share Button\" src=\"data:image\/svg+xml;base64,PHN2ZyB3aWR0aD0iMSIgaGVpZ2h0PSIxIiB4bWxucz0iaHR0cDovL3d3dy53My5vcmcvMjAwMC9zdmciPjwvc3ZnPg==\" class=\"lazyload\" \/><\/a><script type=\"text\/javascript\">var hupso_services=new Array(\"Twitter\",\"Facebook\",\"Pinterest\",\"Linkedin\",\"Tumblr\",\"StumbleUpon\",\"Digg\",\"Reddit\",\"Bebo\",\"Delicious\",\"QZone\",\"Renren\",\"Email\");var hupso_icon_type = \"labels\";var hupso_background=\"#3BF8FF\";var hupso_border=\"#FF2B0A\";var hupso_image_folder_url = \"\";var hupso_url=\"\";var hupso_title=\"Miliony%20dla%20OSP.%20Kto%20naprawd%C4%99%20skorzysta%C5%82%3F%20Powiat%20m%C5%82awski%20w%20centrum%20cichej%20ofensywy%20bezpiecze%C5%84stwa\";<\/script><script type=\"text\/javascript\" src=\"http:\/\/static.hupso.com\/share\/js\/share.js\"><\/script><!-- Hupso Share Buttons --><\/div>","protected":false},"author":1,"featured_media":14706,"comment_status":"open","ping_status":"open","sticky":false,"template":"","format":"standard","meta":{"_acf_changed":false,"wprm-recipe-roundup-name":"","wprm-recipe-roundup-description":"","footnotes":""},"categories":[19,506,28],"tags":[],"class_list":["post-14705","post","type-post","status-publish","format-standard","has-post-thumbnail","hentry","category-aktualnosci","category-pow","category-wyd"],"acf":[],"amp_enabled":true,"_links":{"self":[{"href":"http:\/\/portalm\u0142awa.pl\/index.php?rest_route=\/wp\/v2\/posts\/14705","targetHints":{"allow":["GET"]}}],"collection":[{"href":"http:\/\/portalm\u0142awa.pl\/index.php?rest_route=\/wp\/v2\/posts"}],"about":[{"href":"http:\/\/portalm\u0142awa.pl\/index.php?rest_route=\/wp\/v2\/types\/post"}],"author":[{"embeddable":true,"href":"http:\/\/portalm\u0142awa.pl\/index.php?rest_route=\/wp\/v2\/users\/1"}],"replies":[{"embeddable":true,"href":"http:\/\/portalm\u0142awa.pl\/index.php?rest_route=%2Fwp%2Fv2%2Fcomments&post=14705"}],"version-history":[{"count":1,"href":"http:\/\/portalm\u0142awa.pl\/index.php?rest_route=\/wp\/v2\/posts\/14705\/revisions"}],"predecessor-version":[{"id":14707,"href":"http:\/\/portalm\u0142awa.pl\/index.php?rest_route=\/wp\/v2\/posts\/14705\/revisions\/14707"}],"wp:featuredmedia":[{"embeddable":true,"href":"http:\/\/portalm\u0142awa.pl\/index.php?rest_route=\/wp\/v2\/media\/14706"}],"wp:attachment":[{"href":"http:\/\/portalm\u0142awa.pl\/index.php?rest_route=%2Fwp%2Fv2%2Fmedia&parent=14705"}],"wp:term":[{"taxonomy":"category","embeddable":true,"href":"http:\/\/portalm\u0142awa.pl\/index.php?rest_route=%2Fwp%2Fv2%2Fcategories&post=14705"},{"taxonomy":"post_tag","embeddable":true,"href":"http:\/\/portalm\u0142awa.pl\/index.php?rest_route=%2Fwp%2Fv2%2Ftags&post=14705"}],"curies":[{"name":"wp","href":"https:\/\/api.w.org\/{rel}","templated":true}]}}