{"id":14717,"date":"2026-04-25T16:22:47","date_gmt":"2026-04-25T14:22:47","guid":{"rendered":"http:\/\/portalm\u0142awa.pl\/?p=14717"},"modified":"2026-04-25T16:22:47","modified_gmt":"2026-04-25T14:22:47","slug":"mlody-glos-wielka-sprawa-wiktor-wronski-poruszyl-warszawe","status":"publish","type":"post","link":"http:\/\/portalm\u0142awa.pl\/?p=14717","title":{"rendered":"M\u0142ody g\u0142os, wielka sprawa. Wiktor Wro\u0144ski poruszy\u0142 Warszaw\u0119"},"content":{"rendered":"<p style=\"text-align: justify;\">W \u015bwiecie, gdzie ha\u0142as codzienno\u015bci zag\u0142usza to, co naprawd\u0119 wa\u017cne, czasem pojawia si\u0119 g\u0142os, kt\u00f3rego nie spos\u00f3b zignorowa\u0107. Taki w\u0142a\u015bnie g\u0142os zabrzmia\u0142 18 kwietnia w sercu Warszawa \u2014 i nale\u017ca\u0142 do ucznia Szko\u0142y Podstawowej nr 4, Wiktora Wro\u0144skiego.<\/p>\n<p style=\"text-align: justify;\">M\u0142ody recytator stan\u0105\u0142 na jednej z najbardziej presti\u017cowych scen dla m\u0142odzie\u017cy w kraju, bior\u0105c udzia\u0142 w finale 49. edycji Konkurs Recytatorski \u201eWarszawska Syrenka\u201d. To wydarzenie od lat wy\u0142ania najwra\u017cliwsze i najbardziej utalentowane g\u0142osy m\u0142odego pokolenia \u2014 a Wiktor bez w\u0105tpienia zapisa\u0142 si\u0119 w tej historii mocnym akcentem.<\/p>\n<p style=\"text-align: justify;\">Na scenie zaprezentowa\u0142 utw\u00f3r \u201eLepsza planeta\u201d autorstwa Pawe\u0142 Go\u0142uch \u2014 tekst, kt\u00f3ry nie tylko wybrzmia\u0142, ale wr\u0119cz zatrzyma\u0142 publiczno\u015b\u0107 w bezruchu. To nie by\u0142a zwyk\u0142a recytacja. To by\u0142o przes\u0142anie. Opowie\u015b\u0107 o odpowiedzialno\u015bci, o \u015bwiecie, kt\u00f3ry zostawimy kolejnym pokoleniom, i o tym, \u017ce zmiana zaczyna si\u0119 od nas samych.<\/p>\n<p style=\"text-align: justify;\">Wiktor nie tylko wypowiedzia\u0142 s\u0142owa \u2014 on je prze\u017cy\u0142. W jego interpretacji s\u0142ycha\u0107 by\u0142o emocje, \u015bwiadomo\u015b\u0107 i dojrza\u0142o\u015b\u0107, kt\u00f3ra wykracza daleko poza jego wiek. Publiczno\u015b\u0107 nie mia\u0142a w\u0105tpliwo\u015bci: na scenie stoi kto\u015b, kto nie tylko rozumie tekst, ale potrafi nada\u0107 mu nowe \u017cycie.<\/p>\n<p style=\"text-align: justify;\">Sam udzia\u0142 w finale to ogromne wyr\u00f3\u017cnienie, ale w przypadku Wiktora to tak\u017ce zapowied\u017a czego\u015b wi\u0119cej. Talent, wra\u017cliwo\u015b\u0107 i odwaga sceniczna \u2014 to trio, kt\u00f3re mo\u017ce zaprowadzi\u0107 go naprawd\u0119 daleko.<\/p>\n<p style=\"text-align: justify;\">Teraz pozostaje jedno: czeka\u0107. Wyniki konkursu zostan\u0105 og\u0142oszone 25 kwietnia. Emocje rosn\u0105, napi\u0119cie si\u0119ga zenitu, a my\u2026 trzymamy kciuki.<\/p>\n<p style=\"text-align: justify;\">Bo czasem jeden g\u0142os mo\u017ce zmieni\u0107 bardzo wiele.<\/p>\n<p style=\"text-align: justify;\">Nades\u0142ane oprac.T B\u00a0 \u00a0fot SP4<\/p>\n<p style=\"box-sizing: border-box; margin-top: 0px; margin-bottom: 15px; color: #555555; font-family: Roboto, sans-serif; font-size: 15px; text-align: justify;\">KOMENTARZE<\/p>\n<p style=\"box-sizing: border-box; margin-top: 0px; margin-bottom: 15px; color: #555555; font-family: Roboto, sans-serif; font-size: 15px; text-align: justify;\">Wydawca portalu nie ponosi odpowiedzialno\u015bci za tre\u015b\u0107 komentarzy zamieszczanych przez u\u017cytkownik\u00f3w. Osoby zamieszczaj\u0105ce wypowiedzi naruszaj\u0105ce prawo lub prawem chronione dobra os\u00f3b trzecich mog\u0105 ponie\u015b\u0107 z tego tytu\u0142u odpowiedzialno\u015b\u0107 karn\u0105 lub cywiln\u0105.JEDNOCZE\u015aNIE UZYTKOWNICY ZAMIESZCZAJ\u0104C KOMENTARZ OSWIADCZAJ\u0104, \u017bE BIOR\u0104 PE\u0141N\u0104 ODPOWIEDZIALNO\u015a\u0106 ZA TRE\u015aCI UMIESZCZONE PRZEZ SIEBIE<\/p>\n<div style=\"padding-bottom:20px; padding-top:10px;\" class=\"hupso-share-buttons\"><!-- Hupso Share Buttons - https:\/\/www.hupso.com\/share\/ --><a class=\"hupso_pop\" href=\"https:\/\/www.hupso.com\/share\/\"><img decoding=\"async\" data-src=\"http:\/\/static.hupso.com\/share\/buttons\/button100x23.png\" style=\"border:0px; width:100; height: 23; \" alt=\"Share Button\" src=\"data:image\/svg+xml;base64,PHN2ZyB3aWR0aD0iMSIgaGVpZ2h0PSIxIiB4bWxucz0iaHR0cDovL3d3dy53My5vcmcvMjAwMC9zdmciPjwvc3ZnPg==\" class=\"lazyload\" \/><\/a><script type=\"text\/javascript\">var hupso_services=new Array(\"Twitter\",\"Facebook\",\"Pinterest\",\"Linkedin\",\"Tumblr\",\"StumbleUpon\",\"Digg\",\"Reddit\",\"Bebo\",\"Delicious\",\"QZone\",\"Renren\",\"Email\");var hupso_icon_type = \"labels\";var hupso_background=\"#3BF8FF\";var hupso_border=\"#FF2B0A\";var hupso_image_folder_url = \"\";var hupso_url=\"\";var hupso_title=\"M%C5%82ody%20g%C5%82os%2C%20wielka%20sprawa.%20Wiktor%20Wro%C5%84ski%20poruszy%C5%82%20Warszaw%C4%99\";<\/script><script type=\"text\/javascript\" src=\"http:\/\/static.hupso.com\/share\/js\/share.js\"><\/script><!-- Hupso Share Buttons --><\/div>","protected":false},"excerpt":{"rendered":"<p>W \u015bwiecie, gdzie ha\u0142as codzienno\u015bci zag\u0142usza to, co naprawd\u0119 wa\u017cne, czasem pojawia si\u0119 g\u0142os, kt\u00f3rego nie spos\u00f3b zignorowa\u0107. Taki w\u0142a\u015bnie g\u0142os zabrzmia\u0142 18 kwietnia w sercu Warszawa \u2014 i nale\u017ca\u0142&hellip; <\/p>\n<div style=\"padding-bottom:20px; padding-top:10px;\" class=\"hupso-share-buttons\"><!-- Hupso Share Buttons - https:\/\/www.hupso.com\/share\/ --><a class=\"hupso_pop\" href=\"https:\/\/www.hupso.com\/share\/\"><img data-src=\"http:\/\/static.hupso.com\/share\/buttons\/button100x23.png\" style=\"border:0px; width:100; height: 23; \" alt=\"Share Button\" src=\"data:image\/svg+xml;base64,PHN2ZyB3aWR0aD0iMSIgaGVpZ2h0PSIxIiB4bWxucz0iaHR0cDovL3d3dy53My5vcmcvMjAwMC9zdmciPjwvc3ZnPg==\" class=\"lazyload\" \/><\/a><script type=\"text\/javascript\">var hupso_services=new Array(\"Twitter\",\"Facebook\",\"Pinterest\",\"Linkedin\",\"Tumblr\",\"StumbleUpon\",\"Digg\",\"Reddit\",\"Bebo\",\"Delicious\",\"QZone\",\"Renren\",\"Email\");var hupso_icon_type = \"labels\";var hupso_background=\"#3BF8FF\";var hupso_border=\"#FF2B0A\";var hupso_image_folder_url = \"\";var hupso_url=\"\";var hupso_title=\"M%C5%82ody%20g%C5%82os%2C%20wielka%20sprawa.%20Wiktor%20Wro%C5%84ski%20poruszy%C5%82%20Warszaw%C4%99\";<\/script><script type=\"text\/javascript\" src=\"http:\/\/static.hupso.com\/share\/js\/share.js\"><\/script><!-- Hupso Share Buttons --><\/div>","protected":false},"author":1,"featured_media":14718,"comment_status":"open","ping_status":"open","sticky":false,"template":"","format":"standard","meta":{"_acf_changed":false,"wprm-recipe-roundup-name":"","wprm-recipe-roundup-description":"","footnotes":""},"categories":[19,3,28],"tags":[],"class_list":["post-14717","post","type-post","status-publish","format-standard","has-post-thumbnail","hentry","category-aktualnosci","category-kultura","category-wyd"],"acf":[],"amp_enabled":true,"_links":{"self":[{"href":"http:\/\/portalm\u0142awa.pl\/index.php?rest_route=\/wp\/v2\/posts\/14717","targetHints":{"allow":["GET"]}}],"collection":[{"href":"http:\/\/portalm\u0142awa.pl\/index.php?rest_route=\/wp\/v2\/posts"}],"about":[{"href":"http:\/\/portalm\u0142awa.pl\/index.php?rest_route=\/wp\/v2\/types\/post"}],"author":[{"embeddable":true,"href":"http:\/\/portalm\u0142awa.pl\/index.php?rest_route=\/wp\/v2\/users\/1"}],"replies":[{"embeddable":true,"href":"http:\/\/portalm\u0142awa.pl\/index.php?rest_route=%2Fwp%2Fv2%2Fcomments&post=14717"}],"version-history":[{"count":1,"href":"http:\/\/portalm\u0142awa.pl\/index.php?rest_route=\/wp\/v2\/posts\/14717\/revisions"}],"predecessor-version":[{"id":14719,"href":"http:\/\/portalm\u0142awa.pl\/index.php?rest_route=\/wp\/v2\/posts\/14717\/revisions\/14719"}],"wp:featuredmedia":[{"embeddable":true,"href":"http:\/\/portalm\u0142awa.pl\/index.php?rest_route=\/wp\/v2\/media\/14718"}],"wp:attachment":[{"href":"http:\/\/portalm\u0142awa.pl\/index.php?rest_route=%2Fwp%2Fv2%2Fmedia&parent=14717"}],"wp:term":[{"taxonomy":"category","embeddable":true,"href":"http:\/\/portalm\u0142awa.pl\/index.php?rest_route=%2Fwp%2Fv2%2Fcategories&post=14717"},{"taxonomy":"post_tag","embeddable":true,"href":"http:\/\/portalm\u0142awa.pl\/index.php?rest_route=%2Fwp%2Fv2%2Ftags&post=14717"}],"curies":[{"name":"wp","href":"https:\/\/api.w.org\/{rel}","templated":true}]}}