{"id":14779,"date":"2026-04-28T16:45:13","date_gmt":"2026-04-28T14:45:13","guid":{"rendered":"http:\/\/portalm\u0142awa.pl\/?p=14779"},"modified":"2026-04-29T10:04:23","modified_gmt":"2026-04-29T08:04:23","slug":"wojskowy-dzien-sportu","status":"publish","type":"post","link":"http:\/\/portalm\u0142awa.pl\/?p=14779","title":{"rendered":"WOJSKOWY DZIE\u0143 SPORTU"},"content":{"rendered":"<p class=\"gwp01b9bc59_MsoNormal\" style=\"color: #000000; font-family: Calibri, Helvetica, sans-serif, EmojiFont, 'Apple Color Emoji', 'Segoe UI Emoji', NotoColorEmoji, 'Segoe UI Symbol', 'Android Emoji', EmojiSymbols; text-align: justify;\"><span style=\"font-family: 'Times New Roman', serif;\">Czas, si\u0142a i wytrzyma\u0142o\u015b\u0107 &#8211; to one by\u0142y prawdziwym sprawdzianem podczas Wojskowego Dnia Sportu. Termin nie by\u0142 przypadkowy &#8211; 27 kwietnia w Wojsku Polskim obchodzony jest Dzie\u0144 Sportu, Sprawno\u015bci Fizycznej i Zdrowego Trybu \u017bycia, co idealnie wpisa\u0142o si\u0119 w ide\u0119 przedsi\u0119wzi\u0119cia.<\/span><\/p>\n<p class=\"gwp01b9bc59_MsoNormal\" style=\"color: #000000; font-family: Calibri, Helvetica, sans-serif, EmojiFont, 'Apple Color Emoji', 'Segoe UI Emoji', NotoColorEmoji, 'Segoe UI Symbol', 'Android Emoji', EmojiSymbols; text-align: justify;\"><span style=\"font-family: 'Times New Roman', serif;\">Na starcie stan\u0119li mieszka\u0144cy regionu, uczniowie szk\u00f3\u0142, \u017co\u0142nierze oraz funkcjonariusze s\u0142u\u017cb mundurowych. Bez zb\u0119dnego dystansu &#8211; za to z konkretnym celem i du\u017c\u0105 dawk\u0105 motywacji. Uczestnicy rywalizowali w trzech g\u0142\u00f3wnych konkurencjach:<\/span><\/p>\n<ul style=\"color: #000000; font-family: Calibri, Helvetica, sans-serif, EmojiFont, 'Apple Color Emoji', 'Segoe UI Emoji', NotoColorEmoji, 'Segoe UI Symbol', 'Android Emoji', EmojiSymbols; margin-top: 0cm; text-align: justify;\" type=\"disc\">\n<li class=\"gwp01b9bc59_MsoNormal\"><span style=\"font-family: 'Times New Roman', serif;\">bieg na 3 km o\u00a0<b>Puchar Prezydenta Miasta Ciechanowa,<\/b><\/span><\/li>\n<li class=\"gwp01b9bc59_MsoNormal\"><span style=\"font-family: 'Times New Roman', serif;\">biegowy tor si\u0142owy o\u00a0<b>Puchar Dow\u00f3dcy 5 MBOT<\/b>,<\/span><\/li>\n<li class=\"gwp01b9bc59_MsoNormal\"><span style=\"font-family: 'Times New Roman', serif;\">wyciskanie sztangi le\u017c\u0105c o\u00a0<b>Puchar Dyrektora I LO CN-B im. Polskich Spadochroniarzy w Ciechanowie<\/b>.<\/span><\/li>\n<\/ul>\n<p class=\"gwp01b9bc59_MsoNormal\" style=\"color: #000000; font-family: Calibri, Helvetica, sans-serif, EmojiFont, 'Apple Color Emoji', 'Segoe UI Emoji', NotoColorEmoji, 'Segoe UI Symbol', 'Android Emoji', EmojiSymbols; text-align: justify;\"><span style=\"font-family: 'Times New Roman', serif;\">Po zako\u0144czeniu wszystkich konkurencji wy\u0142oniono zwyci\u0119zc\u00f3w, kt\u00f3rzy otrzymali puchary i wyr\u00f3\u017cnienia. Najlepsze rezultaty:<\/span><\/p>\n<ul style=\"color: #000000; font-family: Calibri, Helvetica, sans-serif, EmojiFont, 'Apple Color Emoji', 'Segoe UI Emoji', NotoColorEmoji, 'Segoe UI Symbol', 'Android Emoji', EmojiSymbols; text-align: justify;\">\n<li><span style=\"font-family: 'Times New Roman', serif;\">w kategorii m\u0119\u017cczyzn &#8211; 31,53 s na torze si\u0142owym, w kategorii kobiet 53,29<\/span><\/li>\n<li><span style=\"font-family: 'Times New Roman', serif;\">w kategorii m\u0119\u017cczyzn &#8211; 10:00 min, w kategorii kobiet 15:26 w biegu na 3 km<\/span><\/li>\n<li><span style=\"font-family: 'Times New Roman', serif;\">w kategorii m\u0119\u017cczyzn &#8211; 220 kg, w kategorii kobiet &#8211;\u00a0<span style=\"color: #ee0000;\">\u2026.<\/span>\u00a0w wyciskaniu sztangi le\u017c\u0105c.<\/span><\/li>\n<\/ul>\n<p class=\"gwp01b9bc59_MsoNormal\" style=\"color: #000000; font-family: Calibri, Helvetica, sans-serif, EmojiFont, 'Apple Color Emoji', 'Segoe UI Emoji', NotoColorEmoji, 'Segoe UI Symbol', 'Android Emoji', EmojiSymbols; text-align: justify;\"><span style=\"font-family: 'Times New Roman', serif;\">Nagrody wr\u0119czyli: Dow\u00f3dca 5 Mazowieckiej Brygady Obrony Terytorialnej p\u0142k dr Pawe\u0142 Lech, Dyrektor MOSiR Pan Jerzy Omieci\u0144ski oraz Dyrektor I LO CN-B im. Polskich Spadochroniarzy w Ciechanowie Pani Agata Pytel.<\/span><\/p>\n<p class=\"gwp01b9bc59_MsoNormal\" style=\"color: #000000; font-family: Calibri, Helvetica, sans-serif, EmojiFont, 'Apple Color Emoji', 'Segoe UI Emoji', NotoColorEmoji, 'Segoe UI Symbol', 'Android Emoji', EmojiSymbols; text-align: justify;\"><span style=\"font-family: 'Times New Roman', serif;\">Dzi\u0119kujemy wszystkim uczestnikom za ich zaanga\u017cowanie oraz mieszka\u0144com Ciechanowa za obecno\u015b\u0107 i wsparcie tego sportowego wydarzenia.<\/span><\/p>\n<div style=\"color: #000000; font-family: Calibri, Helvetica, sans-serif;\">\n<div style=\"font-family: Calibri, Helvetica, sans-serif, serif, EmojiFont; text-align: justify; margin-top: 0px; margin-bottom: 0px;\" align=\"left\"><span style=\"font-family: Calibri,Helvetica,sans-serif,EmojiFont,Apple Color Emoji,Segoe UI Emoji,NotoColorEmoji,Segoe UI Symbol,Android Emoji,EmojiSymbols; font-size: small;\"><span style=\"font-size: 16px;\"><span style=\"font-family: Times New Roman,serif,serif,EmojiFont; font-size: medium;\"><span style=\"font-size: 12pt;\"><b>st. kpr. Renata Jaskulska<\/b><\/span><\/span><\/span><\/span><\/div>\n<div align=\"left\">\n<p style=\"box-sizing: border-box; margin-top: 0px; margin-bottom: 15px; color: #555555; font-family: Roboto, sans-serif; font-size: 15px; text-align: justify;\">KOMENTARZE<\/p>\n<p style=\"box-sizing: border-box; margin-top: 0px; margin-bottom: 15px; color: #555555; font-family: Roboto, sans-serif; font-size: 15px; text-align: justify;\">Wydawca portalu nie ponosi odpowiedzialno\u015bci za tre\u015b\u0107 komentarzy zamieszczanych przez u\u017cytkownik\u00f3w. Osoby zamieszczaj\u0105ce wypowiedzi naruszaj\u0105ce prawo lub prawem chronione dobra os\u00f3b trzecich mog\u0105 ponie\u015b\u0107 z tego tytu\u0142u odpowiedzialno\u015b\u0107 karn\u0105 lub cywiln\u0105.JEDNOCZE\u015aNIE UZYTKOWNICY ZAMIESZCZAJ\u0104C KOMENTARZ OSWIADCZAJ\u0104, \u017bE BIOR\u0104 PE\u0141N\u0104 ODPOWIEDZIALNO\u015a\u0106 ZA<\/p>\n<\/div>\n<\/div>\n<div style=\"padding-bottom:20px; padding-top:10px;\" class=\"hupso-share-buttons\"><!-- Hupso Share Buttons - https:\/\/www.hupso.com\/share\/ --><a class=\"hupso_pop\" href=\"https:\/\/www.hupso.com\/share\/\"><img decoding=\"async\" data-src=\"http:\/\/static.hupso.com\/share\/buttons\/button100x23.png\" style=\"border:0px; width:100; height: 23; \" alt=\"Share Button\" src=\"data:image\/svg+xml;base64,PHN2ZyB3aWR0aD0iMSIgaGVpZ2h0PSIxIiB4bWxucz0iaHR0cDovL3d3dy53My5vcmcvMjAwMC9zdmciPjwvc3ZnPg==\" class=\"lazyload\" \/><\/a><script type=\"text\/javascript\">var hupso_services=new Array(\"Twitter\",\"Facebook\",\"Pinterest\",\"Linkedin\",\"Tumblr\",\"StumbleUpon\",\"Digg\",\"Reddit\",\"Bebo\",\"Delicious\",\"QZone\",\"Renren\",\"Email\");var hupso_icon_type = \"labels\";var hupso_background=\"#3BF8FF\";var hupso_border=\"#FF2B0A\";var hupso_image_folder_url = \"\";var hupso_url=\"\";var hupso_title=\"WOJSKOWY%20DZIE%C5%83%20SPORTU\";<\/script><script type=\"text\/javascript\" src=\"http:\/\/static.hupso.com\/share\/js\/share.js\"><\/script><!-- Hupso Share Buttons --><\/div>","protected":false},"excerpt":{"rendered":"<p>Czas, si\u0142a i wytrzyma\u0142o\u015b\u0107 &#8211; to one by\u0142y prawdziwym sprawdzianem podczas Wojskowego Dnia Sportu. Termin nie by\u0142 przypadkowy &#8211; 27 kwietnia w Wojsku Polskim obchodzony jest Dzie\u0144 Sportu, Sprawno\u015bci Fizycznej&hellip; <\/p>\n<div style=\"padding-bottom:20px; padding-top:10px;\" class=\"hupso-share-buttons\"><!-- Hupso Share Buttons - https:\/\/www.hupso.com\/share\/ --><a class=\"hupso_pop\" href=\"https:\/\/www.hupso.com\/share\/\"><img data-src=\"http:\/\/static.hupso.com\/share\/buttons\/button100x23.png\" style=\"border:0px; width:100; height: 23; \" alt=\"Share Button\" src=\"data:image\/svg+xml;base64,PHN2ZyB3aWR0aD0iMSIgaGVpZ2h0PSIxIiB4bWxucz0iaHR0cDovL3d3dy53My5vcmcvMjAwMC9zdmciPjwvc3ZnPg==\" class=\"lazyload\" \/><\/a><script type=\"text\/javascript\">var hupso_services=new Array(\"Twitter\",\"Facebook\",\"Pinterest\",\"Linkedin\",\"Tumblr\",\"StumbleUpon\",\"Digg\",\"Reddit\",\"Bebo\",\"Delicious\",\"QZone\",\"Renren\",\"Email\");var hupso_icon_type = \"labels\";var hupso_background=\"#3BF8FF\";var hupso_border=\"#FF2B0A\";var hupso_image_folder_url = \"\";var hupso_url=\"\";var hupso_title=\"WOJSKOWY%20DZIE%C5%83%20SPORTU\";<\/script><script type=\"text\/javascript\" src=\"http:\/\/static.hupso.com\/share\/js\/share.js\"><\/script><!-- Hupso Share Buttons --><\/div>","protected":false},"author":1,"featured_media":14780,"comment_status":"open","ping_status":"open","sticky":false,"template":"","format":"standard","meta":{"_acf_changed":false,"wprm-recipe-roundup-name":"","wprm-recipe-roundup-description":"","footnotes":""},"categories":[19,28],"tags":[],"class_list":["post-14779","post","type-post","status-publish","format-standard","has-post-thumbnail","hentry","category-aktualnosci","category-wyd"],"acf":[],"amp_enabled":true,"_links":{"self":[{"href":"http:\/\/portalm\u0142awa.pl\/index.php?rest_route=\/wp\/v2\/posts\/14779","targetHints":{"allow":["GET"]}}],"collection":[{"href":"http:\/\/portalm\u0142awa.pl\/index.php?rest_route=\/wp\/v2\/posts"}],"about":[{"href":"http:\/\/portalm\u0142awa.pl\/index.php?rest_route=\/wp\/v2\/types\/post"}],"author":[{"embeddable":true,"href":"http:\/\/portalm\u0142awa.pl\/index.php?rest_route=\/wp\/v2\/users\/1"}],"replies":[{"embeddable":true,"href":"http:\/\/portalm\u0142awa.pl\/index.php?rest_route=%2Fwp%2Fv2%2Fcomments&post=14779"}],"version-history":[{"count":3,"href":"http:\/\/portalm\u0142awa.pl\/index.php?rest_route=\/wp\/v2\/posts\/14779\/revisions"}],"predecessor-version":[{"id":14791,"href":"http:\/\/portalm\u0142awa.pl\/index.php?rest_route=\/wp\/v2\/posts\/14779\/revisions\/14791"}],"wp:featuredmedia":[{"embeddable":true,"href":"http:\/\/portalm\u0142awa.pl\/index.php?rest_route=\/wp\/v2\/media\/14780"}],"wp:attachment":[{"href":"http:\/\/portalm\u0142awa.pl\/index.php?rest_route=%2Fwp%2Fv2%2Fmedia&parent=14779"}],"wp:term":[{"taxonomy":"category","embeddable":true,"href":"http:\/\/portalm\u0142awa.pl\/index.php?rest_route=%2Fwp%2Fv2%2Fcategories&post=14779"},{"taxonomy":"post_tag","embeddable":true,"href":"http:\/\/portalm\u0142awa.pl\/index.php?rest_route=%2Fwp%2Fv2%2Ftags&post=14779"}],"curies":[{"name":"wp","href":"https:\/\/api.w.org\/{rel}","templated":true}]}}