{"id":14782,"date":"2026-04-28T18:04:50","date_gmt":"2026-04-28T16:04:50","guid":{"rendered":"http:\/\/portalm\u0142awa.pl\/?p=14782"},"modified":"2026-04-29T10:02:47","modified_gmt":"2026-04-29T08:02:47","slug":"rodzinny-rajd-wielkie-emocje-i-jedna-wspolna-misja-ruszyc-razem","status":"publish","type":"post","link":"http:\/\/portalm\u0142awa.pl\/?p=14782","title":{"rendered":"Rodzinny rajd, wielkie emocje i jedna wsp\u00f3lna misja \u2013 ruszy\u0107 razem!"},"content":{"rendered":"<p style=\"text-align: justify;\">To b\u0119dzie dzie\u0144, w kt\u00f3rym asfalt zamieni si\u0119 w przestrze\u0144 rado\u015bci, a kilometry w pretekst do wsp\u00f3lnego \u015bwi\u0119towania. Ju\u017c 23 maja mieszka\u0144cy regionu spotkaj\u0105 si\u0119, by wzi\u0105\u0107 udzia\u0142 w wyj\u0105tkowym wydarzeniu \u2013 Rodzinnym Rajdzie Rowerowym z okazji Dnia Dziecka. Start zaplanowano punktualnie o godzinie 12:00 przy sali OSP w Turzy Wielkiej \u2013 i wszystko wskazuje na to, \u017ce b\u0119dzie to jeden z najbardziej energetycznych dni tej wiosny.<\/p>\n<p style=\"text-align: justify;\"><strong>19 kilometr\u00f3w wsp\u00f3lnej przygody<\/strong><\/p>\n<p style=\"text-align: justify;\">Trasa rajdu liczy oko\u0142o 19 kilometr\u00f3w i prowadzi przez malownicze miejscowo\u015bci regionu: Kuczewo, Kr\u0119pa oraz Lewiczyn. Meta zlokalizowana zosta\u0142a w Lipowcu\u00a0 Ko\u015bcielnym, gdzie na uczestnik\u00f3w czeka\u0107 b\u0119dzie co\u015b wi\u0119cej ni\u017c tylko zas\u0142u\u017cony odpoczynek.<\/p>\n<p style=\"text-align: justify;\">To nie jest wy\u015bcig. Tu nie liczy si\u0119 czas, ale obecno\u015b\u0107. Ka\u017cdy kilometr to okazja do rozm\u00f3w, \u015bmiechu i budowania wspomnie\u0144 \u2013 tych najcenniejszych, bo tworzonych razem.<\/p>\n<p style=\"text-align: justify;\"><strong>Festyn, kt\u00f3ry zacznie si\u0119 tam, gdzie ko\u0144czy si\u0119 trasa<\/strong><\/p>\n<p style=\"text-align: justify;\">O godzinie 14:00 boisko Szko\u0142y Podstawowej w Lipowcu Ko\u015bcielnym zamieni si\u0119 w centrum rodzinnej rozrywki. Organizatorzy zadbali o to, by nikt \u2013 od najm\u0142odszych po doros\u0142ych \u2013 nie mia\u0142 czasu na nud\u0119.<\/p>\n<p style=\"text-align: justify;\">Na miejscu pojawi\u0105 si\u0119 dmucha\u0144ce, gry i animacje, a tak\u017ce stoiska K\u00f3\u0142 Gospody\u0144 Wiejskich, kt\u00f3re \u2013 jak zawsze \u2013 przyci\u0105gn\u0105 zapachem tradycyjnych potraw. To w\u0142a\u015bnie tam smak dzieci\u0144stwa spotyka si\u0119 z lokaln\u0105 pasj\u0105.<\/p>\n<p style=\"text-align: justify;\"><strong>Nagrody, kt\u00f3re wywo\u0142aj\u0105 u\u015bmiech<\/strong><\/p>\n<p style=\"text-align: justify;\">Dla uczestnik\u00f3w rajdu przygotowano loteri\u0119 fantow\u0105. I cho\u0107 nagrody s\u0105 kusz\u0105ce, to prawdziw\u0105 wygran\u0105 b\u0119dzie udzia\u0142 w wydarzeniu, kt\u00f3re \u0142\u0105czy pokolenia i przypomina, jak niewiele potrzeba, by stworzy\u0107 co\u015b wyj\u0105tkowego.<\/p>\n<p style=\"text-align: justify;\"><strong>Wsp\u00f3lnota w ruchu<\/strong><\/p>\n<p style=\"text-align: justify;\">Za organizacj\u0105 wydarzenia stoj\u0105 lokalne instytucje i spo\u0142eczno\u015b\u0107 Gminy Lipowiec Ko\u015bcielny, co tylko podkre\u015bla, jak wa\u017cne s\u0105 takie inicjatywy. To nie tylko rajd \u2013 to manifest lokalnej energii, zaanga\u017cowania i potrzeby bycia razem.<\/p>\n<p style=\"text-align: justify;\"><strong>Jak do\u0142\u0105czy\u0107?<\/strong><\/p>\n<p style=\"text-align: justify;\">Zapisy prowadzone s\u0105 telefonicznie pod numerem 501-798-550, a tak\u017ce w dniu rajdu od godziny 11:00. Formularze zg\u0142oszeniowe dost\u0119pne s\u0105 w GCKSiR oraz w szko\u0142ach na terenie gminy.<\/p>\n<p style=\"text-align: justify;\"><strong>23 maja to nie data \u2013 to zaproszenie.<\/strong><\/p>\n<p style=\"text-align: justify;\">Zaproszenie do ruchu, do u\u015bmiechu, do bycia razem. Je\u015bli masz rower i odrobin\u0119 wolnego czasu \u2013 reszta wydarzy si\u0119 sama.<\/p>\n<p style=\"text-align: justify;\">T.B<\/p>\n<p style=\"box-sizing: border-box; margin-top: 0px; margin-bottom: 15px; color: #555555; font-family: Roboto, sans-serif; font-size: 15px; text-align: justify;\">KOMENTARZE<\/p>\n<p style=\"box-sizing: border-box; margin-top: 0px; margin-bottom: 15px; color: #555555; font-family: Roboto, sans-serif; font-size: 15px; text-align: justify;\">Wydawca portalu nie ponosi odpowiedzialno\u015bci za tre\u015b\u0107 komentarzy zamieszczanych przez u\u017cytkownik\u00f3w. Osoby zamieszczaj\u0105ce wypowiedzi naruszaj\u0105ce prawo lub prawem chronione dobra os\u00f3b trzecich mog\u0105 ponie\u015b\u0107 z tego tytu\u0142u odpowiedzialno\u015b\u0107 karn\u0105 lub cywiln\u0105.JEDNOCZE\u015aNIE UZYTKOWNICY ZAMIESZCZAJ\u0104C KOMENTARZ OSWIADCZAJ\u0104, \u017bE BIOR\u0104 PE\u0141N\u0104 ODPOWIEDZIALNO\u015a\u0106 ZA TRE\u015aCI UMIESZCZONE PRZEZ SIEBIE<\/p>\n<div style=\"padding-bottom:20px; padding-top:10px;\" class=\"hupso-share-buttons\"><!-- Hupso Share Buttons - https:\/\/www.hupso.com\/share\/ --><a class=\"hupso_pop\" href=\"https:\/\/www.hupso.com\/share\/\"><img decoding=\"async\" data-src=\"http:\/\/static.hupso.com\/share\/buttons\/button100x23.png\" style=\"border:0px; width:100; height: 23; \" alt=\"Share Button\" src=\"data:image\/svg+xml;base64,PHN2ZyB3aWR0aD0iMSIgaGVpZ2h0PSIxIiB4bWxucz0iaHR0cDovL3d3dy53My5vcmcvMjAwMC9zdmciPjwvc3ZnPg==\" class=\"lazyload\" \/><\/a><script type=\"text\/javascript\">var hupso_services=new Array(\"Twitter\",\"Facebook\",\"Pinterest\",\"Linkedin\",\"Tumblr\",\"StumbleUpon\",\"Digg\",\"Reddit\",\"Bebo\",\"Delicious\",\"QZone\",\"Renren\",\"Email\");var hupso_icon_type = \"labels\";var hupso_background=\"#3BF8FF\";var hupso_border=\"#FF2B0A\";var hupso_image_folder_url = \"\";var hupso_url=\"\";var hupso_title=\"Rodzinny%20rajd%2C%20wielkie%20emocje%20i%20jedna%20wsp%C3%B3lna%20misja%20%E2%80%93%20ruszy%C4%87%20razem%21\";<\/script><script type=\"text\/javascript\" src=\"http:\/\/static.hupso.com\/share\/js\/share.js\"><\/script><!-- Hupso Share Buttons --><\/div>","protected":false},"excerpt":{"rendered":"<p>To b\u0119dzie dzie\u0144, w kt\u00f3rym asfalt zamieni si\u0119 w przestrze\u0144 rado\u015bci, a kilometry w pretekst do wsp\u00f3lnego \u015bwi\u0119towania. Ju\u017c 23 maja mieszka\u0144cy regionu spotkaj\u0105 si\u0119, by wzi\u0105\u0107 udzia\u0142 w wyj\u0105tkowym&hellip; <\/p>\n<div style=\"padding-bottom:20px; padding-top:10px;\" class=\"hupso-share-buttons\"><!-- Hupso Share Buttons - https:\/\/www.hupso.com\/share\/ --><a class=\"hupso_pop\" href=\"https:\/\/www.hupso.com\/share\/\"><img data-src=\"http:\/\/static.hupso.com\/share\/buttons\/button100x23.png\" style=\"border:0px; width:100; height: 23; \" alt=\"Share Button\" src=\"data:image\/svg+xml;base64,PHN2ZyB3aWR0aD0iMSIgaGVpZ2h0PSIxIiB4bWxucz0iaHR0cDovL3d3dy53My5vcmcvMjAwMC9zdmciPjwvc3ZnPg==\" class=\"lazyload\" \/><\/a><script type=\"text\/javascript\">var hupso_services=new Array(\"Twitter\",\"Facebook\",\"Pinterest\",\"Linkedin\",\"Tumblr\",\"StumbleUpon\",\"Digg\",\"Reddit\",\"Bebo\",\"Delicious\",\"QZone\",\"Renren\",\"Email\");var hupso_icon_type = \"labels\";var hupso_background=\"#3BF8FF\";var hupso_border=\"#FF2B0A\";var hupso_image_folder_url = \"\";var hupso_url=\"\";var hupso_title=\"Rodzinny%20rajd%2C%20wielkie%20emocje%20i%20jedna%20wsp%C3%B3lna%20misja%20%E2%80%93%20ruszy%C4%87%20razem%21\";<\/script><script type=\"text\/javascript\" src=\"http:\/\/static.hupso.com\/share\/js\/share.js\"><\/script><!-- Hupso Share Buttons --><\/div>","protected":false},"author":1,"featured_media":0,"comment_status":"open","ping_status":"open","sticky":false,"template":"","format":"standard","meta":{"_acf_changed":false,"wprm-recipe-roundup-name":"","wprm-recipe-roundup-description":"","footnotes":""},"categories":[19,506,4,28,696,6],"tags":[],"class_list":["post-14782","post","type-post","status-publish","format-standard","hentry","category-aktualnosci","category-pow","category-spo","category-wyd","category-zaproszenia","category-zapro-szenia"],"acf":[],"amp_enabled":true,"_links":{"self":[{"href":"http:\/\/portalm\u0142awa.pl\/index.php?rest_route=\/wp\/v2\/posts\/14782","targetHints":{"allow":["GET"]}}],"collection":[{"href":"http:\/\/portalm\u0142awa.pl\/index.php?rest_route=\/wp\/v2\/posts"}],"about":[{"href":"http:\/\/portalm\u0142awa.pl\/index.php?rest_route=\/wp\/v2\/types\/post"}],"author":[{"embeddable":true,"href":"http:\/\/portalm\u0142awa.pl\/index.php?rest_route=\/wp\/v2\/users\/1"}],"replies":[{"embeddable":true,"href":"http:\/\/portalm\u0142awa.pl\/index.php?rest_route=%2Fwp%2Fv2%2Fcomments&post=14782"}],"version-history":[{"count":3,"href":"http:\/\/portalm\u0142awa.pl\/index.php?rest_route=\/wp\/v2\/posts\/14782\/revisions"}],"predecessor-version":[{"id":14788,"href":"http:\/\/portalm\u0142awa.pl\/index.php?rest_route=\/wp\/v2\/posts\/14782\/revisions\/14788"}],"wp:attachment":[{"href":"http:\/\/portalm\u0142awa.pl\/index.php?rest_route=%2Fwp%2Fv2%2Fmedia&parent=14782"}],"wp:term":[{"taxonomy":"category","embeddable":true,"href":"http:\/\/portalm\u0142awa.pl\/index.php?rest_route=%2Fwp%2Fv2%2Fcategories&post=14782"},{"taxonomy":"post_tag","embeddable":true,"href":"http:\/\/portalm\u0142awa.pl\/index.php?rest_route=%2Fwp%2Fv2%2Ftags&post=14782"}],"curies":[{"name":"wp","href":"https:\/\/api.w.org\/{rel}","templated":true}]}}