{"id":14796,"date":"2026-04-29T12:04:16","date_gmt":"2026-04-29T10:04:16","guid":{"rendered":"http:\/\/portalm\u0142awa.pl\/?p=14796"},"modified":"2026-04-29T12:04:21","modified_gmt":"2026-04-29T10:04:21","slug":"dwoch-pijanych-nastolatkow-na-jednej-hulajnodze","status":"publish","type":"post","link":"http:\/\/portalm\u0142awa.pl\/?p=14796","title":{"rendered":"Dw\u00f3ch pijanych nastolatk\u00f3w na jednej hulajnodze"},"content":{"rendered":"<div class=\"head\" style=\"color: #000000; font-family: Arial, Helvetica, sans-serif; font-size: 15.996px; word-spacing: 2.55936px;\">\n<p class=\"intro\" style=\"font-size: 17.5956px; text-align: justify;\"><strong>Wieczorna przeja\u017cd\u017cka dw\u00f3ch nastolatk\u00f3w jedn\u0105 hulajnog\u0105 elektryczn\u0105 zako\u0144czy\u0142a si\u0119 policyjn\u0105 kontrol\u0105. Obaj byli pijani \u2013 15-latek mia\u0142 blisko promil alkoholu, 17-latek ponad 2 promile. Obaj odpowiedz\u0105 teraz za swoje zachowanie przed S\u0105dem Rodzinnym i Nieletnich.<\/strong><\/p>\n<\/div>\n<p style=\"color: #000000; font-family: Arial, Helvetica, sans-serif; font-size: 15.996px; word-spacing: 2.55936px; text-align: justify;\">W minion\u0105 sobot\u0119 (25.04) oko\u0142o godz. 20.30 na ul. Harcerskiej w Ciechanowie policjanci z Wydzia\u0142u Patrolowo-Interwencyjnego zauwa\u017cyli dw\u00f3ch nastolatk\u00f3w jad\u0105cych na jednej hulajnodze po drodze publicznej. Mundurowi zatrzymali ich do kontroli. Hulajnog\u0105 kierowa\u0142 15-letni mieszkaniec Ciechanowa. Wraz z nim podr\u00f3\u017cowa\u0142 17-letni pasa\u017cer. Policjanci sprawdzili stan trze\u017awo\u015bci nastolatk\u00f3w. Obaj byli pijani. Badanie stanu trze\u017awo\u015bci 15-latka wykaza\u0142o prawie promil alkoholu w jego organizmie. W przypadku 17-latka urz\u0105dzenie wskaza\u0142o wynik ponad 2 promili. Po przeprowadzeniu czynno\u015bci obaj ch\u0142opcy zostali przekazani pod opiek\u0119 rodzic\u00f3w. Ich spraw\u0105 zajmie si\u0119 teraz S\u0105d Rodzinny i Nieletnich.<\/p>\n<p style=\"color: #000000; font-family: Arial, Helvetica, sans-serif; font-size: 15.996px; word-spacing: 2.55936px; text-align: justify;\">Przypominamy, \u017ce kieruj\u0105cy hulajnog\u0105 elektryczn\u0105 maj\u0105 jasno okre\u015blone obowi\u0105zki:<\/p>\n<ul style=\"padding: 0px 0px 0px 20px; margin: 10px; color: #000000; font-family: Arial, Helvetica, sans-serif; font-size: 15.996px; word-spacing: 2.55936px; text-align: justify;\">\n<li style=\"padding: 0px 0px 5px; margin: 0px; text-align: justify;\">Dzieci poni\u017cej 13. roku \u017cycia nie mog\u0105 kierowa\u0107 hulajnog\u0105 elektryczn\u0105 na drodze. Wyj\u0105tkiem jest strefa zamieszkania, gdzie mog\u0105 porusza\u0107 si\u0119 wy\u0142\u0105cznie pod opiek\u0105 osoby doros\u0142ej.<\/li>\n<li style=\"padding: 0px 0px 5px; margin: 0px; text-align: justify;\">Nale\u017cy korzysta\u0107 z dr\u00f3g dla rower\u00f3w. W przypadku ich braku dopuszczalne jest poruszanie si\u0119 jezdni\u0105, ale wy\u0142\u0105cznie tam, gdzie ograniczenie pr\u0119dko\u015bci nie przekracza 30 km\/h.<\/li>\n<li style=\"padding: 0px 0px 5px; margin: 0px; text-align: justify;\">Poruszanie si\u0119 chodnikiem mo\u017cliwe jest jedynie w sytuacjach wyj\u0105tkowych \u2013 gdy nie ma ani drogi dla rower\u00f3w, ani odpowiedniej jezdni. W takim przypadku nale\u017cy jecha\u0107 z pr\u0119dko\u015bci\u0105 zbli\u017con\u0105 do pieszego i zachowa\u0107 szczeg\u00f3ln\u0105 ostro\u017cno\u015b\u0107.<\/li>\n<li style=\"padding: 0px 0px 5px; margin: 0px; text-align: justify;\">Maksymalna dopuszczalna pr\u0119dko\u015b\u0107 hulajnogi elektrycznej wynosi 20 km\/h. Jej przekraczanie stwarza realne zagro\u017cenie dla bezpiecze\u0144stwa.<\/li>\n<li style=\"padding: 0px 0px 5px; margin: 0px; text-align: justify;\">Ka\u017cda hulajnoga powinna by\u0107 odpowiednio wyposa\u017cona \u2013 w \u015bwiat\u0142a przednie\u00a0i tylne, elementy odblaskowe, sygna\u0142 d\u017awi\u0119kowy oraz sprawny hamulec.<\/li>\n<li style=\"padding: 0px 0px 5px; margin: 0px; text-align: justify;\">Podczas jazdy zabronione jest korzystanie z telefonu wymagaj\u0105cego trzymania go w r\u0119ku.<\/li>\n<li style=\"padding: 0px 0px 5px; margin: 0px; text-align: justify;\">Niedozwolone jest r\u00f3wnie\u017c przewo\u017cenie innych os\u00f3b \u2013 hulajnoga przeznaczona jest wy\u0142\u0105cznie dla jednego u\u017cytkownika.<\/li>\n<li style=\"padding: 0px 0px 5px; margin: 0px; text-align: justify;\">Zabrania si\u0119 tak\u017ce holowania lub ci\u0105gni\u0119cia innych pojazd\u00f3w.<\/li>\n<li style=\"padding: 0px 0px 5px; margin: 0px; text-align: justify;\">Kierowanie hulajnog\u0105 elektryczn\u0105 pod wp\u0142ywem alkoholu jest zabronione\u00a0&#8211; nawet niewielka ilo\u015b\u0107 obni\u017ca refleks, zaburza r\u00f3wnowag\u0119 i ocen\u0119 sytuacji, stwarzaj\u0105c realne zagro\u017cenie dla wszystkich uczestnik\u00f3w ruchu.<\/li>\n<li style=\"padding: 0px 0px 5px; margin: 0px; text-align: justify;\">Cho\u0107 obowi\u0105zek jazdy w kasku zacznie obowi\u0105zywa\u0107 od 3 czerwca 2026 r., policjanci ju\u017c teraz apeluj\u0105 o jego stosowanie. Kask ochronny oraz dodatkowe ochraniacze mog\u0105 znacz\u0105co ograniczy\u0107 skutki ewentualnych upadk\u00f3w.<\/li>\n<\/ul>\n<p style=\"color: #000000; font-family: Arial, Helvetica, sans-serif; font-size: 15.996px; word-spacing: 2.55936px; text-align: justify;\">Apelujemy do rodzic\u00f3w i opiekun\u00f3w o zwracanie szczeg\u00f3lnej uwagi na bezpiecze\u0144stwo najm\u0142odszych. Warto upewni\u0107 si\u0119, \u017ce dzieci znaj\u0105 obowi\u0105zuj\u0105ce przepisy, posiadaj\u0105 odpowiednie umiej\u0119tno\u015bci oraz korzystaj\u0105 z w\u0142a\u015bciwie wyposa\u017conych pojazd\u00f3w. Hulajnoga elektryczna to nie zabawka, lecz pojazd, kt\u00f3rego u\u017cytkowanie wymaga rozs\u0105dku i odpowiedzialno\u015bci.<\/p>\n<p style=\"color: #000000; font-family: Arial, Helvetica, sans-serif; font-size: 15.996px; word-spacing: 2.55936px; text-align: justify;\">asp. Magda Sakowska<\/p>\n<p style=\"box-sizing: border-box; margin-top: 0px; margin-bottom: 15px; color: #555555; font-family: Roboto, sans-serif; font-size: 15px; text-align: justify;\">KOMENTARZE<\/p>\n<p style=\"box-sizing: border-box; margin-top: 0px; margin-bottom: 15px; color: #555555; font-family: Roboto, sans-serif; font-size: 15px; text-align: justify;\">Wydawca portalu nie ponosi odpowiedzialno\u015bci za tre\u015b\u0107 komentarzy zamieszczanych przez u\u017cytkownik\u00f3w. Osoby zamieszczaj\u0105ce wypowiedzi naruszaj\u0105ce prawo lub prawem chronione dobra os\u00f3b trzecich mog\u0105 ponie\u015b\u0107 z tego tytu\u0142u odpowiedzialno\u015b\u0107 karn\u0105 lub cywiln\u0105.JEDNOCZE\u015aNIE UZYTKOWNICY ZAMIESZCZAJ\u0104C KOMENTARZ OSWIADCZAJ\u0104, \u017bE BIOR\u0104 PE\u0141N\u0104 ODPOWIEDZIALNO\u015a\u0106 ZA TRE\u015aCI UMIESZCZONE PRZEZ SIEBIE<\/p>\n<div style=\"padding-bottom:20px; padding-top:10px;\" class=\"hupso-share-buttons\"><!-- Hupso Share Buttons - https:\/\/www.hupso.com\/share\/ --><a class=\"hupso_pop\" href=\"https:\/\/www.hupso.com\/share\/\"><img decoding=\"async\" data-src=\"http:\/\/static.hupso.com\/share\/buttons\/button100x23.png\" style=\"border:0px; width:100; height: 23; \" alt=\"Share Button\" src=\"data:image\/svg+xml;base64,PHN2ZyB3aWR0aD0iMSIgaGVpZ2h0PSIxIiB4bWxucz0iaHR0cDovL3d3dy53My5vcmcvMjAwMC9zdmciPjwvc3ZnPg==\" class=\"lazyload\" \/><\/a><script type=\"text\/javascript\">var hupso_services=new Array(\"Twitter\",\"Facebook\",\"Pinterest\",\"Linkedin\",\"Tumblr\",\"StumbleUpon\",\"Digg\",\"Reddit\",\"Bebo\",\"Delicious\",\"QZone\",\"Renren\",\"Email\");var hupso_icon_type = \"labels\";var hupso_background=\"#3BF8FF\";var hupso_border=\"#FF2B0A\";var hupso_image_folder_url = \"\";var hupso_url=\"\";var hupso_title=\"Dw%C3%B3ch%20pijanych%20nastolatk%C3%B3w%20na%20jednej%20hulajnodze\";<\/script><script type=\"text\/javascript\" src=\"http:\/\/static.hupso.com\/share\/js\/share.js\"><\/script><!-- Hupso Share Buttons --><\/div>","protected":false},"excerpt":{"rendered":"<p>Wieczorna przeja\u017cd\u017cka dw\u00f3ch nastolatk\u00f3w jedn\u0105 hulajnog\u0105 elektryczn\u0105 zako\u0144czy\u0142a si\u0119 policyjn\u0105 kontrol\u0105. Obaj byli pijani \u2013 15-latek mia\u0142 blisko promil alkoholu, 17-latek ponad 2 promile. Obaj odpowiedz\u0105 teraz za swoje zachowanie&hellip; <\/p>\n<div style=\"padding-bottom:20px; padding-top:10px;\" class=\"hupso-share-buttons\"><!-- Hupso Share Buttons - https:\/\/www.hupso.com\/share\/ --><a class=\"hupso_pop\" href=\"https:\/\/www.hupso.com\/share\/\"><img data-src=\"http:\/\/static.hupso.com\/share\/buttons\/button100x23.png\" style=\"border:0px; width:100; height: 23; \" alt=\"Share Button\" src=\"data:image\/svg+xml;base64,PHN2ZyB3aWR0aD0iMSIgaGVpZ2h0PSIxIiB4bWxucz0iaHR0cDovL3d3dy53My5vcmcvMjAwMC9zdmciPjwvc3ZnPg==\" class=\"lazyload\" \/><\/a><script type=\"text\/javascript\">var hupso_services=new Array(\"Twitter\",\"Facebook\",\"Pinterest\",\"Linkedin\",\"Tumblr\",\"StumbleUpon\",\"Digg\",\"Reddit\",\"Bebo\",\"Delicious\",\"QZone\",\"Renren\",\"Email\");var hupso_icon_type = \"labels\";var hupso_background=\"#3BF8FF\";var hupso_border=\"#FF2B0A\";var hupso_image_folder_url = \"\";var hupso_url=\"\";var hupso_title=\"Dw%C3%B3ch%20pijanych%20nastolatk%C3%B3w%20na%20jednej%20hulajnodze\";<\/script><script type=\"text\/javascript\" src=\"http:\/\/static.hupso.com\/share\/js\/share.js\"><\/script><!-- Hupso Share Buttons --><\/div>","protected":false},"author":1,"featured_media":5280,"comment_status":"open","ping_status":"open","sticky":false,"template":"","format":"standard","meta":{"_acf_changed":false,"wprm-recipe-roundup-name":"","wprm-recipe-roundup-description":"","footnotes":""},"categories":[19,5,28],"tags":[],"class_list":["post-14796","post","type-post","status-publish","format-standard","has-post-thumbnail","hentry","category-aktualnosci","category-na-sygnale","category-wyd"],"acf":[],"amp_enabled":true,"_links":{"self":[{"href":"http:\/\/portalm\u0142awa.pl\/index.php?rest_route=\/wp\/v2\/posts\/14796","targetHints":{"allow":["GET"]}}],"collection":[{"href":"http:\/\/portalm\u0142awa.pl\/index.php?rest_route=\/wp\/v2\/posts"}],"about":[{"href":"http:\/\/portalm\u0142awa.pl\/index.php?rest_route=\/wp\/v2\/types\/post"}],"author":[{"embeddable":true,"href":"http:\/\/portalm\u0142awa.pl\/index.php?rest_route=\/wp\/v2\/users\/1"}],"replies":[{"embeddable":true,"href":"http:\/\/portalm\u0142awa.pl\/index.php?rest_route=%2Fwp%2Fv2%2Fcomments&post=14796"}],"version-history":[{"count":1,"href":"http:\/\/portalm\u0142awa.pl\/index.php?rest_route=\/wp\/v2\/posts\/14796\/revisions"}],"predecessor-version":[{"id":14797,"href":"http:\/\/portalm\u0142awa.pl\/index.php?rest_route=\/wp\/v2\/posts\/14796\/revisions\/14797"}],"wp:featuredmedia":[{"embeddable":true,"href":"http:\/\/portalm\u0142awa.pl\/index.php?rest_route=\/wp\/v2\/media\/5280"}],"wp:attachment":[{"href":"http:\/\/portalm\u0142awa.pl\/index.php?rest_route=%2Fwp%2Fv2%2Fmedia&parent=14796"}],"wp:term":[{"taxonomy":"category","embeddable":true,"href":"http:\/\/portalm\u0142awa.pl\/index.php?rest_route=%2Fwp%2Fv2%2Fcategories&post=14796"},{"taxonomy":"post_tag","embeddable":true,"href":"http:\/\/portalm\u0142awa.pl\/index.php?rest_route=%2Fwp%2Fv2%2Ftags&post=14796"}],"curies":[{"name":"wp","href":"https:\/\/api.w.org\/{rel}","templated":true}]}}