{"id":14798,"date":"2026-04-29T12:14:18","date_gmt":"2026-04-29T10:14:18","guid":{"rendered":"http:\/\/portalm\u0142awa.pl\/?p=14798"},"modified":"2026-04-29T12:14:18","modified_gmt":"2026-04-29T10:14:18","slug":"szereg-wykroczen-i-niezatrzymanie-do-policyjnej-kontroli-ucieczka-zaprowadzi-20-latka-do-sadu","status":"publish","type":"post","link":"http:\/\/portalm\u0142awa.pl\/?p=14798","title":{"rendered":"Szereg wykrocze\u0144 i niezatrzymanie do policyjnej kontroli. Ucieczka zaprowadzi 20-latka do s\u0105du"},"content":{"rendered":"<div class=\"head\" style=\"color: #000000; font-family: Arial, Helvetica, sans-serif; font-size: 15.996px; word-spacing: 2.55936px;\">\n<p class=\"intro\" style=\"font-size: 17.5956px; text-align: justify;\"><strong>Najpierw zignorowa\u0142 policyjne sygna\u0142y i polecenie zatrzymania si\u0119 do kontroli, a nast\u0119pnie porzuci\u0142 Audi na parkingu i rzuci\u0142 si\u0119 do ucieczki pieszo. Po kilkudziesi\u0119ciu minutach 20-latek by\u0142 ju\u017c w r\u0119kach policjant\u00f3w. Odpowie m.in. za niezatrzymanie si\u0119 do kontroli oraz jazd\u0119 bez uprawnie\u0144. Grozi mu kara do 5 lat wi\u0119zienia.<\/strong><\/p>\n<\/div>\n<p style=\"color: #000000; font-family: Arial, Helvetica, sans-serif; font-size: 15.996px; word-spacing: 2.55936px; text-align: justify;\">Wczoraj (28.04) oko\u0142o godz. 14.25 w Ciechanowie na ul. Armii Krajowej policjanci zauwa\u017cyli Audi, kt\u00f3rego kieruj\u0105cy nie korzysta\u0142 z wymaganych \u015bwiate\u0142, a ponadto nie mia\u0142 zapi\u0119tych pas\u00f3w bezpiecze\u0144stwa. Funkcjonariusze wydali m\u0119\u017cczy\u017anie sygna\u0142 do zatrzymania, jednak ten je zignorowa\u0142 i przyspieszy\u0142. Policjanci natychmiast pojechali za nim, u\u017cywaj\u0105c sygna\u0142\u00f3w d\u017awi\u0119kowych i b\u0142yskowych. M\u0119\u017cczyzna zjecha\u0142 na parking, porzuci\u0142 auto i kontynuowa\u0142 ucieczk\u0119 pieszo. Informacja o zdarzeniu zosta\u0142a przekazana patrolom pe\u0142ni\u0105cym s\u0142u\u017cb\u0119 w rejonie miasta. Mundurowi szybko ustalili, \u017ce autem kierowa\u0142 20-letni mieszkaniec Ciechanowa. M\u0119\u017cczyzna zosta\u0142 zatrzymany kilkadziesi\u0105t minut po zdarzeniu.<\/p>\n<p style=\"color: #000000; font-family: Arial, Helvetica, sans-serif; font-size: 15.996px; word-spacing: 2.55936px; text-align: justify;\">Policjanci przy u\u017cyciu ps\u00f3w s\u0142u\u017cbowych sprawdzili pojazd pod k\u0105tem narkotyk\u00f3w \u2013 nie znaleziono substancji zabronionych. Po sprawdzeniu 20-latka w policyjnych bazach danych okaza\u0142o si\u0119 natomiast, \u017ce nie ma on uprawnie\u0144 do kierowania pojazdami. M\u0119\u017cczyzna by\u0142 trze\u017awy.<\/p>\n<p style=\"color: #000000; font-family: Arial, Helvetica, sans-serif; font-size: 15.996px; word-spacing: 2.55936px; text-align: justify;\">Mieszkaniec Ciechanowa odpowie teraz przed s\u0105dem za niezatrzymanie do kontroli drogowej oraz jazd\u0119 bez wymaganych uprawnie\u0144.\u00a0 Za jazd\u0119 bez wymaganego o\u015bwietlenia oraz niekorzystanie z pas\u00f3w bezpiecze\u0144stwa zosta\u0142 ukarany mandatami karnymi.<\/p>\n<p style=\"color: #000000; font-family: Arial, Helvetica, sans-serif; font-size: 15.996px; word-spacing: 2.55936px; text-align: justify;\">Przypominamy, \u017ce niezatrzymanie si\u0119 do policyjnej kontroli jest przest\u0119pstwem zagro\u017conym kar\u0105 pozbawienia wolno\u015bci do 5 lat. Dodatkowo wobec takiej osoby s\u0105d obligatoryjnie orzeknie zakaz prowadzenia pojazd\u00f3w mechanicznych nawet na 15 lat.<\/p>\n<p style=\"color: #000000; font-family: Arial, Helvetica, sans-serif; font-size: 15.996px; word-spacing: 2.55936px; text-align: justify;\">asp. Magda Sakowska<\/p>\n<p style=\"box-sizing: border-box; margin-top: 0px; margin-bottom: 15px; color: #555555; font-family: Roboto, sans-serif; font-size: 15px; text-align: justify;\">KOMENTARZE<\/p>\n<p style=\"box-sizing: border-box; margin-top: 0px; margin-bottom: 15px; color: #555555; font-family: Roboto, sans-serif; font-size: 15px; text-align: justify;\">Wydawca portalu nie ponosi odpowiedzialno\u015bci za tre\u015b\u0107 komentarzy zamieszczanych przez u\u017cytkownik\u00f3w. Osoby zamieszczaj\u0105ce wypowiedzi naruszaj\u0105ce prawo lub prawem chronione dobra os\u00f3b trzecich mog\u0105 ponie\u015b\u0107 z tego tytu\u0142u odpowiedzialno\u015b\u0107 karn\u0105 lub cywiln\u0105.JEDNOCZE\u015aNIE UZYTKOWNICY ZAMIESZCZAJ\u0104C KOMENTARZ OSWIADCZAJ\u0104, \u017bE BIOR\u0104 PE\u0141N\u0104 ODPOWIEDZIALNO\u015a\u0106 ZA TRE\u015aCI UMIESZCZONE PRZEZ SIEBIE<\/p>\n<div style=\"padding-bottom:20px; padding-top:10px;\" class=\"hupso-share-buttons\"><!-- Hupso Share Buttons - https:\/\/www.hupso.com\/share\/ --><a class=\"hupso_pop\" href=\"https:\/\/www.hupso.com\/share\/\"><img decoding=\"async\" data-src=\"http:\/\/static.hupso.com\/share\/buttons\/button100x23.png\" style=\"border:0px; width:100; height: 23; \" alt=\"Share Button\" src=\"data:image\/svg+xml;base64,PHN2ZyB3aWR0aD0iMSIgaGVpZ2h0PSIxIiB4bWxucz0iaHR0cDovL3d3dy53My5vcmcvMjAwMC9zdmciPjwvc3ZnPg==\" class=\"lazyload\" \/><\/a><script type=\"text\/javascript\">var hupso_services=new Array(\"Twitter\",\"Facebook\",\"Pinterest\",\"Linkedin\",\"Tumblr\",\"StumbleUpon\",\"Digg\",\"Reddit\",\"Bebo\",\"Delicious\",\"QZone\",\"Renren\",\"Email\");var hupso_icon_type = \"labels\";var hupso_background=\"#3BF8FF\";var hupso_border=\"#FF2B0A\";var hupso_image_folder_url = \"\";var hupso_url=\"\";var hupso_title=\"Szereg%20wykrocze%C5%84%20i%20niezatrzymanie%20do%20policyjnej%20kontroli.%20Ucieczka%20zaprowadzi%2020-latka%20do%20s%C4%85du\";<\/script><script type=\"text\/javascript\" src=\"http:\/\/static.hupso.com\/share\/js\/share.js\"><\/script><!-- Hupso Share Buttons --><\/div>","protected":false},"excerpt":{"rendered":"<p>Najpierw zignorowa\u0142 policyjne sygna\u0142y i polecenie zatrzymania si\u0119 do kontroli, a nast\u0119pnie porzuci\u0142 Audi na parkingu i rzuci\u0142 si\u0119 do ucieczki pieszo. Po kilkudziesi\u0119ciu minutach 20-latek by\u0142 ju\u017c w r\u0119kach&hellip; <\/p>\n<div style=\"padding-bottom:20px; padding-top:10px;\" class=\"hupso-share-buttons\"><!-- Hupso Share Buttons - https:\/\/www.hupso.com\/share\/ --><a class=\"hupso_pop\" href=\"https:\/\/www.hupso.com\/share\/\"><img data-src=\"http:\/\/static.hupso.com\/share\/buttons\/button100x23.png\" style=\"border:0px; width:100; height: 23; \" alt=\"Share Button\" src=\"data:image\/svg+xml;base64,PHN2ZyB3aWR0aD0iMSIgaGVpZ2h0PSIxIiB4bWxucz0iaHR0cDovL3d3dy53My5vcmcvMjAwMC9zdmciPjwvc3ZnPg==\" class=\"lazyload\" \/><\/a><script type=\"text\/javascript\">var hupso_services=new Array(\"Twitter\",\"Facebook\",\"Pinterest\",\"Linkedin\",\"Tumblr\",\"StumbleUpon\",\"Digg\",\"Reddit\",\"Bebo\",\"Delicious\",\"QZone\",\"Renren\",\"Email\");var hupso_icon_type = \"labels\";var hupso_background=\"#3BF8FF\";var hupso_border=\"#FF2B0A\";var hupso_image_folder_url = \"\";var hupso_url=\"\";var hupso_title=\"Szereg%20wykrocze%C5%84%20i%20niezatrzymanie%20do%20policyjnej%20kontroli.%20Ucieczka%20zaprowadzi%2020-latka%20do%20s%C4%85du\";<\/script><script type=\"text\/javascript\" src=\"http:\/\/static.hupso.com\/share\/js\/share.js\"><\/script><!-- Hupso Share Buttons --><\/div>","protected":false},"author":1,"featured_media":4399,"comment_status":"open","ping_status":"open","sticky":false,"template":"","format":"standard","meta":{"_acf_changed":false,"wprm-recipe-roundup-name":"","wprm-recipe-roundup-description":"","footnotes":""},"categories":[19,5,28],"tags":[],"class_list":["post-14798","post","type-post","status-publish","format-standard","has-post-thumbnail","hentry","category-aktualnosci","category-na-sygnale","category-wyd"],"acf":[],"amp_enabled":true,"_links":{"self":[{"href":"http:\/\/portalm\u0142awa.pl\/index.php?rest_route=\/wp\/v2\/posts\/14798","targetHints":{"allow":["GET"]}}],"collection":[{"href":"http:\/\/portalm\u0142awa.pl\/index.php?rest_route=\/wp\/v2\/posts"}],"about":[{"href":"http:\/\/portalm\u0142awa.pl\/index.php?rest_route=\/wp\/v2\/types\/post"}],"author":[{"embeddable":true,"href":"http:\/\/portalm\u0142awa.pl\/index.php?rest_route=\/wp\/v2\/users\/1"}],"replies":[{"embeddable":true,"href":"http:\/\/portalm\u0142awa.pl\/index.php?rest_route=%2Fwp%2Fv2%2Fcomments&post=14798"}],"version-history":[{"count":1,"href":"http:\/\/portalm\u0142awa.pl\/index.php?rest_route=\/wp\/v2\/posts\/14798\/revisions"}],"predecessor-version":[{"id":14799,"href":"http:\/\/portalm\u0142awa.pl\/index.php?rest_route=\/wp\/v2\/posts\/14798\/revisions\/14799"}],"wp:featuredmedia":[{"embeddable":true,"href":"http:\/\/portalm\u0142awa.pl\/index.php?rest_route=\/wp\/v2\/media\/4399"}],"wp:attachment":[{"href":"http:\/\/portalm\u0142awa.pl\/index.php?rest_route=%2Fwp%2Fv2%2Fmedia&parent=14798"}],"wp:term":[{"taxonomy":"category","embeddable":true,"href":"http:\/\/portalm\u0142awa.pl\/index.php?rest_route=%2Fwp%2Fv2%2Fcategories&post=14798"},{"taxonomy":"post_tag","embeddable":true,"href":"http:\/\/portalm\u0142awa.pl\/index.php?rest_route=%2Fwp%2Fv2%2Ftags&post=14798"}],"curies":[{"name":"wp","href":"https:\/\/api.w.org\/{rel}","templated":true}]}}