{"id":14801,"date":"2026-04-29T12:27:36","date_gmt":"2026-04-29T10:27:36","guid":{"rendered":"http:\/\/portalm\u0142awa.pl\/?p=14801"},"modified":"2026-04-29T12:27:36","modified_gmt":"2026-04-29T10:27:36","slug":"wypadek-na-ul-warszawskiej-dwie-nastolatki-potracone-na-przejsciu","status":"publish","type":"post","link":"http:\/\/portalm\u0142awa.pl\/?p=14801","title":{"rendered":"Wypadek na ul. Warszawskiej, dwie nastolatki potr\u0105cone na przej\u015bciu"},"content":{"rendered":"<div style=\"color: #2c2f45; font-family: Verdana, Arial, Helvetica, sans-serif; font-size: small; text-align: justify;\"><strong style=\"font-family: Arial, Helvetica, sans-serif; font-size: 15.4px; word-spacing: 2.24px;\">Trwaj\u0105 ustalenia m\u0142awskiej policji w sprawie wczorajszego (28.04) wypadku, do kt\u00f3rego dosz\u0142o na przej\u015bciu dla pieszych w centrum M\u0142awy. Dwie ranne mieszkanki pow. m\u0142awskiego w wieku 14 i 16 lat przewieziono do szpitala w Ciechanowie. Policja apeluje o rozs\u0105dek i ostro\u017cno\u015b\u0107 na drodze, zar\u00f3wno do kierowc\u00f3w jak i pieszych.<\/strong><\/div>\n<div style=\"color: #2c2f45; font-family: Verdana, Arial, Helvetica, sans-serif; font-size: small; text-align: justify;\"><strong style=\"font-family: Arial, Helvetica, sans-serif; font-size: 15.4px; word-spacing: 2.24px;\">\u00a0<\/strong><\/div>\n<div style=\"color: #2c2f45; font-family: Verdana, Arial, Helvetica, sans-serif; font-size: small;\">\n<p style=\"font-family: Arial, Helvetica, sans-serif; font-size: 14px; word-spacing: 2.24px; text-align: justify;\">Do zdarzenia dosz\u0142o po godz. 14, podczas wzmo\u017conego ruchu, na ul. Warszawskiej w M\u0142awie, w rejonie skrzy\u017cowania z ul. 18 Stycznia. Jak wynika ze wst\u0119pnych ustale\u0144 policjant\u00f3w, pracuj\u0105cych na miejscu wypadku, kieruj\u0105cy Citroenem 39-letni mieszkaniec M\u0142awy, jad\u0105c w kierunku ul. Stary Rynek, nie ust\u0105pi\u0142 pierwsze\u0144stwa przechodz\u0105cym przez przej\u015bcie dziewczynkom w wieku 14 i 16 lat. Kierowca natychmiast powiadomi\u0142 s\u0142u\u017cby. By\u0142 trze\u017awy. Ranne piesze, z obra\u017ceniami cia\u0142a zosta\u0142y przewiezione do szpitala w Ciechanowie.\u00a0 Trwaj\u0105 szczeg\u00f3\u0142owe ustalenia przebiegu i przyczyn wypadku, post\u0119powanie prowadzi m\u0142awska komenda Policji.<\/p>\n<p style=\"font-family: Arial, Helvetica, sans-serif; font-size: 14px; word-spacing: 2.24px; text-align: justify;\"><strong>Policja apeluje do wszystkich uczestnik\u00f3w ruchu drogowego o zachowanie szczeg\u00f3lnej ostro\u017cno\u015bci oraz stosowanie zasady ograniczonego zaufania<\/strong>. Przej\u015bcia dla pieszych to miejsca szczeg\u00f3lne, wymagaj\u0105ce wzmo\u017conej uwagi zar\u00f3wno ze strony\u00a0 kierowc\u00f3w jak i pieszych.<\/p>\n<p style=\"font-family: Arial, Helvetica, sans-serif; font-size: 14px; word-spacing: 2.24px; text-align: justify;\"><strong>Kieruj\u0105cy pojazdem, zbli\u017caj\u0105c si\u0119 do przej\u015bcia dla pieszych jest obowi\u0105zany:<\/strong><\/p>\n<ul style=\"padding: 0px 0px 0px 20px; margin: 10px; font-family: Arial, Helvetica, sans-serif; font-size: 14px; word-spacing: 2.24px; text-align: justify;\">\n<li style=\"padding: 0px 0px 5px; margin: 0px;\">zachowa\u0107 szczeg\u00f3ln\u0105 ostro\u017cno\u015b\u0107;<\/li>\n<li style=\"padding: 0px 0px 5px; margin: 0px;\">zmniejszy\u0107 pr\u0119dko\u015b\u0107 tak, aby nie narazi\u0107 na niebezpiecze\u0144stwo pieszego znajduj\u0105cego si\u0119 na tym przej\u015bciu albo na nie wchodz\u0105cego;<\/li>\n<li style=\"padding: 0px 0px 5px; margin: 0px;\">ust\u0105pi\u0107 pierwsze\u0144stwa pieszemu znajduj\u0105cemu si\u0119 na tym przej\u015bciu albo wchodz\u0105cemu na to przej\u015bcie.<\/li>\n<\/ul>\n<p style=\"font-family: Arial, Helvetica, sans-serif; font-size: 14px; word-spacing: 2.24px; text-align: justify;\">Nadmierna pr\u0119dko\u015b\u0107, rozproszenie uwagi czy ignorowanie przepis\u00f3w znacz\u0105co zwi\u0119kszaj\u0105 ryzyko tragicznych w skutkach zdarze\u0144.<\/p>\n<p style=\"font-family: Arial, Helvetica, sans-serif; font-size: 14px; word-spacing: 2.24px; text-align: justify;\"><strong>Przepisy dotycz\u0105 tak\u017ce pieszych:<\/strong><\/p>\n<ul style=\"padding: 0px 0px 0px 20px; margin: 10px; font-family: Arial, Helvetica, sans-serif; font-size: 14px; word-spacing: 2.24px; text-align: justify;\">\n<li style=\"padding: 0px 0px 5px; margin: 0px;\">pieszy, przechodz\u0105c przez jezdni\u0119 jest obowi\u0105zany zachowa\u0107 szczeg\u00f3ln\u0105 ostro\u017cno\u015b\u0107 oraz korzysta\u0107 z przej\u015bcia dla pieszych;<\/li>\n<li style=\"padding: 0px 0px 5px; margin: 0px;\">przed wej\u015bciem na przej\u015bcie, \u00a0nale\u017cy upewni\u0107 si\u0119, \u017ce kierowca ma mo\u017cliwo\u015b\u0107 bezpiecznego \u00a0zatrzymania pojazdu;<\/li>\n<li style=\"padding: 0px 0px 5px; margin: 0px;\">pieszy nie ma prawa wchodzi\u0107 nagle na jezdni\u0119, bezpo\u015brednio przed nadje\u017cd\u017caj\u0105cy pojazd;<\/li>\n<li style=\"padding: 0px 0px 5px; margin: 0px;\">pieszy nie mo\u017ce \u00a0korzysta\u0107 z telefonu lub innych urz\u0105dze\u0144 ograniczaj\u0105cych uwag\u0119 podczas przechodzenia przez przej\u015bcie.<\/li>\n<\/ul>\n<p style=\"font-family: Arial, Helvetica, sans-serif; font-size: 14px; word-spacing: 2.24px; text-align: justify;\">Zasada ograniczonego zaufania oznacza, \u017ce ka\u017cdy uczestnik ruchu powinien zak\u0142ada\u0107 mo\u017cliwo\u015b\u0107 b\u0142\u0119du innych i odpowiednio reagowa\u0107, aby zapobiec zagro\u017ceniu. Bezpiecze\u0144stwo na drodze zale\u017cy od nas wszystkich. Wsp\u00f3lna odpowiedzialno\u015b\u0107, rozwaga i przestrzeganie przepis\u00f3w mog\u0105 zapobiec kolejnym wypadkom.<\/p>\n<p style=\"font-family: Arial, Helvetica, sans-serif; font-size: 14px; word-spacing: 2.24px; text-align: justify;\">Autor: asp.szt. Anna Paw\u0142owska<\/p>\n<p style=\"box-sizing: border-box; margin-top: 0px; margin-bottom: 15px; color: #555555; font-family: Roboto, sans-serif; font-size: 15px; text-align: justify;\">KOMENTARZE<\/p>\n<p style=\"box-sizing: border-box; margin-top: 0px; margin-bottom: 15px; color: #555555; font-family: Roboto, sans-serif; font-size: 15px; text-align: justify;\">Wydawca portalu nie ponosi odpowiedzialno\u015bci za tre\u015b\u0107 komentarzy zamieszczanych przez u\u017cytkownik\u00f3w. Osoby zamieszczaj\u0105ce wypowiedzi naruszaj\u0105ce prawo lub prawem chronione dobra os\u00f3b trzecich mog\u0105 ponie\u015b\u0107 z tego tytu\u0142u odpowiedzialno\u015b\u0107 karn\u0105 lub cywiln\u0105.JEDNOCZE\u015aNIE UZYTKOWNICY ZAMIESZCZAJ\u0104C KOMENTARZ OSWIADCZAJ\u0104, \u017bE BIOR\u0104 PE\u0141N\u0104 ODPOWIEDZIALNO\u015a\u0106 ZA TRE\u015aCI UMIESZCZONE PRZEZ SIEBIE<\/p>\n<\/div>\n<div style=\"padding-bottom:20px; padding-top:10px;\" class=\"hupso-share-buttons\"><!-- Hupso Share Buttons - https:\/\/www.hupso.com\/share\/ --><a class=\"hupso_pop\" href=\"https:\/\/www.hupso.com\/share\/\"><img decoding=\"async\" data-src=\"http:\/\/static.hupso.com\/share\/buttons\/button100x23.png\" style=\"border:0px; width:100; height: 23; \" alt=\"Share Button\" src=\"data:image\/svg+xml;base64,PHN2ZyB3aWR0aD0iMSIgaGVpZ2h0PSIxIiB4bWxucz0iaHR0cDovL3d3dy53My5vcmcvMjAwMC9zdmciPjwvc3ZnPg==\" class=\"lazyload\" \/><\/a><script type=\"text\/javascript\">var hupso_services=new Array(\"Twitter\",\"Facebook\",\"Pinterest\",\"Linkedin\",\"Tumblr\",\"StumbleUpon\",\"Digg\",\"Reddit\",\"Bebo\",\"Delicious\",\"QZone\",\"Renren\",\"Email\");var hupso_icon_type = \"labels\";var hupso_background=\"#3BF8FF\";var hupso_border=\"#FF2B0A\";var hupso_image_folder_url = \"\";var hupso_url=\"\";var hupso_title=\"Wypadek%20na%20ul.%20Warszawskiej%2C%20dwie%20nastolatki%20potr%C4%85cone%20na%20przej%C5%9Bciu\";<\/script><script type=\"text\/javascript\" src=\"http:\/\/static.hupso.com\/share\/js\/share.js\"><\/script><!-- Hupso Share Buttons --><\/div>","protected":false},"excerpt":{"rendered":"<p>Trwaj\u0105 ustalenia m\u0142awskiej policji w sprawie wczorajszego (28.04) wypadku, do kt\u00f3rego dosz\u0142o na przej\u015bciu dla pieszych w centrum M\u0142awy. Dwie ranne mieszkanki pow. m\u0142awskiego w wieku 14 i 16 lat&hellip; <\/p>\n<div style=\"padding-bottom:20px; padding-top:10px;\" class=\"hupso-share-buttons\"><!-- Hupso Share Buttons - https:\/\/www.hupso.com\/share\/ --><a class=\"hupso_pop\" href=\"https:\/\/www.hupso.com\/share\/\"><img data-src=\"http:\/\/static.hupso.com\/share\/buttons\/button100x23.png\" style=\"border:0px; width:100; height: 23; \" alt=\"Share Button\" src=\"data:image\/svg+xml;base64,PHN2ZyB3aWR0aD0iMSIgaGVpZ2h0PSIxIiB4bWxucz0iaHR0cDovL3d3dy53My5vcmcvMjAwMC9zdmciPjwvc3ZnPg==\" class=\"lazyload\" \/><\/a><script type=\"text\/javascript\">var hupso_services=new Array(\"Twitter\",\"Facebook\",\"Pinterest\",\"Linkedin\",\"Tumblr\",\"StumbleUpon\",\"Digg\",\"Reddit\",\"Bebo\",\"Delicious\",\"QZone\",\"Renren\",\"Email\");var hupso_icon_type = \"labels\";var hupso_background=\"#3BF8FF\";var hupso_border=\"#FF2B0A\";var hupso_image_folder_url = \"\";var hupso_url=\"\";var hupso_title=\"Wypadek%20na%20ul.%20Warszawskiej%2C%20dwie%20nastolatki%20potr%C4%85cone%20na%20przej%C5%9Bciu\";<\/script><script type=\"text\/javascript\" src=\"http:\/\/static.hupso.com\/share\/js\/share.js\"><\/script><!-- Hupso Share Buttons --><\/div>","protected":false},"author":1,"featured_media":14802,"comment_status":"open","ping_status":"open","sticky":false,"template":"","format":"standard","meta":{"_acf_changed":false,"wprm-recipe-roundup-name":"","wprm-recipe-roundup-description":"","footnotes":""},"categories":[19,5],"tags":[],"class_list":["post-14801","post","type-post","status-publish","format-standard","has-post-thumbnail","hentry","category-aktualnosci","category-na-sygnale"],"acf":[],"amp_enabled":true,"_links":{"self":[{"href":"http:\/\/portalm\u0142awa.pl\/index.php?rest_route=\/wp\/v2\/posts\/14801","targetHints":{"allow":["GET"]}}],"collection":[{"href":"http:\/\/portalm\u0142awa.pl\/index.php?rest_route=\/wp\/v2\/posts"}],"about":[{"href":"http:\/\/portalm\u0142awa.pl\/index.php?rest_route=\/wp\/v2\/types\/post"}],"author":[{"embeddable":true,"href":"http:\/\/portalm\u0142awa.pl\/index.php?rest_route=\/wp\/v2\/users\/1"}],"replies":[{"embeddable":true,"href":"http:\/\/portalm\u0142awa.pl\/index.php?rest_route=%2Fwp%2Fv2%2Fcomments&post=14801"}],"version-history":[{"count":1,"href":"http:\/\/portalm\u0142awa.pl\/index.php?rest_route=\/wp\/v2\/posts\/14801\/revisions"}],"predecessor-version":[{"id":14803,"href":"http:\/\/portalm\u0142awa.pl\/index.php?rest_route=\/wp\/v2\/posts\/14801\/revisions\/14803"}],"wp:featuredmedia":[{"embeddable":true,"href":"http:\/\/portalm\u0142awa.pl\/index.php?rest_route=\/wp\/v2\/media\/14802"}],"wp:attachment":[{"href":"http:\/\/portalm\u0142awa.pl\/index.php?rest_route=%2Fwp%2Fv2%2Fmedia&parent=14801"}],"wp:term":[{"taxonomy":"category","embeddable":true,"href":"http:\/\/portalm\u0142awa.pl\/index.php?rest_route=%2Fwp%2Fv2%2Fcategories&post=14801"},{"taxonomy":"post_tag","embeddable":true,"href":"http:\/\/portalm\u0142awa.pl\/index.php?rest_route=%2Fwp%2Fv2%2Ftags&post=14801"}],"curies":[{"name":"wp","href":"https:\/\/api.w.org\/{rel}","templated":true}]}}