{"id":14812,"date":"2026-04-29T13:24:44","date_gmt":"2026-04-29T11:24:44","guid":{"rendered":"http:\/\/portalm\u0142awa.pl\/?p=14812"},"modified":"2026-04-29T13:24:44","modified_gmt":"2026-04-29T11:24:44","slug":"strzegowo-stroi-glosy-nadciaga-dzwiekowisko-muzyczna-inwazja-mlodych-talentow","status":"publish","type":"post","link":"http:\/\/portalm\u0142awa.pl\/?p=14812","title":{"rendered":"STRZEGOWO STROI G\u0141OSY! NADCI\u0104GA \u201eD\u0179WI\u0118KOWISKO\u201d \u2013 MUZYCZNA INWAZJA M\u0141ODYCH TALENT\u00d3W"},"content":{"rendered":"<p dir=\"ltr\" style=\"text-align: justify;\">\u200b<b>Je\u015bli my\u015bleli\u015bcie, \u017ce maj w Strzegowie up\u0142ynie pod znakiem ciszy i spokoju, byli\u015bcie w b\u0142\u0119dzie. Ju\u017c 30 maja plac przed Gminnym O\u015brodkiem Kultury zamieni si\u0119 w wielk\u0105, roz\u015bpiewan\u0105 aren\u0119. Nadchodzi II Gminny Festiwal Piosenki Dzieci\u0119cej \u2013 wydarzenie, kt\u00f3re udowadnia, \u017ce prawdziwe gwiazdy nie potrzebuj\u0105 czerwonych dywan\u00f3w z Cannes, by rozb\u0142ysn\u0105\u0107 pe\u0142nym blaskiem.<\/b><\/p>\n<p dir=\"ltr\" style=\"text-align: justify;\">\u200bKiedy na horyzoncie pojawia si\u0119 nazwa <b>\u201eD\u017awi\u0119kowisko\u201d<\/b>, wiadomo jedno: b\u0119dzie g\u0142o\u015bno, b\u0119dzie barwnie i \u2013 co najwa\u017cniejsze \u2013 b\u0119dzie polsku. W\u00f3jt Gminy Strzegowo oraz Gminny O\u015brodek Kultury rzucaj\u0105 wyzwanie m\u0142odym wokalistom, otwieraj\u0105c przed nimi scen\u0119, kt\u00f3ra dla wielu mo\u017ce sta\u0107 si\u0119 pocz\u0105tkiem wielkiej przygody z muzyk\u0105.<\/p>\n<h3 dir=\"ltr\" style=\"text-align: justify;\">\u200b<b>Zasady gry: Polszczyzna na pierwszym planie<\/b><\/h3>\n<p dir=\"ltr\" style=\"text-align: justify;\">\u200bOrganizatorzy stawiaj\u0105 spraw\u0119 jasno \u2013 na scenie kr\u00f3lowa\u0107 ma j\u0119zyk polski. Uczestnicy, podzieleni na dwa obozy (klasy I\u2013III oraz IV\u2013VIII), zmierz\u0105 si\u0119 z dwoma utworami solo. Formu\u0142a? Pe\u0142na dowolno\u015b\u0107 artystyczna. Mo\u017cesz wyj\u015b\u0107 z samym g\u0142osem (<b>a cappella<\/b>), porwa\u0107 t\u0142um z akompaniamentem na \u017cywo lub postawi\u0107 na profesjonalny podk\u0142ad z pendrive\u2019a.<\/p>\n<blockquote>\n<p dir=\"ltr\">\u200b\u201eTo nie jest tylko konkurs. To \u015bwi\u0119to kreatywno\u015bci, gdzie dob\u00f3r repertuaru do wieku i osobowo\u015bci jest r\u00f3wnie wa\u017cny, co czysto\u015b\u0107 wyci\u0105gni\u0119tych nut\u201d \u2013 s\u0142ycha\u0107 w kuluarach GOK-u.<\/p>\n<\/blockquote>\n<p>&nbsp;<\/p>\n<h3 dir=\"ltr\" style=\"text-align: justify;\">\u200b<b>Kryteria godne juror\u00f3w \u201eThe Voice\u201d<\/b><\/h3>\n<p dir=\"ltr\" style=\"text-align: justify;\">\u200bTo nie b\u0119dzie \u201espacer przez park\u201d. Jury zapowiada surow\u0105, ale sprawiedliw\u0105 ocen\u0119. Pod lup\u0119 trafi\u0105:<\/p>\n<ul style=\"text-align: justify;\">\n<li dir=\"ltr\">\u200b<b>Muzykalno\u015b\u0107 i technika:<\/b> Czy g\u0142os niesie si\u0119 nad Strzegowem?<\/li>\n<li dir=\"ltr\">\u200b<b>Interpretacja:<\/b> Czy wykonawca rozumie, o czym \u015bpiewa, czy tylko odtwarza tekst?<\/li>\n<li dir=\"ltr\">\u200b<b>Wyraz artystyczny:<\/b> Czyli to nieuchwytne \u201eco\u015b\u201d, co sprawia, \u017ce publiczno\u015b\u0107 zapomina o mruganiu.<\/li>\n<\/ul>\n<h3 dir=\"ltr\" style=\"text-align: justify;\">\u200b<b>O co toczy si\u0119 gra?<\/b><\/h3>\n<p dir=\"ltr\" style=\"text-align: justify;\">\u200bStawka jest wysoka. Na zwyci\u0119zc\u00f3w czekaj\u0105 nie tylko <b>pami\u0105tkowe dyplomy<\/b>, ale przede wszystkim presti\u017cowe <b>statuetki<\/b>, kt\u00f3re b\u0119d\u0105 ozdob\u0105 ka\u017cdej domowej p\u00f3\u0142ki z trofeami. Wyniki poznamy jeszcze tego samego dnia \u2013 emocje si\u0119gn\u0105 zenitu dok\u0142adnie 30 maja po godzinie 16:00.<\/p>\n<h3 dir=\"ltr\" style=\"text-align: justify;\">\u200b<b>Ostatni dzwonek dla sp\u00f3\u017anialskich<\/b><\/h3>\n<p dir=\"ltr\" style=\"text-align: justify;\">\u200bUwaga, zegar tyka! <b>Termin zg\u0142osze\u0144 up\u0142ywa 25 maja 2026 r.<\/b> Je\u015bli Twoje dziecko \u015bpiewa pod prysznicem, w drodze do szko\u0142y lub marzy o blasku reflektor\u00f3w \u2013 to jest ten moment. Wystarczy wys\u0142a\u0107 maila na adres gok@strzegowo.pl lub zadzwoni\u0107 pod jeden z numer\u00f3w podanych przez GOK.<\/p>\n<h3 dir=\"ltr\" style=\"text-align: justify;\">\u200b<b>Werdykt\u00a0<\/b><\/h3>\n<p dir=\"ltr\" style=\"text-align: justify;\">\u200b\u201eD\u017awi\u0119kowisko\u201d to strza\u0142 w dziesi\u0105tk\u0119. W dobie wszechobecnego autotune\u2019a i cyfrowej muzyki, powr\u00f3t do \u017cywego \u015bpiewu na plenerowej scenie to oddech \u015bwie\u017co\u015bci. Strzegowo staje si\u0119 kulturalnym sercem regionu, a my b\u0119dziemy tam z mikrofonem, by uwieczni\u0107 narodziny nowych talent\u00f3w.<\/p>\n<p dir=\"ltr\" style=\"text-align: justify;\">\u200b<b>Do zobaczenia pod scen\u0105 przy ul. Wyzwolenia 4!<\/b><\/p>\n<p>T.B<\/p>\n<p style=\"box-sizing: border-box; margin-top: 0px; margin-bottom: 15px; color: #555555; font-family: Roboto, sans-serif; font-size: 15px; text-align: justify;\">KOMENTARZE<\/p>\n<p style=\"box-sizing: border-box; margin-top: 0px; margin-bottom: 15px; color: #555555; font-family: Roboto, sans-serif; font-size: 15px; text-align: justify;\">Wydawca portalu nie ponosi odpowiedzialno\u015bci za tre\u015b\u0107 komentarzy zamieszczanych przez u\u017cytkownik\u00f3w. Osoby zamieszczaj\u0105ce wypowiedzi naruszaj\u0105ce prawo lub prawem chronione dobra os\u00f3b trzecich mog\u0105 ponie\u015b\u0107 z tego tytu\u0142u odpowiedzialno\u015b\u0107 karn\u0105 lub cywiln\u0105.JEDNOCZE\u015aNIE UZYTKOWNICY ZAMIESZCZAJ\u0104C KOMENTARZ OSWIADCZAJ\u0104, \u017bE BIOR\u0104 PE\u0141N\u0104 ODPOWIEDZIALNO\u015a\u0106 ZA TRE\u015aCI UMIESZCZONE PRZEZ SIEBIE<\/p>\n<div style=\"padding-bottom:20px; padding-top:10px;\" class=\"hupso-share-buttons\"><!-- Hupso Share Buttons - https:\/\/www.hupso.com\/share\/ --><a class=\"hupso_pop\" href=\"https:\/\/www.hupso.com\/share\/\"><img decoding=\"async\" data-src=\"http:\/\/static.hupso.com\/share\/buttons\/button100x23.png\" style=\"border:0px; width:100; height: 23; \" alt=\"Share Button\" src=\"data:image\/svg+xml;base64,PHN2ZyB3aWR0aD0iMSIgaGVpZ2h0PSIxIiB4bWxucz0iaHR0cDovL3d3dy53My5vcmcvMjAwMC9zdmciPjwvc3ZnPg==\" class=\"lazyload\" \/><\/a><script type=\"text\/javascript\">var hupso_services=new Array(\"Twitter\",\"Facebook\",\"Pinterest\",\"Linkedin\",\"Tumblr\",\"StumbleUpon\",\"Digg\",\"Reddit\",\"Bebo\",\"Delicious\",\"QZone\",\"Renren\",\"Email\");var hupso_icon_type = \"labels\";var hupso_background=\"#3BF8FF\";var hupso_border=\"#FF2B0A\";var hupso_image_folder_url = \"\";var hupso_url=\"\";var hupso_title=\"STRZEGOWO%20STROI%20G%C5%81OSY%21%20NADCI%C4%84GA%20%E2%80%9ED%C5%B9WI%C4%98KOWISKO%E2%80%9D%20%E2%80%93%20MUZYCZNA%20INWAZJA%20M%C5%81ODYCH%20TALENT%C3%93W\";<\/script><script type=\"text\/javascript\" src=\"http:\/\/static.hupso.com\/share\/js\/share.js\"><\/script><!-- Hupso Share Buttons --><\/div>","protected":false},"excerpt":{"rendered":"<p>\u200bJe\u015bli my\u015bleli\u015bcie, \u017ce maj w Strzegowie up\u0142ynie pod znakiem ciszy i spokoju, byli\u015bcie w b\u0142\u0119dzie. Ju\u017c 30 maja plac przed Gminnym O\u015brodkiem Kultury zamieni si\u0119 w wielk\u0105, roz\u015bpiewan\u0105 aren\u0119. Nadchodzi&hellip; <\/p>\n<div style=\"padding-bottom:20px; padding-top:10px;\" class=\"hupso-share-buttons\"><!-- Hupso Share Buttons - https:\/\/www.hupso.com\/share\/ --><a class=\"hupso_pop\" href=\"https:\/\/www.hupso.com\/share\/\"><img data-src=\"http:\/\/static.hupso.com\/share\/buttons\/button100x23.png\" style=\"border:0px; width:100; height: 23; \" alt=\"Share Button\" src=\"data:image\/svg+xml;base64,PHN2ZyB3aWR0aD0iMSIgaGVpZ2h0PSIxIiB4bWxucz0iaHR0cDovL3d3dy53My5vcmcvMjAwMC9zdmciPjwvc3ZnPg==\" class=\"lazyload\" \/><\/a><script type=\"text\/javascript\">var hupso_services=new Array(\"Twitter\",\"Facebook\",\"Pinterest\",\"Linkedin\",\"Tumblr\",\"StumbleUpon\",\"Digg\",\"Reddit\",\"Bebo\",\"Delicious\",\"QZone\",\"Renren\",\"Email\");var hupso_icon_type = \"labels\";var hupso_background=\"#3BF8FF\";var hupso_border=\"#FF2B0A\";var hupso_image_folder_url = \"\";var hupso_url=\"\";var hupso_title=\"STRZEGOWO%20STROI%20G%C5%81OSY%21%20NADCI%C4%84GA%20%E2%80%9ED%C5%B9WI%C4%98KOWISKO%E2%80%9D%20%E2%80%93%20MUZYCZNA%20INWAZJA%20M%C5%81ODYCH%20TALENT%C3%93W\";<\/script><script type=\"text\/javascript\" src=\"http:\/\/static.hupso.com\/share\/js\/share.js\"><\/script><!-- Hupso Share Buttons --><\/div>","protected":false},"author":1,"featured_media":14813,"comment_status":"open","ping_status":"open","sticky":false,"template":"","format":"standard","meta":{"_acf_changed":false,"wprm-recipe-roundup-name":"","wprm-recipe-roundup-description":"","footnotes":""},"categories":[19,3,506,28],"tags":[],"class_list":["post-14812","post","type-post","status-publish","format-standard","has-post-thumbnail","hentry","category-aktualnosci","category-kultura","category-pow","category-wyd"],"acf":[],"amp_enabled":true,"_links":{"self":[{"href":"http:\/\/portalm\u0142awa.pl\/index.php?rest_route=\/wp\/v2\/posts\/14812","targetHints":{"allow":["GET"]}}],"collection":[{"href":"http:\/\/portalm\u0142awa.pl\/index.php?rest_route=\/wp\/v2\/posts"}],"about":[{"href":"http:\/\/portalm\u0142awa.pl\/index.php?rest_route=\/wp\/v2\/types\/post"}],"author":[{"embeddable":true,"href":"http:\/\/portalm\u0142awa.pl\/index.php?rest_route=\/wp\/v2\/users\/1"}],"replies":[{"embeddable":true,"href":"http:\/\/portalm\u0142awa.pl\/index.php?rest_route=%2Fwp%2Fv2%2Fcomments&post=14812"}],"version-history":[{"count":1,"href":"http:\/\/portalm\u0142awa.pl\/index.php?rest_route=\/wp\/v2\/posts\/14812\/revisions"}],"predecessor-version":[{"id":14814,"href":"http:\/\/portalm\u0142awa.pl\/index.php?rest_route=\/wp\/v2\/posts\/14812\/revisions\/14814"}],"wp:featuredmedia":[{"embeddable":true,"href":"http:\/\/portalm\u0142awa.pl\/index.php?rest_route=\/wp\/v2\/media\/14813"}],"wp:attachment":[{"href":"http:\/\/portalm\u0142awa.pl\/index.php?rest_route=%2Fwp%2Fv2%2Fmedia&parent=14812"}],"wp:term":[{"taxonomy":"category","embeddable":true,"href":"http:\/\/portalm\u0142awa.pl\/index.php?rest_route=%2Fwp%2Fv2%2Fcategories&post=14812"},{"taxonomy":"post_tag","embeddable":true,"href":"http:\/\/portalm\u0142awa.pl\/index.php?rest_route=%2Fwp%2Fv2%2Ftags&post=14812"}],"curies":[{"name":"wp","href":"https:\/\/api.w.org\/{rel}","templated":true}]}}