{"id":14824,"date":"2026-04-29T17:58:31","date_gmt":"2026-04-29T15:58:31","guid":{"rendered":"http:\/\/portalm\u0142awa.pl\/?p=14824"},"modified":"2026-04-29T17:58:31","modified_gmt":"2026-04-29T15:58:31","slug":"50-lat-razem-historie-ludzi-ktorzy-dotrzymali-slowa-zlote-gody-w-wieczfni-koscielnej","status":"publish","type":"post","link":"http:\/\/portalm\u0142awa.pl\/?p=14824","title":{"rendered":"50 lat razem. Historie ludzi, kt\u00f3rzy dotrzymali s\u0142owa \u2013 Z\u0142ote Gody w Wieczfni Ko\u015bcielnej"},"content":{"rendered":"<p style=\"text-align: justify;\">Nie by\u0142o tu wielkich s\u0142\u00f3w na pokaz. By\u0142o co\u015b znacznie wa\u017cniejszego \u2014 p\u00f3\u0142 wieku wsp\u00f3lnego \u017cycia zamkni\u0119te w spojrzeniach, gestach i obecno\u015bci najbli\u017cszych.<\/p>\n<p style=\"text-align: justify;\">26 kwietnia 2026 roku w Szkole Podstawowej im. Marsza\u0142ka J\u00f3zefa Pi\u0142sudskiego w Wieczfni Ko\u015bcielnej \u015bwi\u0119towano Z\u0142ote Gody \u2014 jubileusz, kt\u00f3ry dzi\u015b ma szczeg\u00f3ln\u0105 warto\u015b\u0107.<\/p>\n<p style=\"text-align: justify;\">Dziewi\u0119\u0107 par. Dziewi\u0119\u0107 historii, kt\u00f3re przetrwa\u0142y pr\u00f3b\u0119 czasu:<\/p>\n<p style=\"text-align: justify;\">\ud83d\udc9b Janina i Zbigniew Bawarscy<\/p>\n<p style=\"text-align: justify;\">\ud83d\udc9b Irena i Tadeusz Boguccy<\/p>\n<p style=\"text-align: justify;\">\ud83d\udc9b Halina i Ryszard Bojarscy<\/p>\n<p style=\"text-align: justify;\">\ud83d\udc9b Krystyna i Jan Langowscy<\/p>\n<p style=\"text-align: justify;\">\ud83d\udc9b Danuta i Franciszek Napi\u00f3rkowscy<\/p>\n<p style=\"text-align: justify;\">\ud83d\udc9b Danuta i Jan Nidzgorscy<\/p>\n<p style=\"text-align: justify;\">\ud83d\udc9b Genowefa i Remigiusz P\u0119ka\u0142owie<\/p>\n<p style=\"text-align: justify;\">\ud83d\udc9b Wies\u0142awa i Tadeusz Stupakowie<\/p>\n<p style=\"text-align: justify;\">\ud83d\udc9b Zofia i Leonard Terepetowie<\/p>\n<p style=\"text-align: justify;\">To nie s\u0105 tylko nazwiska. To dziesi\u0105tki tysi\u0119cy wsp\u00f3lnych dni, decyzji, trudnych moment\u00f3w i zwyk\u0142ych chwil, kt\u00f3re z\u0142o\u017cy\u0142y si\u0119 na co\u015b trwa\u0142ego.<\/p>\n<p style=\"text-align: justify;\">\ud83c\udf96\ufe0f Jubilaci zostali odznaczeni medalami \u201eZa D\u0142ugoletnie Po\u017cycie Ma\u0142\u017ce\u0144skie\u201d, przyznawanymi przez Prezydenta RP. Odznaczenia wr\u0119czy\u0142 w\u00f3jt gminy Mariusz G\u0119bala w asy\u015bcie przewodnicz\u0105cego rady Tomasza Turowskiego.<\/p>\n<p style=\"text-align: justify;\">W uroczysto\u015bci uczestniczy\u0142y rodziny i przyjaciele \u2014 ci, kt\u00f3rzy s\u0105 \u017cywym dowodem na to, \u017ce te 50 lat mia\u0142o sens. Program artystyczny przygotowany przez uczni\u00f3w by\u0142 symbolicznym powrotem do m\u0142odo\u015bci Jubilat\u00f3w.<\/p>\n<p style=\"text-align: justify;\">Nie zabrak\u0142o kwiat\u00f3w, upomink\u00f3w i wsp\u00f3lnych zdj\u0119\u0107. Ale najwa\u017cniejsze dzia\u0142o si\u0119 poza scen\u0105 \u2014 w ciszy, w u\u015bmiechach, w obecno\u015bci.<\/p>\n<p style=\"text-align: justify;\"><strong>Bo \u201eZ\u0142ote Gody\u201d to nie tylko jubileusz.<\/strong><\/p>\n<p style=\"text-align: justify;\">To dow\u00f3d, \u017ce mo\u017cna wytrwa\u0107.<\/p>\n<p style=\"text-align: justify;\">I \u017ce s\u0142owa wypowiedziane 50 lat temu nadal maj\u0105 znaczenie.<\/p>\n<p style=\"text-align: justify;\">T.B fot UG Wieczfnia Ko\u015bcielna<\/p>\n<p style=\"box-sizing: border-box; margin-top: 0px; margin-bottom: 15px; color: #555555; font-family: Roboto, sans-serif; font-size: 15px; text-align: justify;\">KOMENTARZE<\/p>\n<p style=\"box-sizing: border-box; margin-top: 0px; margin-bottom: 15px; color: #555555; font-family: Roboto, sans-serif; font-size: 15px; text-align: justify;\">Wydawca portalu nie ponosi odpowiedzialno\u015bci za tre\u015b\u0107 komentarzy zamieszczanych przez u\u017cytkownik\u00f3w. Osoby zamieszczaj\u0105ce wypowiedzi naruszaj\u0105ce prawo lub prawem chronione dobra os\u00f3b trzecich mog\u0105 ponie\u015b\u0107 z tego tytu\u0142u odpowiedzialno\u015b\u0107 karn\u0105 lub cywiln\u0105.JEDNOCZE\u015aNIE UZYTKOWNICY ZAMIESZCZAJ\u0104C KOMENTARZ OSWIADCZAJ\u0104, \u017bE BIOR\u0104 PE\u0141N\u0104 ODPOWIEDZIALNO\u015a\u0106 ZA TRE\u015aCI UMIESZCZONE PRZEZ SIEBIE<\/p>\n<div style=\"padding-bottom:20px; padding-top:10px;\" class=\"hupso-share-buttons\"><!-- Hupso Share Buttons - https:\/\/www.hupso.com\/share\/ --><a class=\"hupso_pop\" href=\"https:\/\/www.hupso.com\/share\/\"><img decoding=\"async\" data-src=\"http:\/\/static.hupso.com\/share\/buttons\/button100x23.png\" style=\"border:0px; width:100; height: 23; \" alt=\"Share Button\" src=\"data:image\/svg+xml;base64,PHN2ZyB3aWR0aD0iMSIgaGVpZ2h0PSIxIiB4bWxucz0iaHR0cDovL3d3dy53My5vcmcvMjAwMC9zdmciPjwvc3ZnPg==\" class=\"lazyload\" \/><\/a><script type=\"text\/javascript\">var hupso_services=new Array(\"Twitter\",\"Facebook\",\"Pinterest\",\"Linkedin\",\"Tumblr\",\"StumbleUpon\",\"Digg\",\"Reddit\",\"Bebo\",\"Delicious\",\"QZone\",\"Renren\",\"Email\");var hupso_icon_type = \"labels\";var hupso_background=\"#3BF8FF\";var hupso_border=\"#FF2B0A\";var hupso_image_folder_url = \"\";var hupso_url=\"\";var hupso_title=\"50%20lat%20razem.%20Historie%20ludzi%2C%20kt%C3%B3rzy%20dotrzymali%20s%C5%82owa%20%E2%80%93%20Z%C5%82ote%20Gody%20w%20Wieczfni%20Ko%C5%9Bcielnej\";<\/script><script type=\"text\/javascript\" src=\"http:\/\/static.hupso.com\/share\/js\/share.js\"><\/script><!-- Hupso Share Buttons --><\/div>","protected":false},"excerpt":{"rendered":"<p>Nie by\u0142o tu wielkich s\u0142\u00f3w na pokaz. By\u0142o co\u015b znacznie wa\u017cniejszego \u2014 p\u00f3\u0142 wieku wsp\u00f3lnego \u017cycia zamkni\u0119te w spojrzeniach, gestach i obecno\u015bci najbli\u017cszych. 26 kwietnia 2026 roku w Szkole Podstawowej&hellip; <\/p>\n<div style=\"padding-bottom:20px; padding-top:10px;\" class=\"hupso-share-buttons\"><!-- Hupso Share Buttons - https:\/\/www.hupso.com\/share\/ --><a class=\"hupso_pop\" href=\"https:\/\/www.hupso.com\/share\/\"><img data-src=\"http:\/\/static.hupso.com\/share\/buttons\/button100x23.png\" style=\"border:0px; width:100; height: 23; \" alt=\"Share Button\" src=\"data:image\/svg+xml;base64,PHN2ZyB3aWR0aD0iMSIgaGVpZ2h0PSIxIiB4bWxucz0iaHR0cDovL3d3dy53My5vcmcvMjAwMC9zdmciPjwvc3ZnPg==\" class=\"lazyload\" \/><\/a><script type=\"text\/javascript\">var hupso_services=new Array(\"Twitter\",\"Facebook\",\"Pinterest\",\"Linkedin\",\"Tumblr\",\"StumbleUpon\",\"Digg\",\"Reddit\",\"Bebo\",\"Delicious\",\"QZone\",\"Renren\",\"Email\");var hupso_icon_type = \"labels\";var hupso_background=\"#3BF8FF\";var hupso_border=\"#FF2B0A\";var hupso_image_folder_url = \"\";var hupso_url=\"\";var hupso_title=\"50%20lat%20razem.%20Historie%20ludzi%2C%20kt%C3%B3rzy%20dotrzymali%20s%C5%82owa%20%E2%80%93%20Z%C5%82ote%20Gody%20w%20Wieczfni%20Ko%C5%9Bcielnej\";<\/script><script type=\"text\/javascript\" src=\"http:\/\/static.hupso.com\/share\/js\/share.js\"><\/script><!-- Hupso Share Buttons --><\/div>","protected":false},"author":1,"featured_media":14825,"comment_status":"open","ping_status":"open","sticky":false,"template":"","format":"standard","meta":{"_acf_changed":false,"wprm-recipe-roundup-name":"","wprm-recipe-roundup-description":"","footnotes":""},"categories":[19,3,506,28],"tags":[],"class_list":["post-14824","post","type-post","status-publish","format-standard","has-post-thumbnail","hentry","category-aktualnosci","category-kultura","category-pow","category-wyd"],"acf":[],"amp_enabled":true,"_links":{"self":[{"href":"http:\/\/portalm\u0142awa.pl\/index.php?rest_route=\/wp\/v2\/posts\/14824","targetHints":{"allow":["GET"]}}],"collection":[{"href":"http:\/\/portalm\u0142awa.pl\/index.php?rest_route=\/wp\/v2\/posts"}],"about":[{"href":"http:\/\/portalm\u0142awa.pl\/index.php?rest_route=\/wp\/v2\/types\/post"}],"author":[{"embeddable":true,"href":"http:\/\/portalm\u0142awa.pl\/index.php?rest_route=\/wp\/v2\/users\/1"}],"replies":[{"embeddable":true,"href":"http:\/\/portalm\u0142awa.pl\/index.php?rest_route=%2Fwp%2Fv2%2Fcomments&post=14824"}],"version-history":[{"count":1,"href":"http:\/\/portalm\u0142awa.pl\/index.php?rest_route=\/wp\/v2\/posts\/14824\/revisions"}],"predecessor-version":[{"id":14826,"href":"http:\/\/portalm\u0142awa.pl\/index.php?rest_route=\/wp\/v2\/posts\/14824\/revisions\/14826"}],"wp:featuredmedia":[{"embeddable":true,"href":"http:\/\/portalm\u0142awa.pl\/index.php?rest_route=\/wp\/v2\/media\/14825"}],"wp:attachment":[{"href":"http:\/\/portalm\u0142awa.pl\/index.php?rest_route=%2Fwp%2Fv2%2Fmedia&parent=14824"}],"wp:term":[{"taxonomy":"category","embeddable":true,"href":"http:\/\/portalm\u0142awa.pl\/index.php?rest_route=%2Fwp%2Fv2%2Fcategories&post=14824"},{"taxonomy":"post_tag","embeddable":true,"href":"http:\/\/portalm\u0142awa.pl\/index.php?rest_route=%2Fwp%2Fv2%2Ftags&post=14824"}],"curies":[{"name":"wp","href":"https:\/\/api.w.org\/{rel}","templated":true}]}}