{"id":14836,"date":"2026-04-30T11:19:59","date_gmt":"2026-04-30T09:19:59","guid":{"rendered":"http:\/\/portalm\u0142awa.pl\/?p=14836"},"modified":"2026-04-30T11:19:59","modified_gmt":"2026-04-30T09:19:59","slug":"pamiec-ktora-buduje-tozsamosc-strzegowo-oddaje-hold-prof-wladyslawowi-smolenskiemu","status":"publish","type":"post","link":"http:\/\/portalm\u0142awa.pl\/?p=14836","title":{"rendered":"Pami\u0119\u0107, kt\u00f3ra buduje to\u017csamo\u015b\u0107. Strzegowo oddaje ho\u0142d prof. W\u0142adys\u0142awowi Smole\u0144skiemu"},"content":{"rendered":"<p style=\"text-align: justify;\">S\u0105 wydarzenia, kt\u00f3re wykraczaj\u0105 poza lokalny kalendarz. Nie s\u0105 tylko uroczysto\u015bci\u0105 \u2014 s\u0105 \u015bwiadomym gestem pami\u0119ci. W\u0142a\u015bnie taki wymiar ma inicjatywa Gminy Strzegowo, kt\u00f3ra 6 maja 2026 roku zaprasza mieszka\u0144c\u00f3w do Grabienic Ma\u0142ych na ods\u0142oni\u0119cie i po\u015bwi\u0119cenie kamienia upami\u0119tniaj\u0105cego W\u0142adys\u0142aw Smole\u0144ski.<\/p>\n<p style=\"text-align: justify;\">To nie jest przypadkowe miejsce. To tutaj urodzi\u0142 si\u0119 cz\u0142owiek, kt\u00f3ry swoj\u0105 prac\u0105 naukow\u0105 wsp\u00f3\u0142tworzy\u0142 fundamenty polskiej historiografii. Dzi\u015b jego nazwisko wraca do przestrzeni publicznej \u2014 nie jako zapis w podr\u0119czniku, ale jako \u017cywa cz\u0119\u015b\u0107 lokalnej to\u017csamo\u015bci.<\/p>\n<p style=\"text-align: justify;\">\u00a0<strong>Historia wraca do miejsca, w kt\u00f3rym si\u0119 zacz\u0119\u0142a<\/strong><\/p>\n<p style=\"text-align: justify;\">Uroczysto\u015b\u0107 zosta\u0142a zaplanowana z dba\u0142o\u015bci\u0105 o symbolik\u0119 i chronologi\u0119. Rozpocznie j\u0105 oficjalna cz\u0119\u015b\u0107 z udzia\u0142em pocztu sztandarowego i wsp\u00f3lnym od\u015bpiewaniem hymnu. Nast\u0119pnie uczestnicy poznaj\u0105 rys biograficzny profesora \u2014 przypomnienie drogi, kt\u00f3r\u0105 przeszed\u0142 od ma\u0142ej miejscowo\u015bci do \u015bwiata nauki.<\/p>\n<p style=\"text-align: justify;\">Kulminacyjnym momentem b\u0119dzie ods\u0142oni\u0119cie kamienia pami\u0105tkowego i jego po\u015bwi\u0119cenie \u2014 gest, kt\u00f3ry zamienia pami\u0119\u0107 w trwa\u0142y znak w przestrzeni.<\/p>\n<p style=\"text-align: justify;\">\u00a0<strong>Nie tylko ceremonia, ale i refleksja<\/strong><\/p>\n<p style=\"text-align: justify;\">Organizatorzy zadbali o to, by wydarzenie nie by\u0142o jedynie formalno\u015bci\u0105. W programie znalaz\u0142y si\u0119 wyst\u0105pienia zaproszonych go\u015bci oraz prelekcja prezesa Towarzystwa Mi\u0142o\u015bnik\u00f3w Ziemi Ciechanowskiej, kt\u00f3ry przybli\u017cy znaczenie dorobku Smole\u0144skiego dla historii regionu i kraju.<\/p>\n<p style=\"text-align: justify;\">To wa\u017cny element \u2014 bo pami\u0119\u0107 bez zrozumienia szybko staje si\u0119 tylko rytua\u0142em.<\/p>\n<p style=\"text-align: justify;\">\u00a0<strong>Od historii do wsp\u00f3lnoty<\/strong><\/p>\n<p style=\"text-align: justify;\">Po cz\u0119\u015bci oficjalnej wydarzenie przejdzie w bardziej integracyjny charakter. Piknik plenerowy ma by\u0107 przestrzeni\u0105 spotkania mieszka\u0144c\u00f3w \u2014 dowodem na to, \u017ce historia nie musi dzieli\u0107, ale mo\u017ce \u0142\u0105czy\u0107.<\/p>\n<p style=\"text-align: justify;\">\u00a0<strong>Wnioski? To co\u015b wi\u0119cej ni\u017c lokalna uroczysto\u015b\u0107<\/strong><\/p>\n<p style=\"text-align: justify;\">To wydarzenie pokazuje, \u017ce nawet w niewielkich spo\u0142eczno\u015bciach mo\u017cna \u015bwiadomie budowa\u0107 pami\u0119\u0107 historyczn\u0105. Nie poprzez wielkie has\u0142a, ale konkretne dzia\u0142ania \u2014 w miejscu, gdzie historia naprawd\u0119 si\u0119 wydarzy\u0142a.<\/p>\n<p style=\"text-align: justify;\">W czasach, gdy przesz\u0142o\u015b\u0107 cz\u0119sto przegrywa z tera\u017aniejszo\u015bci\u0105, Strzegowo robi co\u015b odwrotnego \u2014 przypomina, \u017ce to w\u0142a\u015bnie ona daje fundament pod to, kim jeste\u015bmy dzi\u015b.<\/p>\n<p style=\"text-align: justify;\"><strong>6 maja, Grabienice Ma\u0142e.<\/strong><\/p>\n<p style=\"text-align: justify;\">To data i miejsce, kt\u00f3re na chwil\u0119 zatrzymaj\u0105 czas \u2014 i przypomn\u0105, \u017ce historia zaczyna si\u0119 bli\u017cej, ni\u017c my\u015blimy.<\/p>\n<p style=\"text-align: justify;\">TB fot UG Strzegowo<\/p>\n<p style=\"box-sizing: border-box; margin-top: 0px; margin-bottom: 15px; color: #555555; font-family: Roboto, sans-serif; font-size: 15px; text-align: justify;\">KOMENTARZE<\/p>\n<p style=\"box-sizing: border-box; margin-top: 0px; margin-bottom: 15px; color: #555555; font-family: Roboto, sans-serif; font-size: 15px; text-align: justify;\">Wydawca portalu nie ponosi odpowiedzialno\u015bci za tre\u015b\u0107 komentarzy zamieszczanych przez u\u017cytkownik\u00f3w. Osoby zamieszczaj\u0105ce wypowiedzi naruszaj\u0105ce prawo lub prawem chronione dobra os\u00f3b trzecich mog\u0105 ponie\u015b\u0107 z tego tytu\u0142u odpowiedzialno\u015b\u0107 karn\u0105 lub cywiln\u0105.JEDNOCZE\u015aNIE UZYTKOWNICY ZAMIESZCZAJ\u0104C KOMENTARZ OSWIADCZAJ\u0104, \u017bE BIOR\u0104 PE\u0141N\u0104 ODPOWIEDZIALNO\u015a\u0106 ZA TRE\u015aCI UMIESZCZONE PRZEZ SIEBIE<\/p>\n<div style=\"padding-bottom:20px; padding-top:10px;\" class=\"hupso-share-buttons\"><!-- Hupso Share Buttons - https:\/\/www.hupso.com\/share\/ --><a class=\"hupso_pop\" href=\"https:\/\/www.hupso.com\/share\/\"><img decoding=\"async\" data-src=\"http:\/\/static.hupso.com\/share\/buttons\/button100x23.png\" style=\"border:0px; width:100; height: 23; \" alt=\"Share Button\" src=\"data:image\/svg+xml;base64,PHN2ZyB3aWR0aD0iMSIgaGVpZ2h0PSIxIiB4bWxucz0iaHR0cDovL3d3dy53My5vcmcvMjAwMC9zdmciPjwvc3ZnPg==\" class=\"lazyload\" \/><\/a><script type=\"text\/javascript\">var hupso_services=new Array(\"Twitter\",\"Facebook\",\"Pinterest\",\"Linkedin\",\"Tumblr\",\"StumbleUpon\",\"Digg\",\"Reddit\",\"Bebo\",\"Delicious\",\"QZone\",\"Renren\",\"Email\");var hupso_icon_type = \"labels\";var hupso_background=\"#3BF8FF\";var hupso_border=\"#FF2B0A\";var hupso_image_folder_url = \"\";var hupso_url=\"\";var hupso_title=\"Pami%C4%99%C4%87%2C%20kt%C3%B3ra%20buduje%20to%C5%BCsamo%C5%9B%C4%87.%20Strzegowo%20oddaje%20ho%C5%82d%20prof.%20W%C5%82adys%C5%82awowi%20Smole%C5%84skiemu\";<\/script><script type=\"text\/javascript\" src=\"http:\/\/static.hupso.com\/share\/js\/share.js\"><\/script><!-- Hupso Share Buttons --><\/div>","protected":false},"excerpt":{"rendered":"<p>S\u0105 wydarzenia, kt\u00f3re wykraczaj\u0105 poza lokalny kalendarz. Nie s\u0105 tylko uroczysto\u015bci\u0105 \u2014 s\u0105 \u015bwiadomym gestem pami\u0119ci. W\u0142a\u015bnie taki wymiar ma inicjatywa Gminy Strzegowo, kt\u00f3ra 6 maja 2026 roku zaprasza mieszka\u0144c\u00f3w&hellip; <\/p>\n<div style=\"padding-bottom:20px; padding-top:10px;\" class=\"hupso-share-buttons\"><!-- Hupso Share Buttons - https:\/\/www.hupso.com\/share\/ --><a class=\"hupso_pop\" href=\"https:\/\/www.hupso.com\/share\/\"><img data-src=\"http:\/\/static.hupso.com\/share\/buttons\/button100x23.png\" style=\"border:0px; width:100; height: 23; \" alt=\"Share Button\" src=\"data:image\/svg+xml;base64,PHN2ZyB3aWR0aD0iMSIgaGVpZ2h0PSIxIiB4bWxucz0iaHR0cDovL3d3dy53My5vcmcvMjAwMC9zdmciPjwvc3ZnPg==\" class=\"lazyload\" \/><\/a><script type=\"text\/javascript\">var hupso_services=new Array(\"Twitter\",\"Facebook\",\"Pinterest\",\"Linkedin\",\"Tumblr\",\"StumbleUpon\",\"Digg\",\"Reddit\",\"Bebo\",\"Delicious\",\"QZone\",\"Renren\",\"Email\");var hupso_icon_type = \"labels\";var hupso_background=\"#3BF8FF\";var hupso_border=\"#FF2B0A\";var hupso_image_folder_url = \"\";var hupso_url=\"\";var hupso_title=\"Pami%C4%99%C4%87%2C%20kt%C3%B3ra%20buduje%20to%C5%BCsamo%C5%9B%C4%87.%20Strzegowo%20oddaje%20ho%C5%82d%20prof.%20W%C5%82adys%C5%82awowi%20Smole%C5%84skiemu\";<\/script><script type=\"text\/javascript\" src=\"http:\/\/static.hupso.com\/share\/js\/share.js\"><\/script><!-- Hupso Share Buttons --><\/div>","protected":false},"author":1,"featured_media":14837,"comment_status":"open","ping_status":"open","sticky":false,"template":"","format":"standard","meta":{"_acf_changed":false,"wprm-recipe-roundup-name":"","wprm-recipe-roundup-description":"","footnotes":""},"categories":[19,3,506,28],"tags":[],"class_list":["post-14836","post","type-post","status-publish","format-standard","has-post-thumbnail","hentry","category-aktualnosci","category-kultura","category-pow","category-wyd"],"acf":[],"amp_enabled":true,"_links":{"self":[{"href":"http:\/\/portalm\u0142awa.pl\/index.php?rest_route=\/wp\/v2\/posts\/14836","targetHints":{"allow":["GET"]}}],"collection":[{"href":"http:\/\/portalm\u0142awa.pl\/index.php?rest_route=\/wp\/v2\/posts"}],"about":[{"href":"http:\/\/portalm\u0142awa.pl\/index.php?rest_route=\/wp\/v2\/types\/post"}],"author":[{"embeddable":true,"href":"http:\/\/portalm\u0142awa.pl\/index.php?rest_route=\/wp\/v2\/users\/1"}],"replies":[{"embeddable":true,"href":"http:\/\/portalm\u0142awa.pl\/index.php?rest_route=%2Fwp%2Fv2%2Fcomments&post=14836"}],"version-history":[{"count":1,"href":"http:\/\/portalm\u0142awa.pl\/index.php?rest_route=\/wp\/v2\/posts\/14836\/revisions"}],"predecessor-version":[{"id":14838,"href":"http:\/\/portalm\u0142awa.pl\/index.php?rest_route=\/wp\/v2\/posts\/14836\/revisions\/14838"}],"wp:featuredmedia":[{"embeddable":true,"href":"http:\/\/portalm\u0142awa.pl\/index.php?rest_route=\/wp\/v2\/media\/14837"}],"wp:attachment":[{"href":"http:\/\/portalm\u0142awa.pl\/index.php?rest_route=%2Fwp%2Fv2%2Fmedia&parent=14836"}],"wp:term":[{"taxonomy":"category","embeddable":true,"href":"http:\/\/portalm\u0142awa.pl\/index.php?rest_route=%2Fwp%2Fv2%2Fcategories&post=14836"},{"taxonomy":"post_tag","embeddable":true,"href":"http:\/\/portalm\u0142awa.pl\/index.php?rest_route=%2Fwp%2Fv2%2Ftags&post=14836"}],"curies":[{"name":"wp","href":"https:\/\/api.w.org\/{rel}","templated":true}]}}