{"id":14839,"date":"2026-04-30T11:34:29","date_gmt":"2026-04-30T09:34:29","guid":{"rendered":"http:\/\/portalm\u0142awa.pl\/?p=14839"},"modified":"2026-04-30T11:34:58","modified_gmt":"2026-04-30T09:34:58","slug":"100-lat-sluzby-i-zaufania-unierzyz-swietuje-strazakow-ktorzy-sa-zawsze-pierwsi","status":"publish","type":"post","link":"http:\/\/portalm\u0142awa.pl\/?p=14839","title":{"rendered":"100 lat s\u0142u\u017cby i zaufania. Unierzy\u017c \u015bwi\u0119tuje stra\u017cak\u00f3w, kt\u00f3rzy s\u0105 zawsze pierwsi"},"content":{"rendered":"<p style=\"text-align: justify;\">S\u0105 na miejscu, zanim jeszcze opadnie kurz. Wchodz\u0105 tam, sk\u0105d inni uciekaj\u0105. W Unierzy\u017cu nadchodzi dzie\u0144, w kt\u00f3rym to oni b\u0119d\u0105 w centrum uwagi. Gminny Dzie\u0144 Stra\u017caka po\u0142\u0105czony ze 100-leciem OSP w Unierzy\u017cu zapowiada si\u0119 jako jedno z najwa\u017cniejszych wydarze\u0144 w gminie.<\/p>\n<p style=\"text-align: justify;\">\u00a0<strong>Sto lat historii, jeden dzie\u0144 \u015bwi\u0119towania<\/strong><\/p>\n<p style=\"text-align: justify;\">To jubileusz pokole\u0144 stra\u017cak\u00f3w, kt\u00f3rzy przez dekady dbali o bezpiecze\u0144stwo mieszka\u0144c\u00f3w. Dzi\u015b ich s\u0142u\u017cba zostanie symbolicznie doceniona \u2014 ale te\u017c pokazana w pe\u0142nym, uroczystym wymiarze.<\/p>\n<p style=\"text-align: justify;\">\ud83d\udd52 <strong>PROGRAM UROCZYSTO\u015aCI<\/strong><\/p>\n<p style=\"text-align: justify;\">\ud83d\udccd Unierzy\u017c \u2013 9 maja 2026 r.<\/p>\n<p style=\"text-align: justify;\">10:30 \u2013 Zbi\u00f3rka pododdzia\u0142\u00f3w przy stra\u017cnicy OSP<\/p>\n<p style=\"text-align: justify;\">11:00 \u2013 Msza \u015awi\u0119ta w ko\u015bciele w Unierzy\u017cu<\/p>\n<p style=\"text-align: justify;\">12:00 \u2013 Przemarsz uczestnik\u00f3w do stra\u017cnicy<\/p>\n<p style=\"text-align: justify;\">12:15 \u2013 Uroczysty apel z okazji Gminnego Dnia Stra\u017caka oraz 100-lecia OSP<\/p>\n<p style=\"text-align: justify;\">(w tym przekazanie sprz\u0119tu specjalistycznego)<\/p>\n<p style=\"text-align: justify;\">13:15 \u2013 Wsp\u00f3lny pocz\u0119stunek dla uczestnik\u00f3w<\/p>\n<p style=\"text-align: justify;\">\u00a0<strong>Tradycja i nowoczesno\u015b\u0107<\/strong><\/p>\n<p style=\"text-align: justify;\">Obok ceremonii nie zabraknie wa\u017cnego symbolu przysz\u0142o\u015bci \u2014 przekazania nowego sprz\u0119tu, kt\u00f3ry wzmocni mo\u017cliwo\u015bci jednostki.<\/p>\n<p style=\"text-align: justify;\"><strong>Stra\u017cacy to spo\u0142eczno\u015b\u0107<\/strong><\/p>\n<p style=\"text-align: justify;\">To nie tylko s\u0142u\u017cba. To ludzie, kt\u00f3rzy s\u0105 cz\u0119\u015bci\u0105 tej samej gminy \u2014 s\u0105siedzi, znajomi, rodzina. Dlatego to wydarzenie ma wymiar znacznie szerszy ni\u017c oficjalne obchody.<\/p>\n<p style=\"text-align: justify;\">\u00a0To b\u0119dzie dzie\u0144, w kt\u00f3rym \u201edzi\u0119kujemy\u201d nabierze realnego znaczenia.<\/p>\n<p style=\"text-align: justify;\">T.B<\/p>\n<p style=\"box-sizing: border-box; margin-top: 0px; margin-bottom: 15px; color: #555555; font-family: Roboto, sans-serif; font-size: 15px; text-align: justify;\">KOMENTARZE<\/p>\n<p style=\"box-sizing: border-box; margin-top: 0px; margin-bottom: 15px; color: #555555; font-family: Roboto, sans-serif; font-size: 15px; text-align: justify;\">Wydawca portalu nie ponosi odpowiedzialno\u015bci za tre\u015b\u0107 komentarzy zamieszczanych przez u\u017cytkownik\u00f3w. Osoby zamieszczaj\u0105ce wypowiedzi naruszaj\u0105ce prawo lub prawem chronione dobra os\u00f3b trzecich mog\u0105 ponie\u015b\u0107 z tego tytu\u0142u odpowiedzialno\u015b\u0107 karn\u0105 lub cywiln\u0105.JEDNOCZE\u015aNIE UZYTKOWNICY ZAMIESZCZAJ\u0104C KOMENTARZ OSWIADCZAJ\u0104, \u017bE BIOR\u0104 PE\u0141N\u0104 ODPOWIEDZIALNO\u015a\u0106 ZA TRE\u015aCI UMIESZCZONE PRZEZ SIEBIE<\/p>\n<div style=\"padding-bottom:20px; padding-top:10px;\" class=\"hupso-share-buttons\"><!-- Hupso Share Buttons - https:\/\/www.hupso.com\/share\/ --><a class=\"hupso_pop\" href=\"https:\/\/www.hupso.com\/share\/\"><img decoding=\"async\" data-src=\"http:\/\/static.hupso.com\/share\/buttons\/button100x23.png\" style=\"border:0px; width:100; height: 23; \" alt=\"Share Button\" src=\"data:image\/svg+xml;base64,PHN2ZyB3aWR0aD0iMSIgaGVpZ2h0PSIxIiB4bWxucz0iaHR0cDovL3d3dy53My5vcmcvMjAwMC9zdmciPjwvc3ZnPg==\" class=\"lazyload\" \/><\/a><script type=\"text\/javascript\">var hupso_services=new Array(\"Twitter\",\"Facebook\",\"Pinterest\",\"Linkedin\",\"Tumblr\",\"StumbleUpon\",\"Digg\",\"Reddit\",\"Bebo\",\"Delicious\",\"QZone\",\"Renren\",\"Email\");var hupso_icon_type = \"labels\";var hupso_background=\"#3BF8FF\";var hupso_border=\"#FF2B0A\";var hupso_image_folder_url = \"\";var hupso_url=\"\";var hupso_title=\"100%20lat%20s%C5%82u%C5%BCby%20i%20zaufania.%20Unierzy%C5%BC%20%C5%9Bwi%C4%99tuje%20stra%C5%BCak%C3%B3w%2C%20kt%C3%B3rzy%20s%C4%85%20zawsze%20pierwsi\";<\/script><script type=\"text\/javascript\" src=\"http:\/\/static.hupso.com\/share\/js\/share.js\"><\/script><!-- Hupso Share Buttons --><\/div>","protected":false},"excerpt":{"rendered":"<p>S\u0105 na miejscu, zanim jeszcze opadnie kurz. Wchodz\u0105 tam, sk\u0105d inni uciekaj\u0105. W Unierzy\u017cu nadchodzi dzie\u0144, w kt\u00f3rym to oni b\u0119d\u0105 w centrum uwagi. Gminny Dzie\u0144 Stra\u017caka po\u0142\u0105czony ze 100-leciem&hellip; <\/p>\n<div style=\"padding-bottom:20px; padding-top:10px;\" class=\"hupso-share-buttons\"><!-- Hupso Share Buttons - https:\/\/www.hupso.com\/share\/ --><a class=\"hupso_pop\" href=\"https:\/\/www.hupso.com\/share\/\"><img data-src=\"http:\/\/static.hupso.com\/share\/buttons\/button100x23.png\" style=\"border:0px; width:100; height: 23; \" alt=\"Share Button\" src=\"data:image\/svg+xml;base64,PHN2ZyB3aWR0aD0iMSIgaGVpZ2h0PSIxIiB4bWxucz0iaHR0cDovL3d3dy53My5vcmcvMjAwMC9zdmciPjwvc3ZnPg==\" class=\"lazyload\" \/><\/a><script type=\"text\/javascript\">var hupso_services=new Array(\"Twitter\",\"Facebook\",\"Pinterest\",\"Linkedin\",\"Tumblr\",\"StumbleUpon\",\"Digg\",\"Reddit\",\"Bebo\",\"Delicious\",\"QZone\",\"Renren\",\"Email\");var hupso_icon_type = \"labels\";var hupso_background=\"#3BF8FF\";var hupso_border=\"#FF2B0A\";var hupso_image_folder_url = \"\";var hupso_url=\"\";var hupso_title=\"100%20lat%20s%C5%82u%C5%BCby%20i%20zaufania.%20Unierzy%C5%BC%20%C5%9Bwi%C4%99tuje%20stra%C5%BCak%C3%B3w%2C%20kt%C3%B3rzy%20s%C4%85%20zawsze%20pierwsi\";<\/script><script type=\"text\/javascript\" src=\"http:\/\/static.hupso.com\/share\/js\/share.js\"><\/script><!-- Hupso Share Buttons --><\/div>","protected":false},"author":1,"featured_media":14840,"comment_status":"open","ping_status":"open","sticky":false,"template":"","format":"standard","meta":{"_acf_changed":false,"wprm-recipe-roundup-name":"","wprm-recipe-roundup-description":"","footnotes":""},"categories":[19,506,28],"tags":[],"class_list":["post-14839","post","type-post","status-publish","format-standard","has-post-thumbnail","hentry","category-aktualnosci","category-pow","category-wyd"],"acf":[],"amp_enabled":true,"_links":{"self":[{"href":"http:\/\/portalm\u0142awa.pl\/index.php?rest_route=\/wp\/v2\/posts\/14839","targetHints":{"allow":["GET"]}}],"collection":[{"href":"http:\/\/portalm\u0142awa.pl\/index.php?rest_route=\/wp\/v2\/posts"}],"about":[{"href":"http:\/\/portalm\u0142awa.pl\/index.php?rest_route=\/wp\/v2\/types\/post"}],"author":[{"embeddable":true,"href":"http:\/\/portalm\u0142awa.pl\/index.php?rest_route=\/wp\/v2\/users\/1"}],"replies":[{"embeddable":true,"href":"http:\/\/portalm\u0142awa.pl\/index.php?rest_route=%2Fwp%2Fv2%2Fcomments&post=14839"}],"version-history":[{"count":1,"href":"http:\/\/portalm\u0142awa.pl\/index.php?rest_route=\/wp\/v2\/posts\/14839\/revisions"}],"predecessor-version":[{"id":14841,"href":"http:\/\/portalm\u0142awa.pl\/index.php?rest_route=\/wp\/v2\/posts\/14839\/revisions\/14841"}],"wp:featuredmedia":[{"embeddable":true,"href":"http:\/\/portalm\u0142awa.pl\/index.php?rest_route=\/wp\/v2\/media\/14840"}],"wp:attachment":[{"href":"http:\/\/portalm\u0142awa.pl\/index.php?rest_route=%2Fwp%2Fv2%2Fmedia&parent=14839"}],"wp:term":[{"taxonomy":"category","embeddable":true,"href":"http:\/\/portalm\u0142awa.pl\/index.php?rest_route=%2Fwp%2Fv2%2Fcategories&post=14839"},{"taxonomy":"post_tag","embeddable":true,"href":"http:\/\/portalm\u0142awa.pl\/index.php?rest_route=%2Fwp%2Fv2%2Ftags&post=14839"}],"curies":[{"name":"wp","href":"https:\/\/api.w.org\/{rel}","templated":true}]}}