{"id":14850,"date":"2026-05-01T11:43:32","date_gmt":"2026-05-01T09:43:32","guid":{"rendered":"http:\/\/portalm\u0142awa.pl\/?p=14850"},"modified":"2026-05-01T11:43:32","modified_gmt":"2026-05-01T09:43:32","slug":"mlawa-w-bialo-czerwonych-barwach-mlodzi-pokazali-czym-naprawde-jest-patriotyzm","status":"publish","type":"post","link":"http:\/\/portalm\u0142awa.pl\/?p=14850","title":{"rendered":"M\u0142awa w bia\u0142o-czerwonych barwach. M\u0142odzi pokazali, czym naprawd\u0119 jest patriotyzm"},"content":{"rendered":"<p style=\"text-align: justify;\">W murach Szko\u0142y Podstawowej nr 3 w M\u0142awie nie by\u0142o dzi\u015b miejsca na oboj\u0119tno\u015b\u0107. By\u0142y za to emocje, duma i historia opowiedziana w spos\u00f3b, kt\u00f3ry trafia prosto do serca. Uroczysty apel z okazji Konstytucja 3 Maja sta\u0142 si\u0119 czym\u015b wi\u0119cej ni\u017c tylko szkolnym wydarzeniem \u2013 by\u0142 \u017cyw\u0105 lekcj\u0105 patriotyzmu, kt\u00f3rej nie da si\u0119 zapomnie\u0107.<\/p>\n<p style=\"text-align: justify;\">Ju\u017c od pierwszych chwil by\u0142o jasne, \u017ce to nie b\u0119dzie zwyk\u0142a akademia. Uczniowie zabrali widz\u00f3w w podr\u00f3\u017c do jednego z najwa\u017cniejszych moment\u00f3w w historii Polski. Nie by\u0142o tu suchej daty i fakt\u00f3w \u2013 by\u0142a opowie\u015b\u0107. Przeplatana wierszem, muzyk\u0105 i emocj\u0105, kt\u00f3ra unosi\u0142a si\u0119 w powietrzu.<\/p>\n<p style=\"text-align: justify;\">Najwi\u0119ksze poruszenie wywo\u0142a\u0142a inscenizacja rozmowy matki z synem. Prosta forma, a jednak uderzaj\u0105ca w sedno \u2013 czym s\u0105 warto\u015bci zapisane w konstytucji i dlaczego wci\u0105\u017c maj\u0105 znaczenie. Na sali zapad\u0142a cisza, ta najcenniejsza \u2013 pe\u0142na skupienia i refleksji.<\/p>\n<p style=\"text-align: justify;\">Ca\u0142o\u015b\u0107 dope\u0142nia\u0142a oprawa, kt\u00f3ra robi\u0142a wra\u017cenie. Bia\u0142o-czerwone stroje, powiewaj\u0105ce flagi, m\u0142ode twarze pe\u0142ne powagi i dumy. To by\u0142 obraz, kt\u00f3ry m\u00f3wi\u0142 wi\u0119cej ni\u017c tysi\u0105c s\u0142\u00f3w \u2013 obraz m\u0142odego pokolenia, kt\u00f3re rozumie, czym jest Polska.<\/p>\n<p style=\"text-align: justify;\">A gdy na zako\u0144czenie wybrzmia\u0142a piosenka \u201eKocham Polsk\u0119 \u2013 Konstytucja\u201d, napi\u0119cie ust\u0105pi\u0142o miejsca rado\u015bci. By\u0142y u\u015bmiechy, by\u0142a energia, by\u0142a wsp\u00f3lnota.<\/p>\n<p style=\"text-align: justify;\">G\u0142os zabra\u0142a r\u00f3wnie\u017c dyrektor szko\u0142y, Agnieszka Kowalska. Jej s\u0142owa nie by\u0142y formalno\u015bci\u0105 \u2013 by\u0142y wyrazem uznania dla uczni\u00f3w i nauczycieli, kt\u00f3rzy stworzyli wydarzenie z prawdziwym przes\u0142aniem. Podkre\u015bli\u0142a zaanga\u017cowanie m\u0142odzie\u017cy i podzi\u0119kowa\u0142a tym, kt\u00f3rzy stan\u0119li za kulisami tej wyj\u0105tkowej uroczysto\u015bci.<\/p>\n<p style=\"text-align: justify;\">Bo w\u0142a\u015bnie takie chwile pokazuj\u0105, \u017ce patriotyzm nie musi by\u0107 patetyczny ani odleg\u0142y. Mo\u017ce by\u0107 \u017cywy, autentyczny i bliski \u2013 dok\u0142adnie taki, jak dzi\u015b w M\u0142awie.<\/p>\n<p style=\"text-align: justify;\">Nades\u0142ane oprac T.B fot SP3<\/p>\n<p style=\"box-sizing: border-box; margin-top: 0px; margin-bottom: 15px; color: #555555; font-family: Roboto, sans-serif; font-size: 15px; text-align: justify;\">KOMENTARZE<\/p>\n<p style=\"box-sizing: border-box; margin-top: 0px; margin-bottom: 15px; color: #555555; font-family: Roboto, sans-serif; font-size: 15px; text-align: justify;\">Wydawca portalu nie ponosi odpowiedzialno\u015bci za tre\u015b\u0107 komentarzy zamieszczanych przez u\u017cytkownik\u00f3w. Osoby zamieszczaj\u0105ce wypowiedzi naruszaj\u0105ce prawo lub prawem chronione dobra os\u00f3b trzecich mog\u0105 ponie\u015b\u0107 z tego tytu\u0142u odpowiedzialno\u015b\u0107 karn\u0105 lub cywiln\u0105.JEDNOCZE\u015aNIE UZYTKOWNICY ZAMIESZCZAJ\u0104C KOMENTARZ OSWIADCZAJ\u0104, \u017bE BIOR\u0104 PE\u0141N\u0104 ODPOWIEDZIALNO\u015a\u0106 ZA TRE\u015aCI UMIESZCZONE PRZEZ SIEBIE<\/p>\n<div style=\"padding-bottom:20px; padding-top:10px;\" class=\"hupso-share-buttons\"><!-- Hupso Share Buttons - https:\/\/www.hupso.com\/share\/ --><a class=\"hupso_pop\" href=\"https:\/\/www.hupso.com\/share\/\"><img decoding=\"async\" data-src=\"http:\/\/static.hupso.com\/share\/buttons\/button100x23.png\" style=\"border:0px; width:100; height: 23; \" alt=\"Share Button\" src=\"data:image\/svg+xml;base64,PHN2ZyB3aWR0aD0iMSIgaGVpZ2h0PSIxIiB4bWxucz0iaHR0cDovL3d3dy53My5vcmcvMjAwMC9zdmciPjwvc3ZnPg==\" class=\"lazyload\" \/><\/a><script type=\"text\/javascript\">var hupso_services=new Array(\"Twitter\",\"Facebook\",\"Pinterest\",\"Linkedin\",\"Tumblr\",\"StumbleUpon\",\"Digg\",\"Reddit\",\"Bebo\",\"Delicious\",\"QZone\",\"Renren\",\"Email\");var hupso_icon_type = \"labels\";var hupso_background=\"#3BF8FF\";var hupso_border=\"#FF2B0A\";var hupso_image_folder_url = \"\";var hupso_url=\"\";var hupso_title=\"M%C5%82awa%20w%20bia%C5%82o-czerwonych%20barwach.%20M%C5%82odzi%20pokazali%2C%20czym%20naprawd%C4%99%20jest%20patriotyzm\";<\/script><script type=\"text\/javascript\" src=\"http:\/\/static.hupso.com\/share\/js\/share.js\"><\/script><!-- Hupso Share Buttons --><\/div>","protected":false},"excerpt":{"rendered":"<p>W murach Szko\u0142y Podstawowej nr 3 w M\u0142awie nie by\u0142o dzi\u015b miejsca na oboj\u0119tno\u015b\u0107. By\u0142y za to emocje, duma i historia opowiedziana w spos\u00f3b, kt\u00f3ry trafia prosto do serca. Uroczysty&hellip; <\/p>\n<div style=\"padding-bottom:20px; padding-top:10px;\" class=\"hupso-share-buttons\"><!-- Hupso Share Buttons - https:\/\/www.hupso.com\/share\/ --><a class=\"hupso_pop\" href=\"https:\/\/www.hupso.com\/share\/\"><img data-src=\"http:\/\/static.hupso.com\/share\/buttons\/button100x23.png\" style=\"border:0px; width:100; height: 23; \" alt=\"Share Button\" src=\"data:image\/svg+xml;base64,PHN2ZyB3aWR0aD0iMSIgaGVpZ2h0PSIxIiB4bWxucz0iaHR0cDovL3d3dy53My5vcmcvMjAwMC9zdmciPjwvc3ZnPg==\" class=\"lazyload\" \/><\/a><script type=\"text\/javascript\">var hupso_services=new Array(\"Twitter\",\"Facebook\",\"Pinterest\",\"Linkedin\",\"Tumblr\",\"StumbleUpon\",\"Digg\",\"Reddit\",\"Bebo\",\"Delicious\",\"QZone\",\"Renren\",\"Email\");var hupso_icon_type = \"labels\";var hupso_background=\"#3BF8FF\";var hupso_border=\"#FF2B0A\";var hupso_image_folder_url = \"\";var hupso_url=\"\";var hupso_title=\"M%C5%82awa%20w%20bia%C5%82o-czerwonych%20barwach.%20M%C5%82odzi%20pokazali%2C%20czym%20naprawd%C4%99%20jest%20patriotyzm\";<\/script><script type=\"text\/javascript\" src=\"http:\/\/static.hupso.com\/share\/js\/share.js\"><\/script><!-- Hupso Share Buttons --><\/div>","protected":false},"author":1,"featured_media":14851,"comment_status":"open","ping_status":"open","sticky":false,"template":"","format":"standard","meta":{"_acf_changed":false,"wprm-recipe-roundup-name":"","wprm-recipe-roundup-description":"","footnotes":""},"categories":[19,3,28],"tags":[],"class_list":["post-14850","post","type-post","status-publish","format-standard","has-post-thumbnail","hentry","category-aktualnosci","category-kultura","category-wyd"],"acf":[],"amp_enabled":true,"_links":{"self":[{"href":"http:\/\/portalm\u0142awa.pl\/index.php?rest_route=\/wp\/v2\/posts\/14850","targetHints":{"allow":["GET"]}}],"collection":[{"href":"http:\/\/portalm\u0142awa.pl\/index.php?rest_route=\/wp\/v2\/posts"}],"about":[{"href":"http:\/\/portalm\u0142awa.pl\/index.php?rest_route=\/wp\/v2\/types\/post"}],"author":[{"embeddable":true,"href":"http:\/\/portalm\u0142awa.pl\/index.php?rest_route=\/wp\/v2\/users\/1"}],"replies":[{"embeddable":true,"href":"http:\/\/portalm\u0142awa.pl\/index.php?rest_route=%2Fwp%2Fv2%2Fcomments&post=14850"}],"version-history":[{"count":1,"href":"http:\/\/portalm\u0142awa.pl\/index.php?rest_route=\/wp\/v2\/posts\/14850\/revisions"}],"predecessor-version":[{"id":14852,"href":"http:\/\/portalm\u0142awa.pl\/index.php?rest_route=\/wp\/v2\/posts\/14850\/revisions\/14852"}],"wp:featuredmedia":[{"embeddable":true,"href":"http:\/\/portalm\u0142awa.pl\/index.php?rest_route=\/wp\/v2\/media\/14851"}],"wp:attachment":[{"href":"http:\/\/portalm\u0142awa.pl\/index.php?rest_route=%2Fwp%2Fv2%2Fmedia&parent=14850"}],"wp:term":[{"taxonomy":"category","embeddable":true,"href":"http:\/\/portalm\u0142awa.pl\/index.php?rest_route=%2Fwp%2Fv2%2Fcategories&post=14850"},{"taxonomy":"post_tag","embeddable":true,"href":"http:\/\/portalm\u0142awa.pl\/index.php?rest_route=%2Fwp%2Fv2%2Ftags&post=14850"}],"curies":[{"name":"wp","href":"https:\/\/api.w.org\/{rel}","templated":true}]}}