{"id":1758,"date":"2014-10-03T23:56:12","date_gmt":"2014-10-03T21:56:12","guid":{"rendered":"http:\/\/xn--portalmawa-g0b.pl\/?p=1758"},"modified":"2020-05-18T00:09:39","modified_gmt":"2020-05-17T22:09:39","slug":"powiat-strzegowo-wsrod-liderow-w-pozyskiwaniu-srodkow-unijnych","status":"publish","type":"post","link":"http:\/\/portalm\u0142awa.pl\/?p=1758","title":{"rendered":"POWIAT. Strzegowo w\u015br\u00f3d lider\u00f3w w pozyskiwaniu \u015brodk\u00f3w unijnych."},"content":{"rendered":"<p style=\"text-align: justify;\"><strong><img decoding=\"async\" class=\"wp-image-1759 alignleft lazyload\" data-src=\"http:\/\/xn--portalmawa-g0b.pl\/wp-content\/uploads\/2020\/05\/mazowsze38-300x300.jpg\" alt=\"\" width=\"211\" height=\"211\" data-srcset=\"http:\/\/portalm\u0142awa.pl\/wp-content\/uploads\/2020\/05\/mazowsze38-300x300.jpg 300w, http:\/\/portalm\u0142awa.pl\/wp-content\/uploads\/2020\/05\/mazowsze38-120x120.jpg 120w, http:\/\/portalm\u0142awa.pl\/wp-content\/uploads\/2020\/05\/mazowsze38.jpg 640w\" data-sizes=\"(max-width: 211px) 100vw, 211px\" src=\"data:image\/svg+xml;base64,PHN2ZyB3aWR0aD0iMSIgaGVpZ2h0PSIxIiB4bWxucz0iaHR0cDovL3d3dy53My5vcmcvMjAwMC9zdmciPjwvc3ZnPg==\" style=\"--smush-placeholder-width: 211px; --smush-placeholder-aspect-ratio: 211\/211;\" \/>Samorz\u0105dowcy i mieszka\u0144cy subregionu ciechanowskiego bardzo dobrze radz\u0105 sobie z\u00a0wykorzystywaniem \u015brodk\u00f3w unijnych. Potrafi\u0105 po nie si\u0119ga\u0107 i przekuwa\u0107 je na ciekawe projekty. W\u00a0sumie uda\u0142o im si\u0119 zdoby\u0107 807 mln z\u0142 na 647 inwestycji. Dzi\u0119ki dotacjom wyremontowano m.in. 201 km dr\u00f3g, wybudowano 180 km sieci kanalizacyjnej<\/strong> <strong>i<\/strong> <strong>117 km wodoci\u0105g\u00f3w. 26 zabytk\u00f3w zamieni\u0142o si\u0119 w prawdziwe pere\u0142ki turystyczne \u2013 np. Zamek Ksi\u0105\u017c\u0105t Mazowieckich w Ciechanowie czy Zesp\u00f3\u0142 Parkowo-Pa\u0142acowy w Opinog\u00f3rze. To tak\u017ce czas du\u017cych zmian na wsi \u2013 107 wyremontowanych i wyposa\u017conych \u015bwietlic wiejskich, kt\u00f3re staj\u0105 si\u0119 centrami kultury oraz 33 obiekty sportowe i 20 plac\u00f3w zabaw. W\u015br\u00f3d lider\u00f3w w pozyskiwaniu \u015brodk\u00f3w znalaz\u0142o si\u0119 Strzegowo gmina Powiatu M\u0142awskiego.<\/strong><\/p>\n<p style=\"text-align: justify;\">Za rozdysponowanie \u015brodk\u00f3w na poziomie wojew\u00f3dztwa odpowiada samorz\u0105d wojew\u00f3dztwa. Do wykorzystania by\u0142y pieni\u0105dze zar\u00f3wno na tzw. projekty twarde, czyli inwestycje widoczne go\u0142ym okiem, jak i na \u201eprojekty mi\u0119kkie\u201d \u2013 rozwijaj\u0105ce mieszka\u0144c\u00f3w tej cz\u0119\u015bci Mazowsza. Subregion ciechanowski mia\u0142 okazj\u0119 korzysta\u0107 m.in. z pieni\u0119dzy w ramach Regionalnego Programu Operacyjnego Wojew\u00f3dztwa Mazowieckiego 2007-13 (RPO WM), Programu Operacyjnego Kapita\u0142 Ludzki (POKL) oraz Programu Rozwoju Obszar\u00f3w Wiejskich 2007-13 (PROW).<\/p>\n<p style=\"text-align: justify;\">Kwoty m\u00f3wi\u0105 same za siebie. Do mieszka\u0144c\u00f3w <strong>subregionu ciechanowskiego<\/strong> trafi\u0142o z UE 807 mln z\u0142, z czego prawie <strong>660<\/strong> <strong>mln z\u0142<\/strong> z <strong>RPO WM<\/strong> (176\u00a0inwestycji) i ponad 147 mln z\u0142 z <strong>PROW<\/strong> (471 inwestycji). Po fundusze si\u0119gali zar\u00f3wno <strong>przedsi\u0119biorcy<\/strong> (w\u00a0ramach RPO WM 58 projekt\u00f3w na ok. 65 mln z\u0142 z UE), jak i <strong>samorz\u0105dy<\/strong> (w\u00a0ramach RPO WM 108 projekt\u00f3w \u2013 567 mln z\u0142 dotacji). W PROW wi\u0119kszo\u015b\u0107 projekt\u00f3w realizowa\u0142y samorz\u0105dy.<\/p>\n<p style=\"text-align: justify;\">Jednak na co dzie\u0144 nie widzimy kwot, ale konkretne inwestycje \u2013 drogi, chodniki, \u015bcie\u017cki rowerowe, boiska, szko\u0142y. Og\u00f3lnie dzi\u0119ki aktywno\u015bci samorz\u0105d\u00f3w w ubieganiu si\u0119 o \u015brodki unijne w subregionie ciechanowskim przebudowanych i wybudowanych zosta\u0142o prawie <strong>201 km dr\u00f3g<\/strong>, z czego ok. 115 km to drogi gminne, a ponad 80 km to powiatowe. Dotacja z UE przyznana przez samorz\u0105d wojew\u00f3dztwa na ten cel wynios\u0142a <strong>227,6 mln z\u0142<\/strong>. Najwi\u0119ksze dotacje drogowe zasil\u0105 budow\u0119 w Ciechanowie p\u0119tli \u0142\u0105cz\u0105cej drogi krajowe nr 50 i 60, drogi wojew\u00f3dzkie nr 617 i 615 oraz siedem dr\u00f3g powiatowych (102 mln z\u0142). Ten projekt jeszcze trwa, ale jego realizacja poprawi system transportowy miasta i okolic. Najwi\u0119ksz\u0105 zrealizowan\u0105 inwestycj\u0105 jest budowa drogi gminnej w P\u0142o\u0144sku od ul. Targowej do ul. Klonowej wraz z przebudow\u0105 ulicy Klonowej (14 mln z\u0142).<\/p>\n<p style=\"text-align: justify;\">Ze \u015brodk\u00f3w unijnych realizowano r\u00f3wnie\u017c inwestycje tak niezb\u0119dne do codziennego \u017cycia, jak stworzenie kanalizacji. W efekcie <strong>131<\/strong> <strong>mln z\u0142<\/strong> z UE powsta\u0142o <strong>180 km sieci kanalizacyjnej<\/strong> i <strong>117 km wodoci\u0105g\u00f3w<\/strong> oraz 2202 kanalizacji zagrodowych.<\/p>\n<p style=\"text-align: justify;\">To r\u00f3wnie\u017c samorz\u0105dy si\u0119ga\u0142y po dotacje usprawniaj\u0105ce dzia\u0142alno\u015b\u0107 plac\u00f3wek ochrony zdrowia. Wiele plac\u00f3wek dzi\u0119ki \u015brodkom unijnym zyska\u0142o szans\u0119 na specjalistyczne wyposa\u017cenie \u2013 np. szpital w\u00a0Pu\u0142tusku. Inne mog\u0142y liczy\u0107 na dotacj\u0119 na rozbudow\u0119 \u2013 np. 11,3 mln z\u0142 otrzyma\u0142 na ten cel szpital w P\u0142o\u0144sku, a\u00a0szpital w M\u0142awie realizuje projekt rozbudowy i doposa\u017cenia dzi\u0119ki 14 mln z\u0142 dofinansowania. Szpital wojew\u00f3dzki w Ciechanowie przy wsparciu ponad 5,5 mln z\u0142 przeprowadzi\u0142 modernizacj\u0119 plac\u00f3wki, by poszerzy\u0107 ofert\u0119 rehabilitacji.<\/p>\n<p style=\"text-align: justify;\">Plac\u00f3wki samorz\u0105du wojew\u00f3dztwa bior\u0105 udzia\u0142 w kompleksowym projekcie \u201eE-zdrowie dla Mazowsza\u201d, w\u00a0ramach kt\u00f3rego b\u0119d\u0105 mie\u0107 sp\u00f3jny, ujednolicony system informatyczny. Informatyzacji b\u0119dzie w\u00a0ramach tego projektu poddany szpital wojew\u00f3dzki w Ciechanowie. <strong>W sumie na projekty zwi\u0105zane z\u00a0instytucjami ochrony zdrowia do subregionu ciechanowskiego trafi\u0142o prawie 53,6 mln z\u0142<\/strong>.<\/p>\n<p style=\"text-align: justify;\">Olbrzymi zastrzyk pieni\u0119dzy otrzyma\u0142y instytucje kultury. Tylko z samego RPO WM do subregionu ciechanowskiego trafi\u0142o z UE <strong>37 mln z\u0142 na inwestycje w kultur\u0119<\/strong>. Dzi\u0119ki temu mo\u017cliwe by\u0142o m.in. zrewitalizowanie Zamku Ksi\u0105\u017c\u0105t Mazowieckich w Ciechanowie, kt\u00f3ry jest wizyt\u00f3wk\u0105 miasta (8,3 mln z\u0142 z UE) czy ratusza w Ciechanowie (3,2 mln z\u0142). Ogromnym zmianom uleg\u0142 Zabytkowy Zesp\u00f3\u0142 Pa\u0142acowo-Parkowy Muzeum Romantyzmu w Opinog\u00f3rze \u2013 powsta\u0142a Oran\u017ceria, a tak\u017ce zaplecze edukacyjne, folwarczne, gospodarcze i\u00a0zrewitalizowany park krajobrazowy (ca\u0142o\u015b\u0107 z dotacj\u0105 ponad 18 mln z\u0142).<\/p>\n<p style=\"text-align: justify;\">Projekt\u00f3w tworz\u0105cych lub modernizuj\u0105cych r\u00f3\u017cne centra kultury by\u0142o znacznie wi\u0119cej \u2013 zw\u0142aszcza z PROW. Og\u00f3lnie dzi\u0119ki \u015brodkom unijnym uda\u0142o si\u0119 uratowa\u0107 <strong>26 zabytk\u00f3w<\/strong>.<\/p>\n<p style=\"text-align: justify;\">\u015arodki unijne trafi\u0142y tak\u017ce do szk\u00f3\u0142. <strong>Prawie 43,6 mln z\u0142 dotacji pozwoli\u0142o w wielu ma\u0142ych miejscowo\u015bciach rozbudowa\u0107 szko\u0142y<\/strong> \u2013 zw\u0142aszcza o sale sportowe (np. w Czerwi\u0144sku nad Wis\u0142\u0105 czy w Strzegowie).<\/p>\n<p style=\"text-align: justify;\">Dzi\u0119ki dotacjom w ramach Programu Operacyjnego Kapita\u0142 Ludzki \u015brodki przyznane przez zarz\u0105d wojew\u00f3dztwa wspar\u0142y r\u00f3wnie\u017c najm\u0142odszych \u2013 w subregionie ciechanowskim w <strong>projektach edukacyjnych<\/strong> <strong>wzi\u0119\u0142o udzia\u0142 46 przedszkoli<\/strong>, dzi\u0119ki czemu <strong>1145 dzieci<\/strong> w wieku 3-5 lat z plac\u00f3wek na terenach wiejskich uczestniczy\u0142o w r\u00f3\u017cnych zaj\u0119ciach edukacyjnych. W projektach edukacyjnych bra\u0142y udzia\u0142 r\u00f3wnie\u017c <strong>202 szko\u0142y (r\u00f3\u017cnego typu)<\/strong> \u2013 z czego a\u017c 139 to plac\u00f3wki z teren\u00f3w wiejskich. Poza tym <strong>41<\/strong> <strong>plac\u00f3wek kszta\u0142cenia zawodowego<\/strong> wykorzysta\u0142o \u015brodki unijne do wdro\u017cenia program\u00f3w rozwojowych, przy czym 9 z nich wsp\u00f3\u0142pracowa\u0142o w tym zakresie z przedsi\u0119biorstwami. Dzi\u0119ki takim programom <strong>1926 uczni\u00f3w bra\u0142o udzia\u0142 w\u00a0sta\u017cach i\u00a0praktykach<\/strong> (najwi\u0119cej w powiecie m\u0142awskim \u2013 370 os\u00f3b i w powiecie ciechanowskim \u2013 247 os\u00f3b).<\/p>\n<p style=\"text-align: justify;\"><strong>liderzy<\/strong><\/p>\n<p style=\"text-align: justify;\"><strong>Trudno m\u00f3wi\u0107 o liderach, bo specyfika i potrzeby ka\u017cdego samorz\u0105du s\u0105 inne. Analizuj\u0105c jednak \u015brodki zdobyte przez samorz\u0105dy w przeliczeniu na jednego mieszka\u0144ca, liderem okazuje si\u0119 gmina Glinojeck. Na rzecz swoich mieszka\u0144c\u00f3w pozyska\u0142a<\/strong> <strong>6,5 tys. z\u0142<\/strong> na 1\u00a0mieszka\u0144ca. Dzi\u0119ki \u015brodkom unijnym uda\u0142o si\u0119 wybudowa\u0107 141 km sieci kanalizacyjnej, 10 zlewni i 5 pompowni po\u015brednich oraz 9,5 km sieci wodoci\u0105gowej.Aglomeracja Glinojeck zosta\u0142a wyposa\u017cona w ponad 65 proc. w kanalizacj\u0119 sanitarn\u0105. Wsparcie unijne pozwoli\u0142o na zbudowanie Centrum Kulturowo-Historycznego \u201eKantor m\u0142y\u0144ski&#8221; w Strzegowie (<strong>2,9 mln z\u0142 <\/strong>dotacji). Do najwi\u0119kszych projekt\u00f3w zrealizowanych w gminie Grudusk niew\u0105tpliwe nale\u017c\u0105 inwestycje drogowe, w tym przebudowa dr\u00f3g gminnych Nieborzyn \u2013 Stryjewo Wielkie \u2013 Le\u015bniewo Dolne (<strong>1,4 mln z\u0142<\/strong> dotacji z UE) oraz usprawnienie komunikacji pomi\u0119dzy gmin\u0105 a s\u0105siednimi gminami Szyd\u0142owo i Dzierzgowo (prawie <strong>1,3 mln z\u0142<\/strong> wsparcia).<\/p>\n<div style=\"text-align: justify;\">\n<p>* Do podsumowania brane by\u0142y kwoty dotacji uzyskanych przez samorz\u0105dy w ramach Regionalnego Programu Operacyjnego Wojew\u00f3dztwa Mazowieckiego oraz Programu Rozwoju Obszar\u00f3w Wiejskich (per capita).<\/p>\n<\/div>\n<p style=\"text-align: justify;\"><strong>\u015arodki unijne w ramach RPO i PROW zdobyte przez samorz\u0105dy dla swoich mieszka\u0144c\u00f3w<\/strong><\/p>\n<table border=\"0\" cellspacing=\"0\" cellpadding=\"0\">\n<tbody>\n<tr>\n<td valign=\"bottom\" width=\"125\">\u00a0 samorz\u0105d<\/td>\n<td valign=\"bottom\" width=\"159\">kwota per capita w pln<\/td>\n<\/tr>\n<tr>\n<td valign=\"bottom\" nowrap=\"nowrap\" width=\"125\">Glinojeck<\/td>\n<td valign=\"bottom\" nowrap=\"nowrap\" width=\"159\">\n<p align=\"right\">6 504,56<\/p>\n<\/td>\n<\/tr>\n<tr>\n<td valign=\"bottom\" nowrap=\"nowrap\" width=\"125\">Strzegowo<\/td>\n<td valign=\"bottom\" nowrap=\"nowrap\" width=\"159\">\n<p align=\"right\">3 867,30<\/p>\n<\/td>\n<\/tr>\n<tr>\n<td valign=\"bottom\" nowrap=\"nowrap\" width=\"125\">Grudusk<\/td>\n<td valign=\"bottom\" nowrap=\"nowrap\" width=\"159\">\n<p align=\"right\">2 808,13<\/p>\n<\/td>\n<\/tr>\n<tr>\n<td valign=\"bottom\" nowrap=\"nowrap\" width=\"125\">gmina miejska Ciechan\u00f3w<\/td>\n<td valign=\"bottom\" nowrap=\"nowrap\" width=\"159\">\n<p align=\"right\">2 474,43<\/p>\n<\/td>\n<\/tr>\n<tr>\n<td valign=\"bottom\" nowrap=\"nowrap\" width=\"125\">Pokrzywnica<\/td>\n<td valign=\"bottom\" nowrap=\"nowrap\" width=\"159\">\n<p align=\"right\">2 040,19<\/p>\n<\/td>\n<\/tr>\n<tr>\n<td valign=\"bottom\" nowrap=\"nowrap\" width=\"125\">P\u0142o\u0144sk<\/td>\n<td valign=\"bottom\" nowrap=\"nowrap\" width=\"159\">\n<p align=\"right\">1 834,89<\/p>\n<\/td>\n<\/tr>\n<tr>\n<td valign=\"bottom\" nowrap=\"nowrap\" width=\"125\">Zatory<\/td>\n<td valign=\"bottom\" nowrap=\"nowrap\" width=\"159\">\n<p align=\"right\">1 726,55<\/p>\n<\/td>\n<\/tr>\n<tr>\n<td valign=\"bottom\" nowrap=\"nowrap\" width=\"125\">Wieczfnia Ko\u015bcielna<\/td>\n<td valign=\"bottom\" nowrap=\"nowrap\" width=\"159\">\n<p align=\"right\">1 678,16<\/p>\n<\/td>\n<\/tr>\n<tr>\n<td valign=\"bottom\" nowrap=\"nowrap\" width=\"125\">Czerwi\u0144sk nad Wis\u0142\u0105<\/td>\n<td valign=\"bottom\" nowrap=\"nowrap\" width=\"159\">\n<p align=\"right\">1 537,80<\/p>\n<\/td>\n<\/tr>\n<tr>\n<td valign=\"bottom\" nowrap=\"nowrap\" width=\"125\">Radzan\u00f3w<br \/>\n(w pow.m\u0142awskim)<\/td>\n<td valign=\"bottom\" nowrap=\"nowrap\" width=\"159\">\n<p align=\"right\">1 506,32<\/p>\n<\/td>\n<\/tr>\n<\/tbody>\n<\/table>\n<p style=\"text-align: justify;\">NiestetY jak wida\u0107 M\u0142awy w spisie tym nie ma. Pozyskiwanie \u015brodk\u00f3w bowiem to najs\u0142abszy punkt obecnego burmistrza.<\/p>\n<p style=\"text-align: justify;\"><span style=\"color: #ff0000;\"><strong>KOMENTARZE<\/strong><\/span><\/p>\n<p style=\"text-align: justify;\"><em>Wydawca portalu nie ponosi odpowiedzialno\u015bci za tre\u015b\u0107 komentarzy zamieszczanych przez u\u017cytkownik\u00f3w. Osoby zamieszczaj\u0105ce wypowiedzi naruszaj\u0105ce prawo lub prawem chronione dobra os\u00f3b trzecich mog\u0105 ponie\u015b\u0107 z tego tytu\u0142u odpowiedzialno\u015b\u0107 karn\u0105 lub cywiln\u0105.<\/em><span style=\"color: #ff0000;\"><strong><em>JEDNOCZE\u015aNIE UZYTKOWNICY ZAMIESZCZAJ\u0104C KOMENTARZ OSWIADCZAJ\u0104, \u017bE BIOR\u0104 PE\u0141N\u0104 ODPOWIEDZIALNO\u015a\u0106 ZA TRE\u015aCI UMIESZCZONE PRZEZ SIEBIE<\/em><\/strong><\/span><\/p>\n<div><\/div>\n<div style=\"padding-bottom:20px; padding-top:10px;\" class=\"hupso-share-buttons\"><!-- Hupso Share Buttons - https:\/\/www.hupso.com\/share\/ --><a class=\"hupso_pop\" href=\"https:\/\/www.hupso.com\/share\/\"><img decoding=\"async\" data-src=\"http:\/\/static.hupso.com\/share\/buttons\/button100x23.png\" style=\"border:0px; width:100; height: 23; \" alt=\"Share Button\" src=\"data:image\/svg+xml;base64,PHN2ZyB3aWR0aD0iMSIgaGVpZ2h0PSIxIiB4bWxucz0iaHR0cDovL3d3dy53My5vcmcvMjAwMC9zdmciPjwvc3ZnPg==\" class=\"lazyload\" \/><\/a><script type=\"text\/javascript\">var hupso_services=new Array(\"Twitter\",\"Facebook\",\"Pinterest\",\"Linkedin\",\"Tumblr\",\"StumbleUpon\",\"Digg\",\"Reddit\",\"Bebo\",\"Delicious\",\"QZone\",\"Renren\",\"Email\");var hupso_icon_type = \"labels\";var hupso_background=\"#3BF8FF\";var hupso_border=\"#FF2B0A\";var hupso_image_folder_url = \"\";var hupso_url=\"\";var hupso_title=\"POWIAT.%20Strzegowo%20w%C5%9Br%C3%B3d%20lider%C3%B3w%20w%20pozyskiwaniu%20%C5%9Brodk%C3%B3w%20unijnych.\";<\/script><script type=\"text\/javascript\" src=\"http:\/\/static.hupso.com\/share\/js\/share.js\"><\/script><!-- Hupso Share Buttons --><\/div>","protected":false},"excerpt":{"rendered":"<p>Samorz\u0105dowcy i mieszka\u0144cy subregionu ciechanowskiego bardzo dobrze radz\u0105 sobie z\u00a0wykorzystywaniem \u015brodk\u00f3w unijnych. Potrafi\u0105 po nie si\u0119ga\u0107 i przekuwa\u0107 je na ciekawe projekty. W\u00a0sumie uda\u0142o im si\u0119 zdoby\u0107 807 mln z\u0142&hellip; <\/p>\n<div style=\"padding-bottom:20px; padding-top:10px;\" class=\"hupso-share-buttons\"><!-- Hupso Share Buttons - https:\/\/www.hupso.com\/share\/ --><a class=\"hupso_pop\" href=\"https:\/\/www.hupso.com\/share\/\"><img data-src=\"http:\/\/static.hupso.com\/share\/buttons\/button100x23.png\" style=\"border:0px; width:100; height: 23; \" alt=\"Share Button\" src=\"data:image\/svg+xml;base64,PHN2ZyB3aWR0aD0iMSIgaGVpZ2h0PSIxIiB4bWxucz0iaHR0cDovL3d3dy53My5vcmcvMjAwMC9zdmciPjwvc3ZnPg==\" class=\"lazyload\" \/><\/a><script type=\"text\/javascript\">var hupso_services=new Array(\"Twitter\",\"Facebook\",\"Pinterest\",\"Linkedin\",\"Tumblr\",\"StumbleUpon\",\"Digg\",\"Reddit\",\"Bebo\",\"Delicious\",\"QZone\",\"Renren\",\"Email\");var hupso_icon_type = \"labels\";var hupso_background=\"#3BF8FF\";var hupso_border=\"#FF2B0A\";var hupso_image_folder_url = \"\";var hupso_url=\"\";var hupso_title=\"POWIAT.%20Strzegowo%20w%C5%9Br%C3%B3d%20lider%C3%B3w%20w%20pozyskiwaniu%20%C5%9Brodk%C3%B3w%20unijnych.\";<\/script><script type=\"text\/javascript\" src=\"http:\/\/static.hupso.com\/share\/js\/share.js\"><\/script><!-- Hupso Share Buttons --><\/div>","protected":false},"author":1,"featured_media":1759,"comment_status":"open","ping_status":"open","sticky":false,"template":"","format":"standard","meta":{"_acf_changed":false,"wprm-recipe-roundup-name":"","wprm-recipe-roundup-description":"","footnotes":""},"categories":[506],"tags":[43,23,507,32],"class_list":["post-1758","post","type-post","status-publish","format-standard","has-post-thumbnail","hentry","category-pow","tag-dofinansowanie","tag-mlawa","tag-powiat","tag-srodki-unijne"],"acf":[],"amp_enabled":true,"_links":{"self":[{"href":"http:\/\/portalm\u0142awa.pl\/index.php?rest_route=\/wp\/v2\/posts\/1758","targetHints":{"allow":["GET"]}}],"collection":[{"href":"http:\/\/portalm\u0142awa.pl\/index.php?rest_route=\/wp\/v2\/posts"}],"about":[{"href":"http:\/\/portalm\u0142awa.pl\/index.php?rest_route=\/wp\/v2\/types\/post"}],"author":[{"embeddable":true,"href":"http:\/\/portalm\u0142awa.pl\/index.php?rest_route=\/wp\/v2\/users\/1"}],"replies":[{"embeddable":true,"href":"http:\/\/portalm\u0142awa.pl\/index.php?rest_route=%2Fwp%2Fv2%2Fcomments&post=1758"}],"version-history":[{"count":1,"href":"http:\/\/portalm\u0142awa.pl\/index.php?rest_route=\/wp\/v2\/posts\/1758\/revisions"}],"predecessor-version":[{"id":1760,"href":"http:\/\/portalm\u0142awa.pl\/index.php?rest_route=\/wp\/v2\/posts\/1758\/revisions\/1760"}],"wp:featuredmedia":[{"embeddable":true,"href":"http:\/\/portalm\u0142awa.pl\/index.php?rest_route=\/wp\/v2\/media\/1759"}],"wp:attachment":[{"href":"http:\/\/portalm\u0142awa.pl\/index.php?rest_route=%2Fwp%2Fv2%2Fmedia&parent=1758"}],"wp:term":[{"taxonomy":"category","embeddable":true,"href":"http:\/\/portalm\u0142awa.pl\/index.php?rest_route=%2Fwp%2Fv2%2Fcategories&post=1758"},{"taxonomy":"post_tag","embeddable":true,"href":"http:\/\/portalm\u0142awa.pl\/index.php?rest_route=%2Fwp%2Fv2%2Ftags&post=1758"}],"curies":[{"name":"wp","href":"https:\/\/api.w.org\/{rel}","templated":true}]}}