{"id":2516,"date":"2014-06-12T23:23:16","date_gmt":"2014-06-12T21:23:16","guid":{"rendered":"http:\/\/xn--portalmawa-g0b.pl\/?p=2516"},"modified":"2020-05-27T23:30:13","modified_gmt":"2020-05-27T21:30:13","slug":"mlawa-rejestracja-zakonczona-489-osoby-zarejestrowaly-sie-na-bezplatne-badanie-nerek","status":"publish","type":"post","link":"http:\/\/portalm\u0142awa.pl\/?p=2516","title":{"rendered":"M\u0141AWA. Rejestracja zako\u0144czona &#8211; 489 osoby zarejestrowa\u0142y si\u0119 na bezp\u0142atne badanie nerek"},"content":{"rendered":"<p style=\"text-align: justify;\"><strong><img decoding=\"async\" class=\"size-full wp-image-2517 alignleft lazyload\" data-src=\"http:\/\/xn--portalmawa-g0b.pl\/wp-content\/uploads\/2020\/05\/szpital.jpg\" alt=\"\" width=\"152\" height=\"113\" src=\"data:image\/svg+xml;base64,PHN2ZyB3aWR0aD0iMSIgaGVpZ2h0PSIxIiB4bWxucz0iaHR0cDovL3d3dy53My5vcmcvMjAwMC9zdmciPjwvc3ZnPg==\" style=\"--smush-placeholder-width: 152px; --smush-placeholder-aspect-ratio: 152\/113;\" \/>Akcja NEFROTEST wzbudzi\u0142a bardzo du\u017ce zainteresowanie w\u015br\u00f3d mieszka\u0144c\u00f3w powiat\u00f3w m\u0142awskiego, \u017curomi\u0144skiego, nidzickiego oraz gminy I\u0142owo-Osada. Organizatorzy \u2013 Nefron Sekcja Nefrologiczna Izby Gospodarczej Medycyna Polska oraz Centrum Dializ Fresenius &#8211; postanowili nawet zwi\u0119kszy\u0107 pul\u0119 bada\u0144. Od przedwczoraj wczoraj zarejestrowa\u0142o si\u0119 o prawie 100 os\u00f3b wi\u0119cej ni\u017c pierwotnie zak\u0142adano. Ostatecznie zarejestrowanych jest 489 os\u00f3b.<\/strong><\/p>\n<p style=\"text-align: justify;\">Niedzielne badania to jednak nie koniec NEFROTESTU w M\u0142awie i okolicy. W ramach akcji skierowania na badania nerek dla os\u00f3b po 50. roku \u017cycia trafi\u0142y nie tylko do lekarzy rodzinnych z powiat\u00f3w m\u0142awskiego, \u017curomi\u0144skiego, nidzickiego oraz gminy I\u0142owo-Osada, ale tak\u017ce do parafii czy aptek. Je\u017celi komu\u015b nie uda\u0142o si\u0119 zarejestrowa\u0107, by wzi\u0105\u0107 udzia\u0142 w niedzielnych badaniach, ma jeszcze szans\u0119 otrzyma\u0107 takie skierowanie i przebada\u0107 si\u0119 za darmo. W sumie do rozdysponowania b\u0119dzie 5 000 skierowa\u0144.<\/p>\n<p style=\"text-align: justify;\">Badania zarejestrowanych pacjent\u00f3w odb\u0119d\u0105 si\u0119 w niedziel\u0119 15 czerwca (w godzinach 8.00-16.00), na terenie Stacji Dializ Fresenius przy ulicy Anny Dobrskiej 1 w M\u0142awie (na terenie Szpitala). \u201eBardzo cieszy nas fakt, \u017ce akcja wzbudzi\u0142a tak du\u017ce zainteresowanie. Musieli\u015bmy nawet zwi\u0119kszy\u0107 liczb\u0119 badanych do 500 os\u00f3b. Mam nadziej\u0119, \u017ce dzi\u0119ki tak szerokiej kampanii informacyjnej, przy okazji niedzielnej akcji, przypomnieli\u015bmy mieszka\u0144com M\u0142awy i okolic o konieczno\u015bci zadbania o nerki.\u201d &#8211; m\u00f3wi dr Piotr Ko\u017ami\u0144ski, dyrektor Centrum Dializ Fresenius w M\u0142awie.<\/p>\n<p style=\"text-align: justify;\">\nNefron wraz z regionalnym partnerem zorganizowa\u0142 do tej pory 44 NEFROTESTY na terenie ca\u0142ego kraju<br \/>\n(w \u015awiebodzinie, Zgierzu, Wodzis\u0142awiu \u015al\u0105skim, Ostr\u00f3dzie, Legnicy, Bia\u0142ymstoku, Pszczynie, P\u0142o\u0144sku, Lubaniu, Tomaszowie Lubelskim, Stargardzie Szczeci\u0144skim, Gnie\u017anie, J\u0119drzejowie, G\u0142ubczycach, Ostro\u0142\u0119ce, Bielsko Bia\u0142ej, Kwidzynie, Ja\u015ble, Limanowej i Nowym S\u0105czu). Bezp\u0142atne badania krwi wykonano, tym samym u ponad 26 tysi\u0119cy os\u00f3b. Z tego, ok 10% pacjent\u00f3w, kt\u00f3rych wyniki odbiega\u0142y od normy zosta\u0142o skierowanych na dalsz\u0105 diagnostyk\u0119.<\/p>\n<p style=\"text-align: justify;\">Na terenie ca\u0142ego kraju akcj\u0119 wspieraj\u0105 pani Anna Komorowska \u2013 Ma\u0142\u017conka Prezydenta RP oraz prof. Marian Klinger \u2013 Krajowy Konsultant w dziedzinie Nefrologii. Na szczeblu regionalnym badania swoim patronatem obj\u0119li: Jacek Koz\u0142owski \u2013 Wojewoda Mazowiecki, Adam Struzik &#8211; Marsza\u0142ek Wojew\u00f3dztwa Mazowieckiego, Piotr Libera \u2013 Biskup P\u0142ocki, W\u0142odzimierz Wojnarowski &#8211; Starosta M\u0142awski, Janusz Welenc \u2013 Starosta \u017buromi\u0144ski, Grzegorz Napiwodzki \u2013 Starosta Nidzicki, S\u0142awomir Kowalewski \u2013 Burmistrz miasta M\u0142awa, Zbigniew Cezary Nosek \u2013 Burmistrz Gminy i Miasta \u017buromin, Dariusz Szypulski \u2013 Burmistrz Nidzicy, Jan Zygmunt Przyborski \u2013 W\u00f3jt Gminy I\u0142owo, Jacek Bia\u0142ob\u0142ocki \u2013 Dyrektor Szpitala w M\u0142awie, Anna Os\u0142owska \u2013 Dyrektor Szpitala w Nidzicy oraz prof. Magdalena Durlik \u2013 Wojew\u00f3dzki Konsultant w dziedzinie Nefrologii.<\/p>\n<p style=\"text-align: justify;\">\u0179r\u00f3d\u0142o nades\u0142ane<\/p>\n<p style=\"text-align: justify;\"><span style=\"color: #ff0000;\"><strong>KOMENTARZE<\/strong><\/span><\/p>\n<p style=\"text-align: justify;\"><em>Wydawca portalu nie ponosi odpowiedzialno\u015bci za tre\u015b\u0107 komentarzy zamieszczanych przez u\u017cytkownik\u00f3w. Osoby zamieszczaj\u0105ce wypowiedzi naruszaj\u0105ce prawo lub prawem chronione dobra os\u00f3b trzecich mog\u0105 ponie\u015b\u0107 z tego tytu\u0142u odpowiedzialno\u015b\u0107 karn\u0105 lub cywiln\u0105.<\/em><span style=\"color: #ff0000;\"><strong><em>JEDNOCZE\u015aNIE UZYTKOWNICY ZAMIESZCZAJ\u0104C KOMENTARZ OSWIADCZAJ\u0104, \u017bE BIOR\u0104 PE\u0141N\u0104 ODPOWIEDZIALNO\u015a\u0106 ZA TRE\u015aCI UMIESZCZONE PRZEZ SIEBIE<\/em><\/strong><\/span><\/p>\n<div style=\"text-align: justify;\"><\/div>\n<div style=\"padding-bottom:20px; padding-top:10px;\" class=\"hupso-share-buttons\"><!-- Hupso Share Buttons - https:\/\/www.hupso.com\/share\/ --><a class=\"hupso_pop\" href=\"https:\/\/www.hupso.com\/share\/\"><img decoding=\"async\" data-src=\"http:\/\/static.hupso.com\/share\/buttons\/button100x23.png\" style=\"border:0px; width:100; height: 23; \" alt=\"Share Button\" src=\"data:image\/svg+xml;base64,PHN2ZyB3aWR0aD0iMSIgaGVpZ2h0PSIxIiB4bWxucz0iaHR0cDovL3d3dy53My5vcmcvMjAwMC9zdmciPjwvc3ZnPg==\" class=\"lazyload\" \/><\/a><script type=\"text\/javascript\">var hupso_services=new Array(\"Twitter\",\"Facebook\",\"Pinterest\",\"Linkedin\",\"Tumblr\",\"StumbleUpon\",\"Digg\",\"Reddit\",\"Bebo\",\"Delicious\",\"QZone\",\"Renren\",\"Email\");var hupso_icon_type = \"labels\";var hupso_background=\"#3BF8FF\";var hupso_border=\"#FF2B0A\";var hupso_image_folder_url = \"\";var hupso_url=\"\";var hupso_title=\"M%C5%81AWA.%20Rejestracja%20zako%C5%84czona%20-%20489%20osoby%20zarejestrowa%C5%82y%20si%C4%99%20na%20bezp%C5%82atne%20badanie%20nerek\";<\/script><script type=\"text\/javascript\" src=\"http:\/\/static.hupso.com\/share\/js\/share.js\"><\/script><!-- Hupso Share Buttons --><\/div>","protected":false},"excerpt":{"rendered":"<p>Akcja NEFROTEST wzbudzi\u0142a bardzo du\u017ce zainteresowanie w\u015br\u00f3d mieszka\u0144c\u00f3w powiat\u00f3w m\u0142awskiego, \u017curomi\u0144skiego, nidzickiego oraz gminy I\u0142owo-Osada. Organizatorzy \u2013 Nefron Sekcja Nefrologiczna Izby Gospodarczej Medycyna Polska oraz Centrum Dializ Fresenius &#8211; postanowili&hellip; <\/p>\n<div style=\"padding-bottom:20px; padding-top:10px;\" class=\"hupso-share-buttons\"><!-- Hupso Share Buttons - https:\/\/www.hupso.com\/share\/ --><a class=\"hupso_pop\" href=\"https:\/\/www.hupso.com\/share\/\"><img data-src=\"http:\/\/static.hupso.com\/share\/buttons\/button100x23.png\" style=\"border:0px; width:100; height: 23; \" alt=\"Share Button\" src=\"data:image\/svg+xml;base64,PHN2ZyB3aWR0aD0iMSIgaGVpZ2h0PSIxIiB4bWxucz0iaHR0cDovL3d3dy53My5vcmcvMjAwMC9zdmciPjwvc3ZnPg==\" class=\"lazyload\" \/><\/a><script type=\"text\/javascript\">var hupso_services=new Array(\"Twitter\",\"Facebook\",\"Pinterest\",\"Linkedin\",\"Tumblr\",\"StumbleUpon\",\"Digg\",\"Reddit\",\"Bebo\",\"Delicious\",\"QZone\",\"Renren\",\"Email\");var hupso_icon_type = \"labels\";var hupso_background=\"#3BF8FF\";var hupso_border=\"#FF2B0A\";var hupso_image_folder_url = \"\";var hupso_url=\"\";var hupso_title=\"M%C5%81AWA.%20Rejestracja%20zako%C5%84czona%20-%20489%20osoby%20zarejestrowa%C5%82y%20si%C4%99%20na%20bezp%C5%82atne%20badanie%20nerek\";<\/script><script type=\"text\/javascript\" src=\"http:\/\/static.hupso.com\/share\/js\/share.js\"><\/script><!-- Hupso Share Buttons --><\/div>","protected":false},"author":1,"featured_media":2517,"comment_status":"open","ping_status":"open","sticky":false,"template":"","format":"standard","meta":{"_acf_changed":false,"wprm-recipe-roundup-name":"","wprm-recipe-roundup-description":"","footnotes":""},"categories":[19],"tags":[695,23,515],"class_list":["post-2516","post","type-post","status-publish","format-standard","has-post-thumbnail","hentry","category-aktualnosci","tag-badania-nerek","tag-mlawa","tag-szpital"],"acf":[],"amp_enabled":true,"_links":{"self":[{"href":"http:\/\/portalm\u0142awa.pl\/index.php?rest_route=\/wp\/v2\/posts\/2516","targetHints":{"allow":["GET"]}}],"collection":[{"href":"http:\/\/portalm\u0142awa.pl\/index.php?rest_route=\/wp\/v2\/posts"}],"about":[{"href":"http:\/\/portalm\u0142awa.pl\/index.php?rest_route=\/wp\/v2\/types\/post"}],"author":[{"embeddable":true,"href":"http:\/\/portalm\u0142awa.pl\/index.php?rest_route=\/wp\/v2\/users\/1"}],"replies":[{"embeddable":true,"href":"http:\/\/portalm\u0142awa.pl\/index.php?rest_route=%2Fwp%2Fv2%2Fcomments&post=2516"}],"version-history":[{"count":1,"href":"http:\/\/portalm\u0142awa.pl\/index.php?rest_route=\/wp\/v2\/posts\/2516\/revisions"}],"predecessor-version":[{"id":2518,"href":"http:\/\/portalm\u0142awa.pl\/index.php?rest_route=\/wp\/v2\/posts\/2516\/revisions\/2518"}],"wp:featuredmedia":[{"embeddable":true,"href":"http:\/\/portalm\u0142awa.pl\/index.php?rest_route=\/wp\/v2\/media\/2517"}],"wp:attachment":[{"href":"http:\/\/portalm\u0142awa.pl\/index.php?rest_route=%2Fwp%2Fv2%2Fmedia&parent=2516"}],"wp:term":[{"taxonomy":"category","embeddable":true,"href":"http:\/\/portalm\u0142awa.pl\/index.php?rest_route=%2Fwp%2Fv2%2Fcategories&post=2516"},{"taxonomy":"post_tag","embeddable":true,"href":"http:\/\/portalm\u0142awa.pl\/index.php?rest_route=%2Fwp%2Fv2%2Ftags&post=2516"}],"curies":[{"name":"wp","href":"https:\/\/api.w.org\/{rel}","templated":true}]}}