{"id":2579,"date":"2014-06-06T23:31:05","date_gmt":"2014-06-06T21:31:05","guid":{"rendered":"http:\/\/xn--portalmawa-g0b.pl\/?p=2579"},"modified":"2020-05-28T23:49:39","modified_gmt":"2020-05-28T21:49:39","slug":"mlawa-kto-byl-gospodarzem-czyli-wizyta-prezydenta-lecha-walesy-w-mlawie","status":"publish","type":"post","link":"http:\/\/portalm\u0142awa.pl\/?p=2579","title":{"rendered":"M\u0141AWA. Kto by\u0142 gospodarzem? Czyli wizyta prezydenta Lecha Wa\u0142\u0119sy w M\u0142awie"},"content":{"rendered":"<p style=\"text-align: justify;\"><strong><img decoding=\"async\" class=\"alignleft lazyload\" data-src=\"http:\/\/www.archiwum.xn--portalmawa-g0b.pl\/images\/walesa1.jpg\" alt=\"\" width=\"180\" height=\"109\" src=\"data:image\/svg+xml;base64,PHN2ZyB3aWR0aD0iMSIgaGVpZ2h0PSIxIiB4bWxucz0iaHR0cDovL3d3dy53My5vcmcvMjAwMC9zdmciPjwvc3ZnPg==\" style=\"--smush-placeholder-width: 180px; --smush-placeholder-aspect-ratio: 180\/109;\" \/>Ratusz oraz niekt\u00f3re media poda\u0142y, \u017ce prezydent Lech Wa\u0142\u0119sa przyjecha\u0142 na zaproszenie burmistrza i rektora PWSZ w M\u0142awie i Ciechanowie. Jest to jednak zastanawiaj\u0105ce, bo z zachowania mo\u017cna by wnioskowa\u0107, \u017ce kto inny wcieli\u0142 si\u0119 w rol\u0119 gospodarza spotkania. A mianowicie jeden z m\u0142awskich biznesmen\u00f3w.<\/strong><\/p>\n<p style=\"text-align: justify;\">Da\u0142o si\u0119 to zauwa\u017cy\u0107 ju\u017c podczas pierwszej cz\u0119\u015bci wizyty tj. w auli PWSZ, gdzie podczas wyk\u0142adu w momencie, gdy przysz\u0142o do zadawania pyta\u0144 mieszkanka Ciechanowa przez chwil\u0119 wymieni\u0142a zdanie ze wspomnianym przedsi\u0119biorc\u0105, by potem powiedzie\u0107 na g\u0142os, \u017ce zada tylko jedno pytanie bo ten pan powiedzia\u0142, \u017ce ma na to tylko 5 minut. Bardziej widoczne to jednak by\u0142o w drugiej cz\u0119\u015bci to jest w momencie, gdy prezydent i pozostali wyszli z Urz\u0119du Miasta. Zebrani tam mieszka\u0144cy prosili o podpisy, inaczej m\u00f3wi\u0105c autografy i tu wyra\u017anie wr\u0119cz kategorycznie zaznaczy\u0142 wspomniany przedsi\u0119biorca, aby nawet nie podchodzi\u0107 po podpis tylko i\u015b\u0107 do parku bo dopiero tam je zdob\u0119d\u0105. Co ciekawe sam Lech Wa\u0142\u0119sa Chcia\u0142 da\u0107 sw\u00f3j autograf, ale w zwi\u0105zku z reakcj\u0105 biznesmena tylko bezradnie roz\u0142o\u017cy\u0142 r\u0119ce.<\/p>\n<p style=\"text-align: justify;\">Burmistrz za\u015b z pocz\u0105tku nic nie powiedzia\u0142, a potem dopiero w \u015blad za przedsi\u0119biorc\u0105 poleci\u0142 mieszka\u0144com uda\u0107 si\u0119 do parku.<\/p>\n<p style=\"text-align: justify;\">Zastanawia wi\u0119c, kto by\u0142 gospodarzem wizyty i mo\u017cna powiedzie\u0107 miasta w tym momencie?. Rodzi si\u0119 te\u017c inne pytanie, a mo\u017ce burmistrz by\u0142 tylko narz\u0119dziem, czy \u015brodkiem do tego, aby zaprosi\u0107 do M\u0142awy pierwszego przyw\u00f3dc\u0119 Solidarno\u015bci? A inicjatorem, pomys\u0142odawc\u0105 by\u0142 mo\u017ce kto\u015b inny ni\u017c w\u0142odarz miasta?<\/p>\n<p style=\"text-align: justify;\">Ca\u0142\u0105 opisan\u0105 wy\u017cej sytuacj\u0119 mo\u017cna zobaczy\u0107 na kr\u00f3tkim filmie poni\u017cej<\/p>\n<div class=\"avPlayerWrapper avVideo\" style=\"text-align: justify;\">\n<div class=\"avPlayerContainer\">\n<div id=\"AVPlayerID_93da4399_41418727\" class=\"avPlayerBlock\"><iframe title=\"JoomlaWorks AllVideos Player\" data-src=\"\/\/www.youtube.com\/embed\/0PEHpsmEawM?rel=0&amp;fs=1&amp;wmode=transparent\" width=\"700\" height=\"525\" frameborder=\"0\" allowfullscreen=\"allowfullscreen\" data-mce-fragment=\"1\" src=\"data:image\/svg+xml;base64,PHN2ZyB3aWR0aD0iMSIgaGVpZ2h0PSIxIiB4bWxucz0iaHR0cDovL3d3dy53My5vcmcvMjAwMC9zdmciPjwvc3ZnPg==\" class=\"lazyload\" data-load-mode=\"1\"><\/iframe><\/div>\n<\/div>\n<\/div>\n<p style=\"text-align: justify;\">\u00a0<span style=\"color: #ff0000;\"><strong>KOMENTARZE<\/strong><\/span><\/p>\n<p style=\"text-align: justify;\"><em>Wydawca portalu nie ponosi odpowiedzialno\u015bci za tre\u015b\u0107 komentarzy zamieszczanych przez u\u017cytkownik\u00f3w. Osoby zamieszczaj\u0105ce wypowiedzi naruszaj\u0105ce prawo lub prawem chronione dobra os\u00f3b trzecich mog\u0105 ponie\u015b\u0107 z tego tytu\u0142u odpowiedzialno\u015b\u0107 karn\u0105 lub cywiln\u0105.<\/em><span style=\"color: #ff0000;\"><strong><em>JEDNOCZE\u015aNIE UZYTKOWNICY ZAMIESZCZAJ\u0104C KOMENTARZ OSWIADCZAJ\u0104, \u017bE BIOR\u0104 PE\u0141N\u0104 ODPOWIEDZIALNO\u015a\u0106 ZA TRE\u015aCI UMIESZCZONE PRZEZ SIEBIE<\/em><\/strong><\/span><\/p>\n<div style=\"padding-bottom:20px; padding-top:10px;\" class=\"hupso-share-buttons\"><!-- Hupso Share Buttons - https:\/\/www.hupso.com\/share\/ --><a class=\"hupso_pop\" href=\"https:\/\/www.hupso.com\/share\/\"><img decoding=\"async\" data-src=\"http:\/\/static.hupso.com\/share\/buttons\/button100x23.png\" style=\"border:0px; width:100; height: 23; \" alt=\"Share Button\" src=\"data:image\/svg+xml;base64,PHN2ZyB3aWR0aD0iMSIgaGVpZ2h0PSIxIiB4bWxucz0iaHR0cDovL3d3dy53My5vcmcvMjAwMC9zdmciPjwvc3ZnPg==\" class=\"lazyload\" \/><\/a><script type=\"text\/javascript\">var hupso_services=new Array(\"Twitter\",\"Facebook\",\"Pinterest\",\"Linkedin\",\"Tumblr\",\"StumbleUpon\",\"Digg\",\"Reddit\",\"Bebo\",\"Delicious\",\"QZone\",\"Renren\",\"Email\");var hupso_icon_type = \"labels\";var hupso_background=\"#3BF8FF\";var hupso_border=\"#FF2B0A\";var hupso_image_folder_url = \"\";var hupso_url=\"\";var hupso_title=\"M%C5%81AWA.%20Kto%20by%C5%82%20gospodarzem%3F%20Czyli%20wizyta%20prezydenta%20Lecha%20Wa%C5%82%C4%99sy%20w%20M%C5%82awie\";<\/script><script type=\"text\/javascript\" src=\"http:\/\/static.hupso.com\/share\/js\/share.js\"><\/script><!-- Hupso Share Buttons --><\/div>","protected":false},"excerpt":{"rendered":"<p>Ratusz oraz niekt\u00f3re media poda\u0142y, \u017ce prezydent Lech Wa\u0142\u0119sa przyjecha\u0142 na zaproszenie burmistrza i rektora PWSZ w M\u0142awie i Ciechanowie. Jest to jednak zastanawiaj\u0105ce, bo z zachowania mo\u017cna by wnioskowa\u0107,&hellip; <\/p>\n<div style=\"padding-bottom:20px; padding-top:10px;\" class=\"hupso-share-buttons\"><!-- Hupso Share Buttons - https:\/\/www.hupso.com\/share\/ --><a class=\"hupso_pop\" href=\"https:\/\/www.hupso.com\/share\/\"><img data-src=\"http:\/\/static.hupso.com\/share\/buttons\/button100x23.png\" style=\"border:0px; width:100; height: 23; \" alt=\"Share Button\" src=\"data:image\/svg+xml;base64,PHN2ZyB3aWR0aD0iMSIgaGVpZ2h0PSIxIiB4bWxucz0iaHR0cDovL3d3dy53My5vcmcvMjAwMC9zdmciPjwvc3ZnPg==\" class=\"lazyload\" \/><\/a><script type=\"text\/javascript\">var hupso_services=new Array(\"Twitter\",\"Facebook\",\"Pinterest\",\"Linkedin\",\"Tumblr\",\"StumbleUpon\",\"Digg\",\"Reddit\",\"Bebo\",\"Delicious\",\"QZone\",\"Renren\",\"Email\");var hupso_icon_type = \"labels\";var hupso_background=\"#3BF8FF\";var hupso_border=\"#FF2B0A\";var hupso_image_folder_url = \"\";var hupso_url=\"\";var hupso_title=\"M%C5%81AWA.%20Kto%20by%C5%82%20gospodarzem%3F%20Czyli%20wizyta%20prezydenta%20Lecha%20Wa%C5%82%C4%99sy%20w%20M%C5%82awie\";<\/script><script type=\"text\/javascript\" src=\"http:\/\/static.hupso.com\/share\/js\/share.js\"><\/script><!-- Hupso Share Buttons --><\/div>","protected":false},"author":1,"featured_media":2580,"comment_status":"open","ping_status":"open","sticky":false,"template":"","format":"standard","meta":{"_acf_changed":false,"wprm-recipe-roundup-name":"","wprm-recipe-roundup-description":"","footnotes":""},"categories":[19,28],"tags":[33,23,708,707],"class_list":["post-2579","post","type-post","status-publish","format-standard","has-post-thumbnail","hentry","category-aktualnosci","category-wyd","tag-burmistrz","tag-mlawa","tag-pwsz","tag-wizyta-walesy"],"acf":[],"amp_enabled":true,"_links":{"self":[{"href":"http:\/\/portalm\u0142awa.pl\/index.php?rest_route=\/wp\/v2\/posts\/2579","targetHints":{"allow":["GET"]}}],"collection":[{"href":"http:\/\/portalm\u0142awa.pl\/index.php?rest_route=\/wp\/v2\/posts"}],"about":[{"href":"http:\/\/portalm\u0142awa.pl\/index.php?rest_route=\/wp\/v2\/types\/post"}],"author":[{"embeddable":true,"href":"http:\/\/portalm\u0142awa.pl\/index.php?rest_route=\/wp\/v2\/users\/1"}],"replies":[{"embeddable":true,"href":"http:\/\/portalm\u0142awa.pl\/index.php?rest_route=%2Fwp%2Fv2%2Fcomments&post=2579"}],"version-history":[{"count":2,"href":"http:\/\/portalm\u0142awa.pl\/index.php?rest_route=\/wp\/v2\/posts\/2579\/revisions"}],"predecessor-version":[{"id":2582,"href":"http:\/\/portalm\u0142awa.pl\/index.php?rest_route=\/wp\/v2\/posts\/2579\/revisions\/2582"}],"wp:featuredmedia":[{"embeddable":true,"href":"http:\/\/portalm\u0142awa.pl\/index.php?rest_route=\/wp\/v2\/media\/2580"}],"wp:attachment":[{"href":"http:\/\/portalm\u0142awa.pl\/index.php?rest_route=%2Fwp%2Fv2%2Fmedia&parent=2579"}],"wp:term":[{"taxonomy":"category","embeddable":true,"href":"http:\/\/portalm\u0142awa.pl\/index.php?rest_route=%2Fwp%2Fv2%2Fcategories&post=2579"},{"taxonomy":"post_tag","embeddable":true,"href":"http:\/\/portalm\u0142awa.pl\/index.php?rest_route=%2Fwp%2Fv2%2Ftags&post=2579"}],"curies":[{"name":"wp","href":"https:\/\/api.w.org\/{rel}","templated":true}]}}