{"id":2624,"date":"2014-05-22T23:37:46","date_gmt":"2014-05-22T21:37:46","guid":{"rendered":"http:\/\/xn--portalmawa-g0b.pl\/?p=2624"},"modified":"2020-05-29T23:43:24","modified_gmt":"2020-05-29T21:43:24","slug":"mlawa-wmawiaja-polakom-ze-sa-gorsi-czyli-spotkanie-z-wojciechem-jasinskim-kandydatem-do-europarlamentu","status":"publish","type":"post","link":"http:\/\/portalm\u0142awa.pl\/?p=2624","title":{"rendered":"M\u0141AWA.Wmawiaj\u0105 Polakom, \u017ce s\u0105 gorsi, czyli spotkanie z Wojciechem Jasi\u0144skim kandydatem do Europarlamentu"},"content":{"rendered":"<p style=\"text-align: justify;\"><strong><img decoding=\"async\" class=\"alignleft lazyload\" data-src=\"http:\/\/www.archiwum.xn--portalmawa-g0b.pl\/images\/europosel\/DSCF5106.jpg\" alt=\"\" width=\"180\" height=\"135\" src=\"data:image\/svg+xml;base64,PHN2ZyB3aWR0aD0iMSIgaGVpZ2h0PSIxIiB4bWxucz0iaHR0cDovL3d3dy53My5vcmcvMjAwMC9zdmciPjwvc3ZnPg==\" style=\"--smush-placeholder-width: 180px; --smush-placeholder-aspect-ratio: 180\/135;\" \/>Ponad dwie godziny trwa\u0142o spotkanie mieszka\u0144c\u00f3w M\u0142awy z pos\u0142em PiS-u i kandydatem do Europarlamentu Wojciechem Jasi\u0144skim. Wed\u0142ug go\u015bcia najwi\u0119ksze problemy naszego kraju wynikaj\u0105 z wyprzeda\u017cy maj\u0105tku polskiego, a wej\u015bcie do Unii Europejskiej ich nie rozwi\u0105za\u0142o. Ma\u0142o tego wmawia si\u0119 nam, \u017ce jeste\u015bmy gorsi.<\/strong><\/p>\n<p style=\"text-align: justify;\">\n<p style=\"text-align: justify;\">&#8211; Polska nie ma pieni\u0119dzy. Polska nie ma pieni\u0119dzy na rozw\u00f3j, a wynika to w znacznej mierze z wyprzeda\u017cy polskiego maj\u0105tku, ale tak\u017ce z likwidacji wielu firm.(&#8230;) Niekt\u00f3re z nich nie oszukujmy si\u0119 nie by\u0142y konkurencyjne, ale niekt\u00f3re nie oszukujmy si\u0119 zosta\u0142y zlikwidowane. Zosta\u0142y wrogo przej\u0119te i zlikwidowane w tym celu, aby kupi\u0107 rynek. Przyk\u0142adem ABB tzn. Zamech Elbl\u0105ski, kt\u00f3ry zosta\u0142 zakupiony i zosta\u0142 zlikwidowany. To jeden przyk\u0142ad a drugi to stocznie.<\/p>\n<p style=\"text-align: justify;\">Zaznaczy\u0142, \u017ce wmawia si\u0119 Polakom, \u017ce s\u0105 gorsi<\/p>\n<p style=\"text-align: justify;\">&#8211; Polskie spo\u0142ecze\u0144stwo od 25 lat jest poddawane indoktrynacji m.in polegaj\u0105cej na obni\u017caniu naszej samooceny. Polacy nale\u017c\u0105 do tych narod\u00f3w, kt\u00f3rzy maj\u0105 jedn\u0105 z najni\u017cszych samoocen. Dzisiaj po\u017cal si\u0119 bo\u017ce niekt\u00f3rzy ekonomi\u015bci m\u00f3wi\u0105 z pewn\u0105 krytyk\u0105, pogard\u0105, \u017ce Polacy s\u0105 niewydajni, w pracy. Czyli w domy\u015ble ma\u0142o pracuj\u0105. Powinni pracowa\u0107 wi\u0119cej. Oni o tym wiedz\u0105, tylko specjalnie nie chc\u0105 o tym m\u00f3wi\u0107, bo naszym zdaniem jest to powodowane ch\u0119ci\u0105 wywo\u0142ania w nas poczucia gorszo\u015bci. Tym \u017ce jeste\u015bmy gorsi jeste\u015bmy mniej wydajni. Dzi\u015b o wydajno\u015bci w pracy decyduje warto\u015b\u0107 wytwarzanych produkt\u00f3w, a warto\u015b\u0107 produkt\u00f3w jest wprost zale\u017cna od nowoczesno\u015bci produkt\u00f3w. Bo jak ja b\u0119d\u0119 struga\u0142 deski do krajania, a Pan b\u0119dzie produkowa\u0142 komputery, to nawet jakbym si\u0119 zastruga\u0142 zapracowa\u0142 to moja wydajno\u015b\u0107 pracy mierzona warto\u015bci\u0105 sprzedanego towaru b\u0119dzie kilkadziesi\u0105t razy mniejsza od Pa\u0144skiej. Pan b\u0119dzie wi\u0119cej zarabia\u0107. B\u0119dzie m\u00f3g\u0142 Pan przyj\u0105\u0107 wi\u0119cej ludzi. B\u0119dzie Pan m\u00f3g\u0142 wi\u0119cej p\u0142aci\u0107. Ludzie wi\u0119cej zarabiaj\u0105cy b\u0119d\u0105 mogli kupowa\u0107 lepsze rzeczy. B\u0119d\u0105 wp\u0142ywa\u0107 podatki do pa\u0144stwa. B\u0119d\u0105 pieni\u0105dze na o\u015bwiat\u0119, ochron\u0119 zdrowia, \u015bwiadczenia spo\u0142eczne, ale i na rozw\u00f3j gospodarczy &#8211; m\u00f3wi\u0142 Wojciechem Jasi\u0144skim pose\u0142 PiS i kandydat do Europarlamentu.<\/p>\n<p style=\"text-align: justify;\">Zwr\u00f3ci\u0142 te\u017c uwag\u0119, \u017ce Unia chce oszcz\u0119dza\u0107 na rolnictwie, a te oszcz\u0119dno\u015bci przypisane s\u0105 Polsce. A przy\u0142\u0105czenie si\u0119 do Unii nie rozwi\u0105za\u0142y problem\u00f3w w Polsce np. kwestii bezrobocia.<\/p>\n<p style=\"text-align: justify;\">&#8211; Wed\u0142ug oficjalnych danych bezrobocie w Polsce si\u0119ga 13,2 proc. tj. w granicach oko\u0142o 2 mln ludzi. Je\u015bli dojdzie do tego oko\u0142o 2,3 mln, kt\u00f3rzy wyjechali w poszukiwaniu pracy no to trzeba doda\u0107 kolejne oko\u0142o 13 proc. Je\u015bli si\u0119 doda ukryte bezrobocie na wsi i ma\u0142ych miastach wynikaj\u0105ce tak\u017ce z tego, \u017ce aby uzyska\u0107 status bezrobotnego trzeba chodzi\u0107 do Urz\u0119du Pracy zg\u0142asza\u0107 si\u0119. A jak nie ma to efektu w postaci pracy to ludzie nie chc\u0105 chodzi\u0107. &#8211; kontynuowa\u0142 Jasi\u0144ski.<\/p>\n<p style=\"text-align: justify;\"><strong>By\u0142y pytania<\/strong><\/p>\n<p style=\"text-align: justify;\">Mieszka\u0144cy pytali m.in. o dop\u0142aty dla rolnik\u00f3w<\/p>\n<p style=\"text-align: justify;\">&#8211; Chcia\u0142em zapyta\u0107, jak jest z tymi dop\u0142atami dla rolnik\u00f3w. To wyr\u00f3wnywanie szans ma sens wtedy, gdy jeste\u015bmy traktowani na r\u00f3wni. Natomiast je\u015bli to jest 30, 40 procent, a w niekt\u00f3rych sprawach nawet 50 proc. mniej ni\u017c Francuz, Du\u0144czyk, czy Holender to wyr\u00f3wnywanie wog\u00f3le nie wejdzie.(&#8230;) A druga rzecz w czasach &#8220;pi\u0119knej komuny&#8221; z gospodarstwa rybnego 5 hektarowego mog\u0142a si\u0119 wy\u017cywi\u0107 rodzina. Tak na spokojnie. Nie \u017cy\u0142a w luksusach. Dzi\u015b z tego gospodarstwa 5 hektarowego trudno nie da si\u0119 wy\u017cy\u0107. &#8211; pyta mieszkaniec. \u015arodki produkcji, kt\u00f3re te\u017c nie s\u0105 w naszych r\u0119kach. Bo jak si\u0119 pytam czemu tona paszy kosztuje 3 tys. z\u0142 to ten, kt\u00f3ry sprowadza nie umie odpowiedzie\u0107 na to. Bo komponenty tej paszy pochodz\u0105 z tych kraj\u00f3w kt\u00f3re rzekomo mia\u0142y nas wspomaga\u0107, a tak faktyczni nas drenuj\u0105 &#8211; m\u00f3wi mieszkaniec.<\/p>\n<p style=\"text-align: justify;\">Wed\u0142ug kandydata do Europarlamentu wmawianie Polakom niskiej samooceny wi\u0105\u017ce si\u0119 nierozerwalnie z dop\u0142atami<\/p>\n<p style=\"text-align: justify;\">&#8211; Nam przecie\u017c si\u0119 m\u00f3wi wy jeste\u015bcie gorsi i wy mo\u017cecie poczeka\u0107. Tak nam m\u00f3wi\u0105 b\u0105d\u017acie spokojni, bo nam Unia nie da. &#8211; odpowiada pose\u0142. Teraz spo\u0142ecze\u0144stwo nie chce pogoni\u0107 Tuska i ca\u0142ej tej bandy do roboty, bo nam mog\u0105 nic nie da\u0107. Cz\u0142owiekowi, kt\u00f3ry si\u0119 nisko ocenia mo\u017cna powiedzie\u0107, \u017ce dobrze \u017ce tak ma\u0142o zarabiasz, bo przecie\u017c ty nie jeste\u015b wi\u0119cej wart. No u nas wiem, \u017ce na te niskie p\u0142ace sk\u0142ada si\u0119 jeszcze wysokie bezrobocie, bo cz\u0142owiek w wysokim bezrobociu chce mie\u0107 poczucie stabilizacji i jest got\u00f3w ni\u017csz\u0105 p\u0142ace przyj\u0105\u0107. Ale je\u015bli na dodatek poprzez skutecznie wmawianie mu, \u017ce jest miej wart to on jest got\u00f3w zaakceptowa\u0107 to.<\/p>\n<p style=\"text-align: justify;\">Za\u015b dop\u0142aty do gospodarki rybnej jak stwierdzi\u0142 parlamentarzysta, to rz\u0105d musi chcie\u0107 da\u0107. Poruszona zosta\u0142a te\u017c sprawa kurnik\u00f3w. Na koniec kandydat do Europarlamentu w zwi\u0105zku ze zbli\u017caj\u0105cymi si\u0119 wyborami namawia\u0142 do aktywno\u015bci i g\u0142osowania.<\/p>\n<ul class=\"sige\" style=\"text-align: justify;\">\n<li class=\"sige_cont_0\"><span class=\"sige_thumb\"><a href=\"http:\/\/www.archiwum.xn--portalmawa-g0b.pl\/images\/europosel\/DSCF5103.jpg\" data-milkbox=\"milkbox-0\"><img decoding=\"async\" title=\"DSCF5103\" data-src=\"http:\/\/www.archiwum.xn--portalmawa-g0b.pl\/plugins\/content\/sige\/plugin_sige\/showthumb.php?img=\/images\/europosel\/DSCF5103.jpg&amp;width=270&amp;height=270&amp;quality=80&amp;ratio=1&amp;crop=0&amp;crop_factor=50&amp;thumbdetail=0\" alt=\"DSCF5103\" src=\"data:image\/svg+xml;base64,PHN2ZyB3aWR0aD0iMSIgaGVpZ2h0PSIxIiB4bWxucz0iaHR0cDovL3d3dy53My5vcmcvMjAwMC9zdmciPjwvc3ZnPg==\" class=\"lazyload\" \/><\/a><a href=\"http:\/\/www.archiwum.xn--portalmawa-g0b.pl\/images\/europosel\/DSCF5104.jpg\" data-milkbox=\"milkbox-0\"><img decoding=\"async\" title=\"DSCF5104\" data-src=\"http:\/\/www.archiwum.xn--portalmawa-g0b.pl\/plugins\/content\/sige\/plugin_sige\/showthumb.php?img=\/images\/europosel\/DSCF5104.jpg&amp;width=270&amp;height=270&amp;quality=80&amp;ratio=1&amp;crop=0&amp;crop_factor=50&amp;thumbdetail=0\" alt=\"DSCF5104\" src=\"data:image\/svg+xml;base64,PHN2ZyB3aWR0aD0iMSIgaGVpZ2h0PSIxIiB4bWxucz0iaHR0cDovL3d3dy53My5vcmcvMjAwMC9zdmciPjwvc3ZnPg==\" class=\"lazyload\" \/><\/a><a href=\"http:\/\/www.archiwum.xn--portalmawa-g0b.pl\/images\/europosel\/DSCF5105.jpg\" data-milkbox=\"milkbox-0\"><img decoding=\"async\" title=\"DSCF5105\" data-src=\"http:\/\/www.archiwum.xn--portalmawa-g0b.pl\/plugins\/content\/sige\/plugin_sige\/showthumb.php?img=\/images\/europosel\/DSCF5105.jpg&amp;width=270&amp;height=270&amp;quality=80&amp;ratio=1&amp;crop=0&amp;crop_factor=50&amp;thumbdetail=0\" alt=\"DSCF5105\" src=\"data:image\/svg+xml;base64,PHN2ZyB3aWR0aD0iMSIgaGVpZ2h0PSIxIiB4bWxucz0iaHR0cDovL3d3dy53My5vcmcvMjAwMC9zdmciPjwvc3ZnPg==\" class=\"lazyload\" \/><\/a><a href=\"http:\/\/www.archiwum.xn--portalmawa-g0b.pl\/images\/europosel\/DSCF5106.jpg\" data-milkbox=\"milkbox-0\"><img decoding=\"async\" title=\"DSCF5106\" data-src=\"http:\/\/www.archiwum.xn--portalmawa-g0b.pl\/plugins\/content\/sige\/plugin_sige\/showthumb.php?img=\/images\/europosel\/DSCF5106.jpg&amp;width=270&amp;height=270&amp;quality=80&amp;ratio=1&amp;crop=0&amp;crop_factor=50&amp;thumbdetail=0\" alt=\"DSCF5106\" src=\"data:image\/svg+xml;base64,PHN2ZyB3aWR0aD0iMSIgaGVpZ2h0PSIxIiB4bWxucz0iaHR0cDovL3d3dy53My5vcmcvMjAwMC9zdmciPjwvc3ZnPg==\" class=\"lazyload\" \/><\/a><\/span><\/li>\n<\/ul>\n<p class=\"sige_small\" style=\"text-align: justify;\"><a title=\"SIGE - Simple Image Gallery Extended - Joomla! Plugin by Kubik-Rubik.de - Viktor Vogel\" href=\"http:\/\/joomla-extensions.kubik-rubik.de\/\" target=\"_blank\" rel=\"noopener noreferrer\">Simple Image Gallery Extended<\/a><\/p>\n<p style=\"text-align: justify;\"><span style=\"color: #ff0000;\"><strong>KOMENTARZE<\/strong><\/span><\/p>\n<p style=\"text-align: justify;\"><em>Wydawca portalu nie ponosi odpowiedzialno\u015bci za tre\u015b\u0107 komentarzy zamieszczanych przez u\u017cytkownik\u00f3w. Osoby zamieszczaj\u0105ce wypowiedzi naruszaj\u0105ce prawo lub prawem chronione dobra os\u00f3b trzecich mog\u0105 ponie\u015b\u0107 z tego tytu\u0142u odpowiedzialno\u015b\u0107 karn\u0105 lub cywiln\u0105.<\/em><span style=\"color: #ff0000;\"><strong><em>JEDNOCZE\u015aNIE UZYTKOWNICY ZAMIESZCZAJ\u0104C KOMENTARZ OSWIADCZAJ\u0104, \u017bE BIOR\u0104 PE\u0141N\u0104 ODPOWIEDZIALNO\u015a\u0106 ZA TRE\u015aCI UMIESZCZONE PRZEZ SIEBIE<\/em><\/strong><\/span><\/p>\n<div style=\"padding-bottom:20px; padding-top:10px;\" class=\"hupso-share-buttons\"><!-- Hupso Share Buttons - https:\/\/www.hupso.com\/share\/ --><a class=\"hupso_pop\" href=\"https:\/\/www.hupso.com\/share\/\"><img decoding=\"async\" data-src=\"http:\/\/static.hupso.com\/share\/buttons\/button100x23.png\" style=\"border:0px; width:100; height: 23; \" alt=\"Share Button\" src=\"data:image\/svg+xml;base64,PHN2ZyB3aWR0aD0iMSIgaGVpZ2h0PSIxIiB4bWxucz0iaHR0cDovL3d3dy53My5vcmcvMjAwMC9zdmciPjwvc3ZnPg==\" class=\"lazyload\" \/><\/a><script type=\"text\/javascript\">var hupso_services=new Array(\"Twitter\",\"Facebook\",\"Pinterest\",\"Linkedin\",\"Tumblr\",\"StumbleUpon\",\"Digg\",\"Reddit\",\"Bebo\",\"Delicious\",\"QZone\",\"Renren\",\"Email\");var hupso_icon_type = \"labels\";var hupso_background=\"#3BF8FF\";var hupso_border=\"#FF2B0A\";var hupso_image_folder_url = \"\";var hupso_url=\"\";var hupso_title=\"M%C5%81AWA.Wmawiaj%C4%85%20Polakom%2C%20%C5%BCe%20s%C4%85%20gorsi%2C%20czyli%20spotkanie%20z%20Wojciechem%20Jasi%C5%84skim%20kandydatem%20do%20Europarlamentu\";<\/script><script type=\"text\/javascript\" src=\"http:\/\/static.hupso.com\/share\/js\/share.js\"><\/script><!-- Hupso Share Buttons --><\/div>","protected":false},"excerpt":{"rendered":"<p>Ponad dwie godziny trwa\u0142o spotkanie mieszka\u0144c\u00f3w M\u0142awy z pos\u0142em PiS-u i kandydatem do Europarlamentu Wojciechem Jasi\u0144skim. Wed\u0142ug go\u015bcia najwi\u0119ksze problemy naszego kraju wynikaj\u0105 z wyprzeda\u017cy maj\u0105tku polskiego, a wej\u015bcie do&hellip; <\/p>\n<div style=\"padding-bottom:20px; padding-top:10px;\" class=\"hupso-share-buttons\"><!-- Hupso Share Buttons - https:\/\/www.hupso.com\/share\/ --><a class=\"hupso_pop\" href=\"https:\/\/www.hupso.com\/share\/\"><img data-src=\"http:\/\/static.hupso.com\/share\/buttons\/button100x23.png\" style=\"border:0px; width:100; height: 23; \" alt=\"Share Button\" src=\"data:image\/svg+xml;base64,PHN2ZyB3aWR0aD0iMSIgaGVpZ2h0PSIxIiB4bWxucz0iaHR0cDovL3d3dy53My5vcmcvMjAwMC9zdmciPjwvc3ZnPg==\" class=\"lazyload\" \/><\/a><script type=\"text\/javascript\">var hupso_services=new Array(\"Twitter\",\"Facebook\",\"Pinterest\",\"Linkedin\",\"Tumblr\",\"StumbleUpon\",\"Digg\",\"Reddit\",\"Bebo\",\"Delicious\",\"QZone\",\"Renren\",\"Email\");var hupso_icon_type = \"labels\";var hupso_background=\"#3BF8FF\";var hupso_border=\"#FF2B0A\";var hupso_image_folder_url = \"\";var hupso_url=\"\";var hupso_title=\"M%C5%81AWA.Wmawiaj%C4%85%20Polakom%2C%20%C5%BCe%20s%C4%85%20gorsi%2C%20czyli%20spotkanie%20z%20Wojciechem%20Jasi%C5%84skim%20kandydatem%20do%20Europarlamentu\";<\/script><script type=\"text\/javascript\" src=\"http:\/\/static.hupso.com\/share\/js\/share.js\"><\/script><!-- Hupso Share Buttons --><\/div>","protected":false},"author":1,"featured_media":2625,"comment_status":"open","ping_status":"open","sticky":false,"template":"","format":"standard","meta":{"_acf_changed":false,"wprm-recipe-roundup-name":"","wprm-recipe-roundup-description":"","footnotes":""},"categories":[1],"tags":[728,23,729],"class_list":["post-2624","post","type-post","status-publish","format-standard","has-post-thumbnail","hentry","category-aktua-lnosci-1","tag-europosel","tag-mlawa","tag-wmawia-sie-polakom"],"acf":[],"amp_enabled":true,"_links":{"self":[{"href":"http:\/\/portalm\u0142awa.pl\/index.php?rest_route=\/wp\/v2\/posts\/2624","targetHints":{"allow":["GET"]}}],"collection":[{"href":"http:\/\/portalm\u0142awa.pl\/index.php?rest_route=\/wp\/v2\/posts"}],"about":[{"href":"http:\/\/portalm\u0142awa.pl\/index.php?rest_route=\/wp\/v2\/types\/post"}],"author":[{"embeddable":true,"href":"http:\/\/portalm\u0142awa.pl\/index.php?rest_route=\/wp\/v2\/users\/1"}],"replies":[{"embeddable":true,"href":"http:\/\/portalm\u0142awa.pl\/index.php?rest_route=%2Fwp%2Fv2%2Fcomments&post=2624"}],"version-history":[{"count":1,"href":"http:\/\/portalm\u0142awa.pl\/index.php?rest_route=\/wp\/v2\/posts\/2624\/revisions"}],"predecessor-version":[{"id":2626,"href":"http:\/\/portalm\u0142awa.pl\/index.php?rest_route=\/wp\/v2\/posts\/2624\/revisions\/2626"}],"wp:featuredmedia":[{"embeddable":true,"href":"http:\/\/portalm\u0142awa.pl\/index.php?rest_route=\/wp\/v2\/media\/2625"}],"wp:attachment":[{"href":"http:\/\/portalm\u0142awa.pl\/index.php?rest_route=%2Fwp%2Fv2%2Fmedia&parent=2624"}],"wp:term":[{"taxonomy":"category","embeddable":true,"href":"http:\/\/portalm\u0142awa.pl\/index.php?rest_route=%2Fwp%2Fv2%2Fcategories&post=2624"},{"taxonomy":"post_tag","embeddable":true,"href":"http:\/\/portalm\u0142awa.pl\/index.php?rest_route=%2Fwp%2Fv2%2Ftags&post=2624"}],"curies":[{"name":"wp","href":"https:\/\/api.w.org\/{rel}","templated":true}]}}