{"id":2655,"date":"2013-10-18T22:22:30","date_gmt":"2013-10-18T20:22:30","guid":{"rendered":"http:\/\/xn--portalmawa-g0b.pl\/?p=2655"},"modified":"2020-05-30T22:47:45","modified_gmt":"2020-05-30T20:47:45","slug":"mlawa-na-kolei-lekcewaza-sobie-burmistrza-czy-moze-nie-moze-znalezc-rozwiazania-problemu-przejscia-na-kosciuszki","status":"publish","type":"post","link":"http:\/\/portalm\u0142awa.pl\/?p=2655","title":{"rendered":"M\u0141AWA.Na kolei lekcewa\u017c\u0105 sobie burmistrza? Czy mo\u017ce nie mo\u017ce znale\u017a\u0107 rozwi\u0105zania problemu przej\u015bcia na Ko\u015bciuszki?"},"content":{"rendered":"<p style=\"text-align: justify;\"><strong><img decoding=\"async\" class=\"wp-image-2656 alignleft lazyload\" data-src=\"http:\/\/xn--portalmawa-g0b.pl\/wp-content\/uploads\/2020\/05\/wolka-300x225.jpg\" alt=\"\" width=\"240\" height=\"180\" data-srcset=\"http:\/\/portalm\u0142awa.pl\/wp-content\/uploads\/2020\/05\/wolka-300x225.jpg 300w, http:\/\/portalm\u0142awa.pl\/wp-content\/uploads\/2020\/05\/wolka.jpg 640w\" data-sizes=\"(max-width: 240px) 100vw, 240px\" src=\"data:image\/svg+xml;base64,PHN2ZyB3aWR0aD0iMSIgaGVpZ2h0PSIxIiB4bWxucz0iaHR0cDovL3d3dy53My5vcmcvMjAwMC9zdmciPjwvc3ZnPg==\" style=\"--smush-placeholder-width: 240px; --smush-placeholder-aspect-ratio: 240\/180;\" \/>Na poniedzia\u0142kowym zebraniu mieszka\u0144c\u00f3w osiedla nr 9 (W\u00f3lka) burmistrz informowa\u0142, \u017ce prowadzi szerok\u0105 korespondencj\u0119 m.in. PLK PKP w sprawie przej\u015bcia podziemnego i na Ko\u015bciuszki. Jak twierdzi\u0142 w\u0142odarz miasta S\u0142awomir Kowalewski wys\u0142a\u0142 pismo 1 sierpnia w tej ostatniej kwestii i do tej pory czeka na odpowied\u017a. Czy\u017cby lekcewa\u017cyli go sobie na kolei? Czy mo\u017ce nie mo\u017ce znale\u017a\u0107 rozwi\u0105zania problemu przej\u015bcia na Ko\u015bciuszki?<\/strong><\/p>\n<p style=\"text-align: justify;\">&#8211; Korespondencja jaka by\u0142a prowadzona przez mnie to cz\u0142onek zarz\u0105du PKP PLK w sprawie przej\u015bcia kolejowego na skrzy\u017cowaniu Ko\u015bciuszki w M\u0142awie. To by\u0142o z pierwszego sierpnia. M\u00f3wi\u0119 o kilku ostatnich pismach. Prosi\u0142em w nich o pozostawienie przejazdu w poziomie tor\u00f3w. By\u0142em u sekretarza stanu Zbigniewa Rymasiewicza w ministerstwie transportu opisywa\u0142em t\u0105 spraw\u0119. &#8211; my\u015bl\u0119, \u017ce kluczow\u0105 spraw\u0105 s\u0105 odpowiedzi na te wyst\u0105pienia. Od pierwszego sierpnia, czekamy na odpowied\u017a od pierwszego sierpnia &#8211; m\u00f3wi\u0142 S\u0142awomir Kowalewski. Nie ode mnie to zale\u017cy. Prosz\u0119 to zrozumie\u0107. Poniewa\u017c decyzje zapad\u0142y du\u017co wcze\u015bniej i s\u0105 realizowane.<\/p>\n<p style=\"text-align: justify;\">Wypowied\u017a ta jest ciekawa, bo co prawda nie w sprawie Ko\u015bciuszki, ale jak si\u0119 dowiedzieli\u015bmy z pytaniem o termin otwarcia przej\u015bcia podziemnego na W\u00f3lce 8 pa\u017adziernika zwr\u00f3ci\u0142 si\u0119 do PKP PLK radny Wojciech Krajewski i o dziwo informacj\u0119 zwrotn\u0105 uzyska\u0142 ju\u017c 14 pa\u017adziernika, czyli po sze\u015bciu dniach. A g\u0142owa miasta czeka ju\u017c prawie 3 miesi\u0105ce i nic?<\/p>\n<p style=\"text-align: justify;\">Zastanawia wi\u0119c, czy rzeczywi\u015bcie kolejowcy s\u0105 tak trudni w kontaktach, czy mo\u017ce trudno\u015bci w rozwi\u0105zaniu kwestii przej\u015bcia na Ko\u015bciuszki burmistrz stara si\u0119 usprawiedliwi\u0107, mo\u017cna powiedzie\u0107 wybiegiem, o d\u0142ugo\u015bci oczekiwania na korespondencj\u0119 ze strony PKP?. Zw\u0142aszcza, \u017ce wybory zbli\u017caj\u0105 si\u0119 szybkimi krokami, a problemy w\u00f3lczan nie zosta\u0142y we wspomnianej kwestii rozwi\u0105zane.<\/p>\n<p style=\"text-align: justify;\">Przypomnijmy te\u017c, \u017ce na lutowym spotkaniu z mieszka\u0144cami W\u00f3lki szef miasta stara\u0142 si\u0119 problem budowy k\u0142adki wyja\u015bni\u0107 w inny spos\u00f3b, a mianowicie ogromnymi kosztami si\u0119gaj\u0105cymi nawet 20 mln z\u0142. My jednak szybko znale\u017ali\u015bmy przyk\u0142ad, \u017ce w innym mie\u015bcie podobn\u0105 inwestycj\u0119 wykonano za 8mln. z\u0142. Ma\u0142o tego tamtejsze w\u0142adze pozyska\u0142y na to zadanie dotacj\u0119 w wysoko\u015bci oko\u0142o 2 mln z\u0142. Najwyra\u017aniej jednak dla m\u0142awskiego w\u0142odarza jest to niewykonalne. Przecie\u017c i remont MDK-u robiony jest za pieni\u0105dze z kiesy miasta, gdy w P\u0142o\u0144sku pozyskano na taki sam cel 9 mln (o czym r\u00f3wnie\u017c pisali\u015bmy).<\/p>\n<p style=\"text-align: justify;\">Oto linki do wspomnianych artyku\u0142\u00f3w<\/p>\n<p style=\"text-align: justify;\"><a href=\"http:\/\/portalm\u0142awa.pl\/?p=2659\">http:\/\/www.portalm\u0142awa.pl\/czy\u017cby-zebranie-z-mieszka\u0144cami-w\u00f3lki-by\u0142o-wyre\u017cyserowanym-spektaklem-za-ile-ta-k\u0142adka.html<\/a><\/p>\n<p style=\"text-align: justify;\"><a href=\"http:\/\/portalm\u0142awa.pl\/?p=1294\">http:\/\/www.portalm\u0142awa.pl\/wiadomo\u015bci\/aktualno\u015bci\/746-w-m\u0142awie-z-miejskiej-kiesy,-a-wok\u00f3\u0142-za-unijne-pieni\u0105dze-remontuje-si\u0119-plac\u00f3wki-kultury.html<\/a><\/p>\n<p style=\"text-align: justify;\"><span style=\"color: #ff0000;\"><strong>KOMENTARZE<\/strong><\/span><\/p>\n<p style=\"text-align: justify;\"><i>Wydawca portalu nie ponosi odpowiedzialno\u015bci za tre\u015b\u0107 komentarzy zamieszczanych przez u\u017cytkownik\u00f3w. Osoby zamieszczaj\u0105ce wypowiedzi naruszaj\u0105ce prawo lub prawem chronione dobra os\u00f3b trzecich mog\u0105 ponie\u015b\u0107 z tego tytu\u0142u odpowiedzialno\u015b\u0107 karn\u0105 lub cywiln\u0105.<\/i><span style=\"color: #ff0000;\"><strong><i>JEDNOCZE\u015aNIE UZYTKOWNICY ZAMIESZCZAJ\u0104C KOMENTARZ OSWIADCZAJ\u0104, \u017bE BIOR\u0104 PE\u0141N\u0104 ODPOWIEDZIALNO\u015a\u0106 ZA TRE\u015aCI UMIESZCZONE PRZEZ SIEBIE<\/i><\/strong><\/span><\/p>\n<div style=\"padding-bottom:20px; padding-top:10px;\" class=\"hupso-share-buttons\"><!-- Hupso Share Buttons - https:\/\/www.hupso.com\/share\/ --><a class=\"hupso_pop\" href=\"https:\/\/www.hupso.com\/share\/\"><img decoding=\"async\" data-src=\"http:\/\/static.hupso.com\/share\/buttons\/button100x23.png\" style=\"border:0px; width:100; height: 23; \" alt=\"Share Button\" src=\"data:image\/svg+xml;base64,PHN2ZyB3aWR0aD0iMSIgaGVpZ2h0PSIxIiB4bWxucz0iaHR0cDovL3d3dy53My5vcmcvMjAwMC9zdmciPjwvc3ZnPg==\" class=\"lazyload\" \/><\/a><script type=\"text\/javascript\">var hupso_services=new Array(\"Twitter\",\"Facebook\",\"Pinterest\",\"Linkedin\",\"Tumblr\",\"StumbleUpon\",\"Digg\",\"Reddit\",\"Bebo\",\"Delicious\",\"QZone\",\"Renren\",\"Email\");var hupso_icon_type = \"labels\";var hupso_background=\"#3BF8FF\";var hupso_border=\"#FF2B0A\";var hupso_image_folder_url = \"\";var hupso_url=\"\";var hupso_title=\"M%C5%81AWA.Na%20kolei%20lekcewa%C5%BC%C4%85%20sobie%20burmistrza%3F%20Czy%20mo%C5%BCe%20nie%20mo%C5%BCe%20znale%C5%BA%C4%87%20rozwi%C4%85zania%20problemu%20przej%C5%9Bcia%20na%20Ko%C5%9Bciuszki%3F\";<\/script><script type=\"text\/javascript\" src=\"http:\/\/static.hupso.com\/share\/js\/share.js\"><\/script><!-- Hupso Share Buttons --><\/div>","protected":false},"excerpt":{"rendered":"<p>Na poniedzia\u0142kowym zebraniu mieszka\u0144c\u00f3w osiedla nr 9 (W\u00f3lka) burmistrz informowa\u0142, \u017ce prowadzi szerok\u0105 korespondencj\u0119 m.in. PLK PKP w sprawie przej\u015bcia podziemnego i na Ko\u015bciuszki. Jak twierdzi\u0142 w\u0142odarz miasta S\u0142awomir Kowalewski&hellip; <\/p>\n<div style=\"padding-bottom:20px; padding-top:10px;\" class=\"hupso-share-buttons\"><!-- Hupso Share Buttons - https:\/\/www.hupso.com\/share\/ --><a class=\"hupso_pop\" href=\"https:\/\/www.hupso.com\/share\/\"><img data-src=\"http:\/\/static.hupso.com\/share\/buttons\/button100x23.png\" style=\"border:0px; width:100; height: 23; \" alt=\"Share Button\" src=\"data:image\/svg+xml;base64,PHN2ZyB3aWR0aD0iMSIgaGVpZ2h0PSIxIiB4bWxucz0iaHR0cDovL3d3dy53My5vcmcvMjAwMC9zdmciPjwvc3ZnPg==\" class=\"lazyload\" \/><\/a><script type=\"text\/javascript\">var hupso_services=new Array(\"Twitter\",\"Facebook\",\"Pinterest\",\"Linkedin\",\"Tumblr\",\"StumbleUpon\",\"Digg\",\"Reddit\",\"Bebo\",\"Delicious\",\"QZone\",\"Renren\",\"Email\");var hupso_icon_type = \"labels\";var hupso_background=\"#3BF8FF\";var hupso_border=\"#FF2B0A\";var hupso_image_folder_url = \"\";var hupso_url=\"\";var hupso_title=\"M%C5%81AWA.Na%20kolei%20lekcewa%C5%BC%C4%85%20sobie%20burmistrza%3F%20Czy%20mo%C5%BCe%20nie%20mo%C5%BCe%20znale%C5%BA%C4%87%20rozwi%C4%85zania%20problemu%20przej%C5%9Bcia%20na%20Ko%C5%9Bciuszki%3F\";<\/script><script type=\"text\/javascript\" src=\"http:\/\/static.hupso.com\/share\/js\/share.js\"><\/script><!-- Hupso Share Buttons --><\/div>","protected":false},"author":1,"featured_media":2656,"comment_status":"open","ping_status":"open","sticky":false,"template":"","format":"standard","meta":{"_acf_changed":false,"wprm-recipe-roundup-name":"","wprm-recipe-roundup-description":"","footnotes":""},"categories":[19],"tags":[745,747,23,511],"class_list":["post-2655","post","type-post","status-publish","format-standard","has-post-thumbnail","hentry","category-aktualnosci","tag-kladka","tag-kosciuzki","tag-mlawa","tag-wolka"],"acf":[],"amp_enabled":true,"_links":{"self":[{"href":"http:\/\/portalm\u0142awa.pl\/index.php?rest_route=\/wp\/v2\/posts\/2655","targetHints":{"allow":["GET"]}}],"collection":[{"href":"http:\/\/portalm\u0142awa.pl\/index.php?rest_route=\/wp\/v2\/posts"}],"about":[{"href":"http:\/\/portalm\u0142awa.pl\/index.php?rest_route=\/wp\/v2\/types\/post"}],"author":[{"embeddable":true,"href":"http:\/\/portalm\u0142awa.pl\/index.php?rest_route=\/wp\/v2\/users\/1"}],"replies":[{"embeddable":true,"href":"http:\/\/portalm\u0142awa.pl\/index.php?rest_route=%2Fwp%2Fv2%2Fcomments&post=2655"}],"version-history":[{"count":3,"href":"http:\/\/portalm\u0142awa.pl\/index.php?rest_route=\/wp\/v2\/posts\/2655\/revisions"}],"predecessor-version":[{"id":2665,"href":"http:\/\/portalm\u0142awa.pl\/index.php?rest_route=\/wp\/v2\/posts\/2655\/revisions\/2665"}],"wp:featuredmedia":[{"embeddable":true,"href":"http:\/\/portalm\u0142awa.pl\/index.php?rest_route=\/wp\/v2\/media\/2656"}],"wp:attachment":[{"href":"http:\/\/portalm\u0142awa.pl\/index.php?rest_route=%2Fwp%2Fv2%2Fmedia&parent=2655"}],"wp:term":[{"taxonomy":"category","embeddable":true,"href":"http:\/\/portalm\u0142awa.pl\/index.php?rest_route=%2Fwp%2Fv2%2Fcategories&post=2655"},{"taxonomy":"post_tag","embeddable":true,"href":"http:\/\/portalm\u0142awa.pl\/index.php?rest_route=%2Fwp%2Fv2%2Ftags&post=2655"}],"curies":[{"name":"wp","href":"https:\/\/api.w.org\/{rel}","templated":true}]}}