{"id":2722,"date":"2014-04-25T22:16:35","date_gmt":"2014-04-25T20:16:35","guid":{"rendered":"http:\/\/xn--portalmawa-g0b.pl\/?p=2722"},"modified":"2020-05-31T22:19:58","modified_gmt":"2020-05-31T20:19:58","slug":"mlawa-starosta-pozyskal-srodki-beda-przebudowywac-droge-m-in-we-wieczfni","status":"publish","type":"post","link":"http:\/\/portalm\u0142awa.pl\/?p=2722","title":{"rendered":"M\u0141AWA. Starosta pozyska\u0142 \u015brodki, b\u0119d\u0105 przebudowywa\u0107 drog\u0119 m.in. we Wieczfni"},"content":{"rendered":"<p style=\"text-align: justify;\"><strong><img decoding=\"async\" class=\"wp-image-2446 alignleft lazyload\" data-src=\"http:\/\/xn--portalmawa-g0b.pl\/wp-content\/uploads\/2020\/05\/starosta11-300x225.jpg\" alt=\"\" width=\"199\" height=\"149\" data-srcset=\"http:\/\/portalm\u0142awa.pl\/wp-content\/uploads\/2020\/05\/starosta11-300x225.jpg 300w, http:\/\/portalm\u0142awa.pl\/wp-content\/uploads\/2020\/05\/starosta11-1024x768.jpg 1024w, http:\/\/portalm\u0142awa.pl\/wp-content\/uploads\/2020\/05\/starosta11-768x576.jpg 768w, http:\/\/portalm\u0142awa.pl\/wp-content\/uploads\/2020\/05\/starosta11-1536x1152.jpg 1536w, http:\/\/portalm\u0142awa.pl\/wp-content\/uploads\/2020\/05\/starosta11-2048x1536.jpg 2048w\" data-sizes=\"(max-width: 199px) 100vw, 199px\" src=\"data:image\/svg+xml;base64,PHN2ZyB3aWR0aD0iMSIgaGVpZ2h0PSIxIiB4bWxucz0iaHR0cDovL3d3dy53My5vcmcvMjAwMC9zdmciPjwvc3ZnPg==\" style=\"--smush-placeholder-width: 199px; --smush-placeholder-aspect-ratio: 199\/149;\" \/>Rezerwa subwencji og\u00f3lnej bud\u017cetu pa\u0144stwa na projekty drogowe, w wysoko\u015bci 313 milion\u00f3w z\u0142otych zosta\u0142a rozdysponowana. Pieni\u0105dze otrzyma 171 jednostek samorz\u0105du terytorialnego w tym Powiat M\u0142awski w wysoko\u015bci 4\u00a0267\u00a0100,00 z\u0142 na realizacj\u0119 inwestycji pn. \u201eRozbudowa drogi powiatowej nr 2307W M\u0142awa \u2013 Grzybowo \u2013 Wieczfnia Ko\u015bcielna \u2013 Pep\u0142\u00f3wek wraz z przebudow\u0105 mostu w miejscowo\u015bci Chmielewko \u2013 Etap I\u201d.<\/strong><\/p>\n<p style=\"text-align: justify;\">Przedmiotowa inwestycja jest I etapem z trzech ca\u0142o\u015bci zadania pn. \u201eRozbudowa drogi powiatowej nr 2307W M\u0142awa \u2013 Grzybowo \u2013 Wieczfnia Ko\u015bcielna \u2013 Pep\u0142\u00f3wek wraz z przebudow\u0105 mostu w miejscowo\u015bci Chmielewko \u00a0i w miejscowo\u015bci Kulany\u201d.<\/p>\n<p style=\"text-align: justify;\">Zmodernizowana droga dzi\u0119ki wykonaniu nowej nawierzchni, chodnik\u00f3w i uzupe\u0142nieniu odwodnienia poprawi warunki poruszania si\u0119 po niej wszystkim u\u017cytkownikom. Piesi nie b\u0119d\u0105 porusza\u0107 si\u0119 po poboczach lub jezdni stwarzaj\u0105c zagro\u017cenie w ruchu drogowym. Wp\u0142ynie na popraw\u0119 bezpiecze\u0144stwa dzieci ucz\u0119szczaj\u0105cych do szko\u0142y w Windykach.<\/p>\n<p style=\"text-align: justify;\">\u0179r\u00f3d\u0142o powiatmlawski, red<\/p>\n<p style=\"text-align: justify;\"><span style=\"color: #ff0000;\"><strong>KOMENTARZE<\/strong><\/span><\/p>\n<p style=\"text-align: justify;\"><em>Wydawca portalu nie ponosi odpowiedzialno\u015bci za tre\u015b\u0107 komentarzy zamieszczanych przez u\u017cytkownik\u00f3w. Osoby zamieszczaj\u0105ce wypowiedzi naruszaj\u0105ce prawo lub prawem chronione dobra os\u00f3b trzecich mog\u0105 ponie\u015b\u0107 z tego tytu\u0142u odpowiedzialno\u015b\u0107 karn\u0105 lub cywiln\u0105.<\/em><span style=\"color: #ff0000;\"><strong><em>JEDNOCZE\u015aNIE UZYTKOWNICY ZAMIESZCZAJ\u0104C KOMENTARZ OSWIADCZAJ\u0104, \u017bE BIOR\u0104 PE\u0141N\u0104 ODPOWIEDZIALNO\u015a\u0106 ZA TRE\u015aCI UMIESZCZONE PRZEZ SIEBIE<\/em><\/strong><\/span><\/p>\n<div><\/div>\n<div style=\"padding-bottom:20px; padding-top:10px;\" class=\"hupso-share-buttons\"><!-- Hupso Share Buttons - https:\/\/www.hupso.com\/share\/ --><a class=\"hupso_pop\" href=\"https:\/\/www.hupso.com\/share\/\"><img decoding=\"async\" data-src=\"http:\/\/static.hupso.com\/share\/buttons\/button100x23.png\" style=\"border:0px; width:100; height: 23; \" alt=\"Share Button\" src=\"data:image\/svg+xml;base64,PHN2ZyB3aWR0aD0iMSIgaGVpZ2h0PSIxIiB4bWxucz0iaHR0cDovL3d3dy53My5vcmcvMjAwMC9zdmciPjwvc3ZnPg==\" class=\"lazyload\" \/><\/a><script type=\"text\/javascript\">var hupso_services=new Array(\"Twitter\",\"Facebook\",\"Pinterest\",\"Linkedin\",\"Tumblr\",\"StumbleUpon\",\"Digg\",\"Reddit\",\"Bebo\",\"Delicious\",\"QZone\",\"Renren\",\"Email\");var hupso_icon_type = \"labels\";var hupso_background=\"#3BF8FF\";var hupso_border=\"#FF2B0A\";var hupso_image_folder_url = \"\";var hupso_url=\"\";var hupso_title=\"M%C5%81AWA.%20Starosta%20pozyska%C5%82%20%C5%9Brodki%2C%20b%C4%99d%C4%85%20przebudowywa%C4%87%20drog%C4%99%20m.in.%20we%20Wieczfni\";<\/script><script type=\"text\/javascript\" src=\"http:\/\/static.hupso.com\/share\/js\/share.js\"><\/script><!-- Hupso Share Buttons --><\/div>","protected":false},"excerpt":{"rendered":"<p>Rezerwa subwencji og\u00f3lnej bud\u017cetu pa\u0144stwa na projekty drogowe, w wysoko\u015bci 313 milion\u00f3w z\u0142otych zosta\u0142a rozdysponowana. Pieni\u0105dze otrzyma 171 jednostek samorz\u0105du terytorialnego w tym Powiat M\u0142awski w wysoko\u015bci 4\u00a0267\u00a0100,00 z\u0142 na&hellip; <\/p>\n<div style=\"padding-bottom:20px; padding-top:10px;\" class=\"hupso-share-buttons\"><!-- Hupso Share Buttons - https:\/\/www.hupso.com\/share\/ --><a class=\"hupso_pop\" href=\"https:\/\/www.hupso.com\/share\/\"><img data-src=\"http:\/\/static.hupso.com\/share\/buttons\/button100x23.png\" style=\"border:0px; width:100; height: 23; \" alt=\"Share Button\" src=\"data:image\/svg+xml;base64,PHN2ZyB3aWR0aD0iMSIgaGVpZ2h0PSIxIiB4bWxucz0iaHR0cDovL3d3dy53My5vcmcvMjAwMC9zdmciPjwvc3ZnPg==\" class=\"lazyload\" \/><\/a><script type=\"text\/javascript\">var hupso_services=new Array(\"Twitter\",\"Facebook\",\"Pinterest\",\"Linkedin\",\"Tumblr\",\"StumbleUpon\",\"Digg\",\"Reddit\",\"Bebo\",\"Delicious\",\"QZone\",\"Renren\",\"Email\");var hupso_icon_type = \"labels\";var hupso_background=\"#3BF8FF\";var hupso_border=\"#FF2B0A\";var hupso_image_folder_url = \"\";var hupso_url=\"\";var hupso_title=\"M%C5%81AWA.%20Starosta%20pozyska%C5%82%20%C5%9Brodki%2C%20b%C4%99d%C4%85%20przebudowywa%C4%87%20drog%C4%99%20m.in.%20we%20Wieczfni\";<\/script><script type=\"text\/javascript\" src=\"http:\/\/static.hupso.com\/share\/js\/share.js\"><\/script><!-- Hupso Share Buttons --><\/div>","protected":false},"author":1,"featured_media":2446,"comment_status":"open","ping_status":"open","sticky":false,"template":"","format":"standard","meta":{"_acf_changed":false,"wprm-recipe-roundup-name":"","wprm-recipe-roundup-description":"","footnotes":""},"categories":[19],"tags":[42,23,758,47],"class_list":["post-2722","post","type-post","status-publish","format-standard","has-post-thumbnail","hentry","category-aktualnosci","tag-drogi","tag-mlawa","tag-mllawa","tag-powiat-mlawski"],"acf":[],"amp_enabled":true,"_links":{"self":[{"href":"http:\/\/portalm\u0142awa.pl\/index.php?rest_route=\/wp\/v2\/posts\/2722","targetHints":{"allow":["GET"]}}],"collection":[{"href":"http:\/\/portalm\u0142awa.pl\/index.php?rest_route=\/wp\/v2\/posts"}],"about":[{"href":"http:\/\/portalm\u0142awa.pl\/index.php?rest_route=\/wp\/v2\/types\/post"}],"author":[{"embeddable":true,"href":"http:\/\/portalm\u0142awa.pl\/index.php?rest_route=\/wp\/v2\/users\/1"}],"replies":[{"embeddable":true,"href":"http:\/\/portalm\u0142awa.pl\/index.php?rest_route=%2Fwp%2Fv2%2Fcomments&post=2722"}],"version-history":[{"count":1,"href":"http:\/\/portalm\u0142awa.pl\/index.php?rest_route=\/wp\/v2\/posts\/2722\/revisions"}],"predecessor-version":[{"id":2723,"href":"http:\/\/portalm\u0142awa.pl\/index.php?rest_route=\/wp\/v2\/posts\/2722\/revisions\/2723"}],"wp:featuredmedia":[{"embeddable":true,"href":"http:\/\/portalm\u0142awa.pl\/index.php?rest_route=\/wp\/v2\/media\/2446"}],"wp:attachment":[{"href":"http:\/\/portalm\u0142awa.pl\/index.php?rest_route=%2Fwp%2Fv2%2Fmedia&parent=2722"}],"wp:term":[{"taxonomy":"category","embeddable":true,"href":"http:\/\/portalm\u0142awa.pl\/index.php?rest_route=%2Fwp%2Fv2%2Fcategories&post=2722"},{"taxonomy":"post_tag","embeddable":true,"href":"http:\/\/portalm\u0142awa.pl\/index.php?rest_route=%2Fwp%2Fv2%2Ftags&post=2722"}],"curies":[{"name":"wp","href":"https:\/\/api.w.org\/{rel}","templated":true}]}}