{"id":2964,"date":"2014-02-21T10:18:31","date_gmt":"2014-02-21T09:18:31","guid":{"rendered":"http:\/\/xn--portalmawa-g0b.pl\/?p=2964"},"modified":"2020-06-04T10:21:30","modified_gmt":"2020-06-04T08:21:30","slug":"ciechanow-zaproszenie-na-recital-alicji-majewskiej-wlodzimierza-korcza","status":"publish","type":"post","link":"http:\/\/portalm\u0142awa.pl\/?p=2964","title":{"rendered":"CIECHAN\u00d3W. Zaproszenie na recital Alicji Majewskiej &#038; W\u0142odzimierza Korcza"},"content":{"rendered":"<p style=\"text-align: justify;\"><strong><img fetchpriority=\"high\" decoding=\"async\" class=\"size-medium wp-image-2966 alignleft\" src=\"http:\/\/xn--portalmawa-g0b.pl\/wp-content\/uploads\/2020\/06\/majewska-212x300.jpg\" alt=\"\" width=\"212\" height=\"300\" srcset=\"http:\/\/portalm\u0142awa.pl\/wp-content\/uploads\/2020\/06\/majewska-212x300.jpg 212w, http:\/\/portalm\u0142awa.pl\/wp-content\/uploads\/2020\/06\/majewska-543x768.jpg 543w, http:\/\/portalm\u0142awa.pl\/wp-content\/uploads\/2020\/06\/majewska.jpg 640w\" sizes=\"(max-width: 212px) 100vw, 212px\" \/>&#8220;Odkryjemy mi\u0142o\u015b\u0107 nieznan\u0105&#8221;, &#8220;Jeszcze si\u0119 ten \u017cagiel bieli&#8221;, &#8220;By\u0107 kobiet\u0105&#8221; i inne nie\u015bmiertelne przeboje Alicji Majewskiej i W\u0142odzimierza Korcza b\u0119dzie mo\u017cna us\u0142ysze\u0107 24 marca o godz. 18.30 w sali widowiskowej Powiatowego Centrum Kultury i Sztuki w Ciechanowie.<\/strong><\/p>\n<p style=\"text-align: justify;\">Alicja Majewska w latach 70. by\u0142a zwi\u0105zana z zespo\u0142em Partita. Wyst\u0119powa\u0142a w warszawskim Teatrze na Targ\u00f3wku, koncertowa\u0142a w wielu krajach Europy,<br \/>\nAzji i Ameryki. Jest laureatk\u0105 licznych nagr\u00f3d na mi\u0119dzynarodowych festiwalach. Stale wsp\u00f3\u0142pracuje z W\u0142odzimierzem Korczem, doskona\u0142ym pianist\u0105 oraz jednym z najbardziej znanych kompozytor\u00f3w piosenki polskiej, autorem wielu przeboj\u00f3w estradowych, muzyki filmowej, oratori\u00f3w, muzyki teatralnej.<br \/>\nArty\u015bci przygotowali koncert troch\u0119 sentymentalny, troch\u0119 wspomnieniowy. Spotkanie z muzyk\u0105 lekk\u0105, ale jednocze\u015bnie porywaj\u0105c\u0105 i oczywi\u015bcie przebojow\u0105!<\/p>\n<p style=\"text-align: justify;\"><span style=\"color: #ff0000;\"><strong>KOMENTARZE<\/strong><\/span><\/p>\n<p style=\"text-align: justify;\"><em>Wydawca portalu nie ponosi odpowiedzialno\u015bci za tre\u015b\u0107 komentarzy zamieszczanych przez u\u017cytkownik\u00f3w. Osoby zamieszczaj\u0105ce wypowiedzi naruszaj\u0105ce prawo lub prawem chronione dobra os\u00f3b trzecich mog\u0105 ponie\u015b\u0107 z tego tytu\u0142u odpowiedzialno\u015b\u0107 karn\u0105 lub cywiln\u0105.<\/em><span style=\"color: #ff0000;\"><strong><em>JEDNOCZE\u015aNIE UZYTKOWNICY ZAMIESZCZAJ\u0104C KOMENTARZ OSWIADCZAJ\u0104, \u017bE BIOR\u0104 PE\u0141N\u0104 ODPOWIEDZIALNO\u015a\u0106 ZA TRE\u015aCI UMIESZCZONE PRZEZ SIEBIE<\/em><\/strong><\/span><\/p>\n<div style=\"padding-bottom:20px; padding-top:10px;\" class=\"hupso-share-buttons\"><!-- Hupso Share Buttons - https:\/\/www.hupso.com\/share\/ --><a class=\"hupso_pop\" href=\"https:\/\/www.hupso.com\/share\/\"><img decoding=\"async\" data-src=\"http:\/\/static.hupso.com\/share\/buttons\/button100x23.png\" style=\"border:0px; width:100; height: 23; \" alt=\"Share Button\" src=\"data:image\/svg+xml;base64,PHN2ZyB3aWR0aD0iMSIgaGVpZ2h0PSIxIiB4bWxucz0iaHR0cDovL3d3dy53My5vcmcvMjAwMC9zdmciPjwvc3ZnPg==\" class=\"lazyload\" \/><\/a><script type=\"text\/javascript\">var hupso_services=new Array(\"Twitter\",\"Facebook\",\"Pinterest\",\"Linkedin\",\"Tumblr\",\"StumbleUpon\",\"Digg\",\"Reddit\",\"Bebo\",\"Delicious\",\"QZone\",\"Renren\",\"Email\");var hupso_icon_type = \"labels\";var hupso_background=\"#3BF8FF\";var hupso_border=\"#FF2B0A\";var hupso_image_folder_url = \"\";var hupso_url=\"\";var hupso_title=\"CIECHAN%C3%93W.%20Zaproszenie%20na%20recital%20Alicji%20Majewskiej%20%26%20W%C5%82odzimierza%20Korcza\";<\/script><script type=\"text\/javascript\" src=\"http:\/\/static.hupso.com\/share\/js\/share.js\"><\/script><!-- Hupso Share Buttons --><\/div>","protected":false},"excerpt":{"rendered":"<p>&#8220;Odkryjemy mi\u0142o\u015b\u0107 nieznan\u0105&#8221;, &#8220;Jeszcze si\u0119 ten \u017cagiel bieli&#8221;, &#8220;By\u0107 kobiet\u0105&#8221; i inne nie\u015bmiertelne przeboje Alicji Majewskiej i W\u0142odzimierza Korcza b\u0119dzie mo\u017cna us\u0142ysze\u0107 24 marca o godz. 18.30 w sali widowiskowej&hellip; <\/p>\n<div style=\"padding-bottom:20px; padding-top:10px;\" class=\"hupso-share-buttons\"><!-- Hupso Share Buttons - https:\/\/www.hupso.com\/share\/ --><a class=\"hupso_pop\" href=\"https:\/\/www.hupso.com\/share\/\"><img data-src=\"http:\/\/static.hupso.com\/share\/buttons\/button100x23.png\" style=\"border:0px; width:100; height: 23; \" alt=\"Share Button\" src=\"data:image\/svg+xml;base64,PHN2ZyB3aWR0aD0iMSIgaGVpZ2h0PSIxIiB4bWxucz0iaHR0cDovL3d3dy53My5vcmcvMjAwMC9zdmciPjwvc3ZnPg==\" class=\"lazyload\" \/><\/a><script type=\"text\/javascript\">var hupso_services=new Array(\"Twitter\",\"Facebook\",\"Pinterest\",\"Linkedin\",\"Tumblr\",\"StumbleUpon\",\"Digg\",\"Reddit\",\"Bebo\",\"Delicious\",\"QZone\",\"Renren\",\"Email\");var hupso_icon_type = \"labels\";var hupso_background=\"#3BF8FF\";var hupso_border=\"#FF2B0A\";var hupso_image_folder_url = \"\";var hupso_url=\"\";var hupso_title=\"CIECHAN%C3%93W.%20Zaproszenie%20na%20recital%20Alicji%20Majewskiej%20%26%20W%C5%82odzimierza%20Korcza\";<\/script><script type=\"text\/javascript\" src=\"http:\/\/static.hupso.com\/share\/js\/share.js\"><\/script><!-- Hupso Share Buttons --><\/div>","protected":false},"author":1,"featured_media":2966,"comment_status":"open","ping_status":"open","sticky":false,"template":"","format":"standard","meta":{"_acf_changed":false,"wprm-recipe-roundup-name":"","wprm-recipe-roundup-description":"","footnotes":""},"categories":[10],"tags":[],"class_list":["post-2964","post","type-post","status-publish","format-standard","has-post-thumbnail","hentry","category-ciecha-now"],"acf":[],"amp_enabled":true,"_links":{"self":[{"href":"http:\/\/portalm\u0142awa.pl\/index.php?rest_route=\/wp\/v2\/posts\/2964","targetHints":{"allow":["GET"]}}],"collection":[{"href":"http:\/\/portalm\u0142awa.pl\/index.php?rest_route=\/wp\/v2\/posts"}],"about":[{"href":"http:\/\/portalm\u0142awa.pl\/index.php?rest_route=\/wp\/v2\/types\/post"}],"author":[{"embeddable":true,"href":"http:\/\/portalm\u0142awa.pl\/index.php?rest_route=\/wp\/v2\/users\/1"}],"replies":[{"embeddable":true,"href":"http:\/\/portalm\u0142awa.pl\/index.php?rest_route=%2Fwp%2Fv2%2Fcomments&post=2964"}],"version-history":[{"count":2,"href":"http:\/\/portalm\u0142awa.pl\/index.php?rest_route=\/wp\/v2\/posts\/2964\/revisions"}],"predecessor-version":[{"id":2968,"href":"http:\/\/portalm\u0142awa.pl\/index.php?rest_route=\/wp\/v2\/posts\/2964\/revisions\/2968"}],"wp:featuredmedia":[{"embeddable":true,"href":"http:\/\/portalm\u0142awa.pl\/index.php?rest_route=\/wp\/v2\/media\/2966"}],"wp:attachment":[{"href":"http:\/\/portalm\u0142awa.pl\/index.php?rest_route=%2Fwp%2Fv2%2Fmedia&parent=2964"}],"wp:term":[{"taxonomy":"category","embeddable":true,"href":"http:\/\/portalm\u0142awa.pl\/index.php?rest_route=%2Fwp%2Fv2%2Fcategories&post=2964"},{"taxonomy":"post_tag","embeddable":true,"href":"http:\/\/portalm\u0142awa.pl\/index.php?rest_route=%2Fwp%2Fv2%2Ftags&post=2964"}],"curies":[{"name":"wp","href":"https:\/\/api.w.org\/{rel}","templated":true}]}}