{"id":2969,"date":"2014-02-21T10:23:06","date_gmt":"2014-02-21T09:23:06","guid":{"rendered":"http:\/\/xn--portalmawa-g0b.pl\/?p=2969"},"modified":"2020-06-04T10:26:27","modified_gmt":"2020-06-04T08:26:27","slug":"ciechanow-zaproszenie-na-koncert-brian-mc-combe-band","status":"publish","type":"post","link":"http:\/\/portalm\u0142awa.pl\/?p=2969","title":{"rendered":"CIECHAN\u00d3W. Zaproszenie na koncert BRIAN Mc COMBE BAND"},"content":{"rendered":"<p><img decoding=\"async\" class=\"wp-image-2970 lazyload\" data-src=\"http:\/\/xn--portalmawa-g0b.pl\/wp-content\/uploads\/2020\/06\/Brian-300x199.jpg\" alt=\"\" width=\"243\" height=\"161\" data-srcset=\"http:\/\/portalm\u0142awa.pl\/wp-content\/uploads\/2020\/06\/Brian-300x199.jpg 300w, http:\/\/portalm\u0142awa.pl\/wp-content\/uploads\/2020\/06\/Brian.jpg 640w\" data-sizes=\"(max-width: 243px) 100vw, 243px\" src=\"data:image\/svg+xml;base64,PHN2ZyB3aWR0aD0iMSIgaGVpZ2h0PSIxIiB4bWxucz0iaHR0cDovL3d3dy53My5vcmcvMjAwMC9zdmciPjwvc3ZnPg==\" style=\"--smush-placeholder-width: 243px; --smush-placeholder-aspect-ratio: 243\/161;\" \/><\/p>\n<p style=\"text-align: justify;\"><strong>W \u015brod\u0119 19 marca o godz. 19.30 Powiatowe Centrum Kultury i Sztuki w Ciechanowie zaprasza na koncert z okazji \u015bwi\u0119ta patrona Irlandii \u015bw. Patryka. Zagra doskonale znany ciechanowskiej publiczno\u015bci sprzed kilkunastu lat Brian Mc Combe ze swoim zespo\u0142em.<\/strong><\/p>\n<p style=\"text-align: justify;\">Koncerty Mc Combe&amp;#x2019;a s\u0105 zawsze niezapomnianym do\u015bwiadczeniem trzymaj\u0105cym s\u0142uchacza w napi\u0119ciu od pierwszego do ostatniego taktu. Muzyka zespo\u0142u zakorzeniona w irlandzkiej tradycji.<br \/>\nG\u0142os Briana Mc Combe&amp;#x2019;a uwa\u017cany jest za najlepszy i najbardziej oryginalny po\u015br\u00f3d wielkiej gromady celtyckich wokalist\u00f3w. Bilety: przedsprzeda\u017c &#8211; 25 z\u0142, w dniu-30 z\u0142 do nabycia w kasie kina \u0141ydynia. NA TYM KONCERCIE NIE MO\u017bNA NIE BY\u0106 !!!<\/p>\n<p style=\"text-align: justify;\"><span style=\"color: #ff0000;\"><strong>KOMENTARZE<\/strong><\/span><\/p>\n<p style=\"text-align: justify;\"><em>Wydawca portalu nie ponosi odpowiedzialno\u015bci za tre\u015b\u0107 komentarzy zamieszczanych przez u\u017cytkownik\u00f3w. Osoby zamieszczaj\u0105ce wypowiedzi naruszaj\u0105ce prawo lub prawem chronione dobra os\u00f3b trzecich mog\u0105 ponie\u015b\u0107 z tego tytu\u0142u odpowiedzialno\u015b\u0107 karn\u0105 lub cywiln\u0105.<\/em><span style=\"color: #ff0000;\"><strong><em>JEDNOCZE\u015aNIE UZYTKOWNICY ZAMIESZCZAJ\u0104C KOMENTARZ OSWIADCZAJ\u0104, \u017bE BIOR\u0104 PE\u0141N\u0104 ODPOWIEDZIALNO\u015a\u0106 ZA TRE\u015aCI UMIESZCZONE PRZEZ SIEBIE<\/em><\/strong><\/span><\/p>\n<div style=\"padding-bottom:20px; padding-top:10px;\" class=\"hupso-share-buttons\"><!-- Hupso Share Buttons - https:\/\/www.hupso.com\/share\/ --><a class=\"hupso_pop\" href=\"https:\/\/www.hupso.com\/share\/\"><img decoding=\"async\" data-src=\"http:\/\/static.hupso.com\/share\/buttons\/button100x23.png\" style=\"border:0px; width:100; height: 23; \" alt=\"Share Button\" src=\"data:image\/svg+xml;base64,PHN2ZyB3aWR0aD0iMSIgaGVpZ2h0PSIxIiB4bWxucz0iaHR0cDovL3d3dy53My5vcmcvMjAwMC9zdmciPjwvc3ZnPg==\" class=\"lazyload\" \/><\/a><script type=\"text\/javascript\">var hupso_services=new Array(\"Twitter\",\"Facebook\",\"Pinterest\",\"Linkedin\",\"Tumblr\",\"StumbleUpon\",\"Digg\",\"Reddit\",\"Bebo\",\"Delicious\",\"QZone\",\"Renren\",\"Email\");var hupso_icon_type = \"labels\";var hupso_background=\"#3BF8FF\";var hupso_border=\"#FF2B0A\";var hupso_image_folder_url = \"\";var hupso_url=\"\";var hupso_title=\"CIECHAN%C3%93W.%20Zaproszenie%20na%20koncert%20BRIAN%20Mc%20COMBE%20BAND\";<\/script><script type=\"text\/javascript\" src=\"http:\/\/static.hupso.com\/share\/js\/share.js\"><\/script><!-- Hupso Share Buttons --><\/div>","protected":false},"excerpt":{"rendered":"<p>W \u015brod\u0119 19 marca o godz. 19.30 Powiatowe Centrum Kultury i Sztuki w Ciechanowie zaprasza na koncert z okazji \u015bwi\u0119ta patrona Irlandii \u015bw. Patryka. Zagra doskonale znany ciechanowskiej publiczno\u015bci sprzed&hellip; <\/p>\n<div style=\"padding-bottom:20px; padding-top:10px;\" class=\"hupso-share-buttons\"><!-- Hupso Share Buttons - https:\/\/www.hupso.com\/share\/ --><a class=\"hupso_pop\" href=\"https:\/\/www.hupso.com\/share\/\"><img data-src=\"http:\/\/static.hupso.com\/share\/buttons\/button100x23.png\" style=\"border:0px; width:100; height: 23; \" alt=\"Share Button\" src=\"data:image\/svg+xml;base64,PHN2ZyB3aWR0aD0iMSIgaGVpZ2h0PSIxIiB4bWxucz0iaHR0cDovL3d3dy53My5vcmcvMjAwMC9zdmciPjwvc3ZnPg==\" class=\"lazyload\" \/><\/a><script type=\"text\/javascript\">var hupso_services=new Array(\"Twitter\",\"Facebook\",\"Pinterest\",\"Linkedin\",\"Tumblr\",\"StumbleUpon\",\"Digg\",\"Reddit\",\"Bebo\",\"Delicious\",\"QZone\",\"Renren\",\"Email\");var hupso_icon_type = \"labels\";var hupso_background=\"#3BF8FF\";var hupso_border=\"#FF2B0A\";var hupso_image_folder_url = \"\";var hupso_url=\"\";var hupso_title=\"CIECHAN%C3%93W.%20Zaproszenie%20na%20koncert%20BRIAN%20Mc%20COMBE%20BAND\";<\/script><script type=\"text\/javascript\" src=\"http:\/\/static.hupso.com\/share\/js\/share.js\"><\/script><!-- Hupso Share Buttons --><\/div>","protected":false},"author":1,"featured_media":2970,"comment_status":"open","ping_status":"open","sticky":false,"template":"","format":"standard","meta":{"_acf_changed":false,"wprm-recipe-roundup-name":"","wprm-recipe-roundup-description":"","footnotes":""},"categories":[10],"tags":[],"class_list":["post-2969","post","type-post","status-publish","format-standard","has-post-thumbnail","hentry","category-ciecha-now"],"acf":[],"amp_enabled":true,"_links":{"self":[{"href":"http:\/\/portalm\u0142awa.pl\/index.php?rest_route=\/wp\/v2\/posts\/2969","targetHints":{"allow":["GET"]}}],"collection":[{"href":"http:\/\/portalm\u0142awa.pl\/index.php?rest_route=\/wp\/v2\/posts"}],"about":[{"href":"http:\/\/portalm\u0142awa.pl\/index.php?rest_route=\/wp\/v2\/types\/post"}],"author":[{"embeddable":true,"href":"http:\/\/portalm\u0142awa.pl\/index.php?rest_route=\/wp\/v2\/users\/1"}],"replies":[{"embeddable":true,"href":"http:\/\/portalm\u0142awa.pl\/index.php?rest_route=%2Fwp%2Fv2%2Fcomments&post=2969"}],"version-history":[{"count":2,"href":"http:\/\/portalm\u0142awa.pl\/index.php?rest_route=\/wp\/v2\/posts\/2969\/revisions"}],"predecessor-version":[{"id":2972,"href":"http:\/\/portalm\u0142awa.pl\/index.php?rest_route=\/wp\/v2\/posts\/2969\/revisions\/2972"}],"wp:featuredmedia":[{"embeddable":true,"href":"http:\/\/portalm\u0142awa.pl\/index.php?rest_route=\/wp\/v2\/media\/2970"}],"wp:attachment":[{"href":"http:\/\/portalm\u0142awa.pl\/index.php?rest_route=%2Fwp%2Fv2%2Fmedia&parent=2969"}],"wp:term":[{"taxonomy":"category","embeddable":true,"href":"http:\/\/portalm\u0142awa.pl\/index.php?rest_route=%2Fwp%2Fv2%2Fcategories&post=2969"},{"taxonomy":"post_tag","embeddable":true,"href":"http:\/\/portalm\u0142awa.pl\/index.php?rest_route=%2Fwp%2Fv2%2Ftags&post=2969"}],"curies":[{"name":"wp","href":"https:\/\/api.w.org\/{rel}","templated":true}]}}