{"id":2976,"date":"2014-02-17T10:31:31","date_gmt":"2014-02-17T09:31:31","guid":{"rendered":"http:\/\/xn--portalmawa-g0b.pl\/?p=2976"},"modified":"2020-06-04T10:36:19","modified_gmt":"2020-06-04T08:36:19","slug":"ciechanow-powiatowe-centrum-kultury-i-sztuki-w-ciechanowie-zaprasza-do-udzialu-w-konkursie-plastycznym","status":"publish","type":"post","link":"http:\/\/portalm\u0142awa.pl\/?p=2976","title":{"rendered":"CIECHAN\u00d3W. Powiatowe Centrum Kultury i Sztuki w Ciechanowie zaprasza do udzia\u0142u w konkursie plastycznym"},"content":{"rendered":"<p style=\"text-align: justify;\"><strong><img decoding=\"async\" class=\"wp-image-2977 alignleft lazyload\" data-src=\"http:\/\/xn--portalmawa-g0b.pl\/wp-content\/uploads\/2020\/06\/DSCF2891-300x225.jpg\" alt=\"\" width=\"204\" height=\"153\" data-srcset=\"http:\/\/portalm\u0142awa.pl\/wp-content\/uploads\/2020\/06\/DSCF2891-300x225.jpg 300w, http:\/\/portalm\u0142awa.pl\/wp-content\/uploads\/2020\/06\/DSCF2891-500x375.jpg 500w, http:\/\/portalm\u0142awa.pl\/wp-content\/uploads\/2020\/06\/DSCF2891.jpg 700w\" data-sizes=\"(max-width: 204px) 100vw, 204px\" src=\"data:image\/svg+xml;base64,PHN2ZyB3aWR0aD0iMSIgaGVpZ2h0PSIxIiB4bWxucz0iaHR0cDovL3d3dy53My5vcmcvMjAwMC9zdmciPjwvc3ZnPg==\" style=\"--smush-placeholder-width: 204px; --smush-placeholder-aspect-ratio: 204\/153;\" \/>W ramach X Mi\u0119dzynarodowych Dni ks. Macieja Kazimierza Sarbiewskiego \u201eChrze\u015bcija\u0144ski Horacy z Mazowsza\u201d \u20182014 organizowany jest dla szk\u00f3\u0142 ponadgimnazjalnych z Mazowsza VII Konkurs Plastyczny \u201eO Laur Sarbiewskiego\u201d. Wykonane w dowolnej technice, mo\u017cna dostarczy\u0107 lub przes\u0142a\u0107 do 26 kwietnia 2014 do Powiatowego Centrum Kultury i Sztuki im. M. Konopnickiej w Ciechanowie, ul. Stra\u017cacka 5.<\/strong><\/p>\n<p style=\"text-align: justify;\">Organizatorzy zapraszaj\u0105 do udzia\u0142u uczni\u00f3w i nauczycieli.<\/p>\n<p style=\"text-align: justify;\">Regulamin konkursu.<\/p>\n<p style=\"text-align: justify;\">1.Konkurs skierowany jest do uczni\u00f3w gimnazj\u00f3w i szk\u00f3\u0142 \u015brednich z Mazowsza.<\/p>\n<p style=\"text-align: justify;\">2. Celem konkursu jest:<\/p>\n<p style=\"text-align: justify;\">&#8211; przygotowanie plakatu lub innej formy plastycznej \/obraz, rze\u017aba, grafika\/, dla kt\u00f3rego inspiracj\u0105 b\u0119dzie utw\u00f3r \u201eDo \u017ar\u00f3d\u0142a Sony\u201d (\u201eAd fontem Sonam\u201d) M. K. Sarbiewskiego (tekst \u2013 Za\u0142\u0105cznik 2)<\/p>\n<p style=\"text-align: justify;\">&#8211; poznanie przez m\u0142odzie\u017c epoki baroku i konfrontacji pr\u0105d\u00f3w my\u015blowych tego okresu oraz jej zwi\u0105zku ze wsp\u00f3\u0142czesno\u015bci\u0105<\/p>\n<p style=\"text-align: justify;\">&#8211; rozwijanie wra\u017cliwo\u015bci plastycznej m\u0142odzie\u017cy<\/p>\n<p style=\"text-align: justify;\">&#8211; kszta\u0142cenie postawy kreatywnej ucznia<\/p>\n<p style=\"text-align: justify;\">&#8211; poznanie i popularyzowanie polsko\u015bci, tw\u00f3rczo\u015bci i postaci ks. M. K. Sarbiewskiego:<\/p>\n<p style=\"text-align: justify;\">Ks. jezuita Maciej Kazimierz Sarbiewski (1595-1640), urodzony w Sarbiewie ko\u0142o P\u0142o\u0144ska, absolwent kolegi\u00f3w jezuickich w Pu\u0142tusku i Braniewie, Akademii Wile\u0144skiej i Collegium Romanum w Rzymie. Najwybitniejszy poeta epoki baroku, nie tylko w Rzeczypospolitej, uwie\u0144czony przez papie\u017ca Urbana VIII najwy\u017csz\u0105 nagrod\u0105 literack\u0105 \u015bwiata \u2013 Wawrzynem Poetyckim (por\u00f3wnywaln\u0105 z obecn\u0105 Nagrod\u0105 Nobla w dziedzinie literatury). Nazywany by\u0142 \u201esarmackim Horacym\u201d i \u201echrze\u015bcija\u0144skim Horacym\u201d. Teoretyk poezji, filozof, teolog, wyk\u0142adowca w kolegiach jezuickich w Kro\u017cach na \u017bmudzi, Po\u0142ocku i Nie\u015bwie\u017cu na Bia\u0142rusio, niemieckim Collegium Germanicum w Rzymie. W Wilnie by\u0142 dziekanem Wydzia\u0142u Filozofii Teologii Akademii Wile\u0144skiej i doradc\u0105 rektora. S\u0142ynny orator, przez osttanie pi\u0119\u0107 lat \u017cycia kaznodzieja kr\u00f3la W\u0142adys\u0142awa IV Wazy. Najbardziej popularny polski liryk za granic\u0105 \u2013 do dzi\u015b \u017caden poeta polski nie prze\u015bcign\u0105\u0142 go pod wzgl\u0119dem wyda\u0144 i przek\u0142ad\u00f3w na Zachodzie. Jego wiersze i rozprawy na temat poetyki by\u0142y t\u0142umaczone na najwa\u017cniejsze j\u0119zyki \u015bwiata, drukowane w Niemczech, Holandii, Belgii, Francji, Anglii, we W\u0142oszech, na W\u0119grzech, w Polsce i czytane na wszystkich uniwersytetach \u015bwiata.<\/p>\n<p style=\"text-align: justify;\">3. Projekty prac w formacie do wielko\u015bci 50 x 70cm, wykonane w dowolnej technice, nale\u017cy dostarczy\u0107 lub przes\u0142a\u0107 do 26 kwietnia 2013 r. na adres:<\/p>\n<p style=\"text-align: justify;\">&#8211; Powiatowe Centrum Kultury i Sztuki im. M. Konopnickiej w Ciechanowie, ul. Stra\u017cacka 5, 06-400 Ciechan\u00f3w, z dopiskiem \u201eKonkurs \u201eO Laur Sarbiewskiego\u201d.<\/p>\n<p style=\"text-align: justify;\">4. Ka\u017cda praca musi by\u0107 zaopatrzona w nast\u0119puj\u0105ce informacje: tytu\u0142 lub nazw\u0119 pracy, imi\u0119 i nazwisko autora, imi\u0119 i nazwisko nauczyciela opiekuna, nazw\u0119 i adres szko\u0142y, telefon kontaktowy.<\/p>\n<p style=\"text-align: justify;\">5. Oceny prac dokona fachowe Jury i przyzna nagrody. Rozstrzygni\u0119cie konkursu nast\u0105pi 10 maja 2014 r., o godz. 17.00, w Powiatowym Centrum Kultury i Sztuki im. M. Konopnickiej w Ciechanowie (Kawiarni Artystycznej), podczas jubileuszowych X Mi\u0119dzynarodowych Dni ks. M. K. Sarbiewskiego \u201eChrze\u015bcija\u0144ski Horacy z Mazowsza\u201d, w scenerii najlepszych nades\u0142anych prac (b\u0119dzie przygotowana wystawa).<\/p>\n<p style=\"text-align: justify;\">6. Nagrodzone prace konkursowe przechodz\u0105 na w\u0142asno\u015b\u0107 organizator\u00f3w, kt\u00f3rzy zastrzegaj\u0105 sobie prawo do ich bezp\u0142atnej reprodukcji.<\/p>\n<p style=\"text-align: justify;\">Organizatorzy konkursu:<\/p>\n<p style=\"text-align: justify;\">&#8211; Stowarzyszenie Academia Europaea Sarbieviana, www.sarbiewski.eu<\/p>\n<p style=\"text-align: justify;\">&#8211; Powiatowe Centrum Kultury i Sztuki im. M. Konopnickiej w Ciechanowie, www.pckisz.pl<\/p>\n<p style=\"text-align: justify;\">Za\u0142\u0105cznik 1.<\/p>\n<p style=\"text-align: justify;\">Program X Mi\u0119dzynarodowych Dni Ks. Macieja Kazimierza<\/p>\n<p style=\"text-align: justify;\">Sarbiewskiego \u201eChrze\u015bcija\u0144ski Horacy z Mazowsza\u201d pod patronatem<\/p>\n<p style=\"text-align: justify;\">Marsza\u0142ka Sejmu RP, Marsza\u0142ka Wojew\u00f3dztwa Mazowieckiego, Biskupa P\u0142ockiego<\/p>\n<p style=\"text-align: justify;\">(9-11 maja 2014)<\/p>\n<p style=\"text-align: justify;\">PI\u0104TEK, 9 MAJA 2014<\/p>\n<p style=\"text-align: justify;\">Sarbiewo\u2013Baboszewo-Przasnysz-Czernice Borowe-Rostkowo-P\u0142o\u0144sk<\/p>\n<p style=\"text-align: justify;\">&#8211; od godz. 10.00 \u2013 Przyjazd do hotelu \u201eDworek\u201d w D\u0142u\u017cniewie k. Sarbiewa, zakwaterowanie<\/p>\n<p style=\"text-align: justify;\">&#8211; godz. 11.00-13.00 \u2013 Spotkania autorskie pisarzy z czytelnikami P\u0142o\u0144ska (Miejska Biblioteka Publiczna im. H. Sienkiewicza, I LO im. H. Sienkiewicza), gm. Baboszewo (2 gimnazja), Przasnysza (Muzeum Historyczne, Miejska Biblioteka Publiczna), Czernic Borowych (Zesp\u00f3\u0142 Szk\u00f3\u0142) i Rostkowa (Szko\u0142a Podstawowa im. \u015bw. Stanis\u0142awa Kostki). W Dniach b\u0119d\u0105 uczestniczy\u0107 pisarze i uczeni z Polski i zagranicy.<\/p>\n<p style=\"text-align: justify;\">&#8211; godz.13.00 \u2013Walne Zgromadzenie cz\u0142onk\u00f3w Stowarzyszenia Academia Europaea Sarbieviana,<\/p>\n<p style=\"text-align: justify;\">\u00a0\u00a0\u00a0\u00a0\u00a0\u00a0\u00a0\u00a0\u00a0\u00a0\u00a0\u00a0\u00a0\u00a0 \u00a0\u00a0\u00a0\u00a0\u00a0\u00a0\u00a0promocja poetyckiego almanachu \u201eO Laur Sarbiewskiego\u201d oraz CD z hymnem<\/p>\n<p style=\"text-align: justify;\">\u00a0\u00a0\u00a0\u00a0\u00a0\u00a0\u00a0\u00a0\u00a0\u00a0\u00a0\u00a0\u00a0\u00a0\u00a0\u00a0\u00a0\u00a0\u00a0\u00a0\u00a0\u00a0 AES \u201eAd fontem Sonam (\u201eDworek\u201d w D\u0142u\u017cniewie k. Sarbiewa)<\/p>\n<p style=\"text-align: justify;\">\u00a0\u00a0\u00a0\u00a0 &#8211; godz. 18.00 \u2013 Inauguracja X Mi\u0119dzynarodowych Dni Ks. Macieja Kazimierza<\/p>\n<p style=\"text-align: justify;\">\u00a0\u00a0\u00a0\u00a0\u00a0\u00a0\u00a0\u00a0\u00a0\u00a0\u00a0\u00a0\u00a0\u00a0\u00a0\u00a0 \u00a0\u00a0\u00a0\u00a0\u00a0\u00a0\u00a0Sarbiewskiego \u201eChrze\u015bcija\u0144ski Horacy z Mazowsza\u201d (PSM I i II st. P\u0142o\u0144sk)<\/p>\n<p style=\"text-align: justify;\">\u00a0\u00a0\u00a0\u00a0\u00a0\u00a0\u00a0\u00a0\u00a0\u00a0\u00a0\u00a0\u00a0\u00a0\u00a0\u00a0\u00a0\u00a0\u00a0\u00a0\u00a0\u00a0 &#8211; Rozstrzygni\u0119cie X Og\u00f3lnopolskiego Konkursu Poetyckiego \u201eO Laur<\/p>\n<p style=\"text-align: justify;\">\u00a0\u00a0\u00a0\u00a0\u00a0\u00a0\u00a0\u00a0\u00a0\u00a0\u00a0\u00a0\u00a0\u00a0\u00a0\u00a0\u00a0\u00a0\u00a0\u00a0\u00a0\u00a0\u00a0\u00a0 Sarbiewskiego\u201d. Wyniki og\u0142osi jury: o. dr Krzysztof Dorosz SJ (Toru\u0144), dr<\/p>\n<p style=\"text-align: justify;\">\u00a0\u00a0\u00a0\u00a0\u00a0\u00a0\u00a0\u00a0\u00a0\u00a0\u00a0\u00a0\u00a0\u00a0\u00a0\u00a0\u00a0\u00a0\u00a0\u00a0\u00a0\u00a0 Teresa Kaczorowska (Ciechan\u00f3w), Igor Kantorowski. Prezentacja<\/p>\n<p style=\"text-align: justify;\">\u00a0\u00a0\u00a0\u00a0\u00a0\u00a0\u00a0\u00a0\u00a0\u00a0\u00a0\u00a0\u00a0\u00a0\u00a0\u00a0\u00a0\u00a0\u00a0\u00a0\u00a0\u00a0 nagrodzonych wierszy przez aktora Stanis\u0142awa Jasku\u0142k\u0119 (PSM I i II st. P\u0142o\u0144sk)<\/p>\n<p style=\"text-align: justify;\">\u00a0\u00a0\u00a0\u00a0\u00a0\u00a0\u00a0\u00a0\u00a0\u00a0\u00a0\u00a0\u00a0\u00a0\u00a0\u00a0\u00a0\u00a0\u00a0\u00a0\u00a0\u00a0 &#8211; Koncert Magdy Umer z zespo\u0142em, promocja poetyckiego almanachu \u201eO Laur<\/p>\n<p style=\"text-align: justify;\">\u00a0\u00a0\u00a0\u00a0\u00a0\u00a0\u00a0\u00a0\u00a0\u00a0\u00a0\u00a0\u00a0\u00a0\u00a0\u00a0\u00a0\u00a0\u00a0\u00a0\u00a0\u00a0\u00a0\u00a0 Sarbiewskiego\u201d oraz CD z hymnem AES \u201eAd fontem Sonam (PSM I i II st.<\/p>\n<p style=\"text-align: justify;\">\u00a0\u00a0\u00a0\u00a0\u00a0\u00a0\u00a0\u00a0\u00a0\u00a0\u00a0\u00a0\u00a0\u00a0\u00a0\u00a0\u00a0\u00a0\u00a0\u00a0\u00a0\u00a0\u00a0\u00a0 P\u0142o\u0144sk)<\/p>\n<p style=\"text-align: justify;\">&#8211; godz. 21.00 \u2013 Noc Poet\u00f3w oraz koncert muzyczny<\/p>\n<p style=\"text-align: justify;\">\u00a0\u00a0\u00a0\u00a0\u00a0\u00a0\u00a0\u00a0\u00a0\u00a0\u00a0\u00a0 \u00a0\u00a0\u00a0\u00a0\u00a0\u00a0\u00a0\u00a0\u00a0(hotel \u201eDworek\u201d w D\u0142u\u017cniewie k. Sarbiewa)<\/p>\n<p style=\"text-align: justify;\">SOBOTA, 10 MAJA 2014<\/p>\n<p style=\"text-align: justify;\">Sarbiewo- Ciechan\u00f3w-P\u0142o\u0144sk<\/p>\n<p style=\"text-align: justify;\">&#8211; godz. 9.00-10.00 \u2013 Wyjazd do Ciechanowa<\/p>\n<p style=\"text-align: justify;\">&#8211; godz. 10.00-14.00 \u2013 Konferencja naukowa \u201eM.K. Sarbiewski\u2026\u201d , promocja poetyckiego<\/p>\n<p style=\"text-align: justify;\">\u00a0\u00a0\u00a0\u00a0\u00a0\u00a0\u00a0\u00a0\u00a0\u00a0\u00a0\u00a0\u00a0\u00a0\u00a0\u00a0\u00a0\u00a0\u00a0\u00a0\u00a0\u00a0\u00a0\u00a0\u00a0\u00a0\u00a0\u00a0\u00a0\u00a0\u00a0\u00a0 almanachu \u201eO Laur Sarbiewskiego\u201d oraz CD z hymnem<\/p>\n<p style=\"text-align: justify;\">\u00a0\u00a0\u00a0\u00a0\u00a0\u00a0\u00a0\u00a0\u00a0\u00a0\u00a0\u00a0\u00a0\u00a0\u00a0\u00a0\u00a0\u00a0\u00a0\u00a0\u00a0\u00a0\u00a0\u00a0\u00a0\u00a0\u00a0\u00a0\u00a0\u00a0\u00a0\u00a0 AES \u201eAd fontem Sonam (Muzeum Szlachty Mazowieckiej w Ciechanowie)<\/p>\n<p style=\"text-align: justify;\">&#8211; godz. 14.00-15.00 \u2013 Poznanie historycznych miejsc w Ciechanowie pami\u0119taj\u0105cych M.K.<\/p>\n<p style=\"text-align: justify;\">\u00a0\u00a0\u00a0\u00a0\u00a0\u00a0\u00a0\u00a0\u00a0\u00a0\u00a0\u00a0\u00a0\u00a0\u00a0\u00a0\u00a0\u00a0\u00a0\u00a0\u00a0\u00a0\u00a0\u00a0\u00a0\u00a0\u00a0\u00a0\u00a0\u00a0 Sarbiewskiego<\/p>\n<p style=\"text-align: justify;\">&#8211; godz. 15.00-17.00 &#8211; Obiad \/Kawiarnia Artystyczna PCKiSz im M. Konopnickiej)<\/p>\n<p style=\"text-align: justify;\">&#8211; godz. 17.00-19.00 \u2013 Og\u0142oszenie wynik\u00f3w VII Konkursu Plastycznego \u201eO<\/p>\n<p style=\"text-align: justify;\">\u00a0\u00a0\u00a0\u00a0\u00a0\u00a0\u00a0\u00a0\u00a0\u00a0\u00a0\u00a0\u00a0\u00a0\u00a0\u00a0\u00a0\u00a0\u00a0\u00a0\u00a0\u00a0\u00a0\u00a0\u00a0\u00a0\u00a0\u00a0 Laur Sarbiewskiego\u201d, otwarcie wystawy nagrodzonych prac, koncert Zespo\u0142u<\/p>\n<p style=\"text-align: justify;\">\u00a0\u00a0\u00a0\u00a0\u00a0\u00a0\u00a0\u00a0\u00a0\u00a0\u00a0\u00a0\u00a0\u00a0\u00a0\u00a0\u00a0\u00a0\u00a0\u00a0\u00a0\u00a0\u00a0\u00a0\u00a0\u00a0\u00a0\u00a0 Muzyki Dawnej (Kawiarnia Artystyczna PCKiSz w Ciechanowie)<\/p>\n<p style=\"text-align: justify;\">&#8211; godz. 20.00-21.00 \u2013 Koncert zespo\u0142u \u201eSarbivius Sempre\u201d (Rynek w P\u0142o\u0144sku)<\/p>\n<p style=\"text-align: justify;\">NIEDZIELA, 11 MAJA 2014<\/p>\n<p style=\"text-align: justify;\">Sarbiewo- P\u0142o\u0144sk<\/p>\n<p style=\"text-align: justify;\">&#8211; godz. 9.00 \u2013 Rozstrzygni\u0119cie IX Konkursu Krasom\u00f3wczego dla M\u0142odzie\u017cy \u201eO Laur<\/p>\n<p style=\"text-align: justify;\">\u00a0\u00a0\u00a0\u00a0\u00a0\u00a0\u00a0\u00a0\u00a0\u00a0\u00a0\u00a0\u00a0\u00a0\u00a0\u00a0\u00a0\u00a0\u00a0\u00a0 Sarbiewskiego\u201d &#8211; wyst\u0105pienia p\u00f3\u0142finalist\u00f3w z P\u0142n. Mazowsza. Wprowadzenie: prof.<\/p>\n<p style=\"text-align: justify;\">\u00a0\u00a0\u00a0\u00a0\u00a0\u00a0\u00a0\u00a0\u00a0\u00a0\u00a0\u00a0\u00a0\u00a0\u00a0\u00a0\u00a0\u00a0\u00a0\u00a0 Elwira Buszewicz) oraz VIII Konkursu Recytatorskiego dla uczni\u00f3w szk\u00f3\u0142<\/p>\n<p style=\"text-align: justify;\">\u00a0\u00a0\u00a0\u00a0\u00a0\u00a0\u00a0\u00a0\u00a0\u00a0\u00a0\u00a0\u00a0\u00a0\u00a0\u00a0\u00a0\u00a0\u00a0\u00a0 podstawowych z gm. Baboszewo (Szko\u0142a Podstawowa im. ks. M. K<\/p>\n<p style=\"text-align: justify;\">\u00a0\u00a0\u00a0\u00a0\u00a0\u00a0\u00a0\u00a0\u00a0\u00a0\u00a0\u00a0\u00a0\u00a0\u00a0\u00a0\u00a0\u00a0\u00a0\u00a0 Sarbiewskiego w Sarbiewie)<\/p>\n<p style=\"text-align: justify;\">&#8211; godz. 12.00 \u2013 Msza \u015bw. w intencji ks. M.K. Sarbiewskiego w ko\u015bciele pw. \u015bw. Stanis\u0142awa B. i M.<\/p>\n<p style=\"text-align: justify;\">\u00a0\u00a0\u00a0\u00a0\u00a0\u00a0\u00a0\u00a0\u00a0\u00a0\u00a0\u00a0\u00a0\u00a0\u00a0\u00a0\u00a0\u00a0\u00a0\u00a0\u00a0\u00a0 Koncert: poezji M. K. Sarbiewskiego (recytacja przez aktora) i muzyki barokowej<\/p>\n<p style=\"text-align: justify;\">\u00a0\u00a0\u00a0\u00a0\u00a0\u00a0\u00a0\u00a0\u00a0\u00a0\u00a0\u00a0\u00a0\u00a0\u00a0\u00a0\u00a0\u00a0\u00a0\u00a0 (zesp\u00f3\u0142 \u201eSarbivius Sempre\u201d i Izabella Jaszczo\u0142t, sopran)<\/p>\n<p style=\"text-align: justify;\">&#8211; godz.14.00 \u2013 Spacer po Sarbiewie<\/p>\n<p style=\"text-align: justify;\">&#8211; godz. 14.30 \u2013 Obiad (Szko\u0142a Podstawowa im. M.K. Sarbiewskiego w Sarbiewie), promocja<\/p>\n<p style=\"text-align: justify;\">\u00a0\u00a0\u00a0\u00a0\u00a0\u00a0\u00a0\u00a0\u00a0\u00a0\u00a0\u00a0\u00a0\u00a0\u00a0\u00a0\u00a0\u00a0\u00a0\u00a0\u00a0\u00a0\u00a0\u00a0 poetyckiego almanachu \u201eO Laur Sarbiewskiego\u201d oraz CD z hymnem AES \u201eAd<\/p>\n<p style=\"text-align: justify;\">\u00a0\u00a0\u00a0\u00a0\u00a0\u00a0\u00a0\u00a0\u00a0\u00a0\u00a0\u00a0\u00a0\u00a0\u00a0\u00a0\u00a0\u00a0\u00a0\u00a0\u00a0\u00a0\u00a0\u00a0 fontem Sonam\u201d.<\/p>\n<p style=\"text-align: justify;\">Imprezy towarzysz\u0105ce:<\/p>\n<p style=\"text-align: justify;\">&#8211; Publikacja poezji ks. Macieja Kazimierza Sarbiewskiego w prasie<\/p>\n<p style=\"text-align: justify;\">&#8211; Stoiska z wydawnictwami poetycko-literackimi<\/p>\n<p style=\"text-align: justify;\">&#8211; Publikacja wyg\u0142oszonych prelekcji w \u201eCiechanowskich Zeszytach Literackich\u201d nr 16\/2014<\/p>\n<p style=\"text-align: justify;\">Organizatorzy i sponsorzy:<\/p>\n<p style=\"text-align: justify;\">&#8211; Academia Europaea Sarbieviana w Sarbiewie<\/p>\n<p style=\"text-align: justify;\">&#8211; Miejskie Centrum Kultury w P\u0142o\u0144sku<\/p>\n<p style=\"text-align: justify;\">&#8211; Powiatowe Centrum Kultury i Sztuki im. M. Konopnickiej w Ciechanowie<\/p>\n<p style=\"text-align: justify;\">&#8211; Muzeum Szlachty Mazowieckiej w Ciechanowie<\/p>\n<p style=\"text-align: justify;\">&#8211; Szko\u0142a Podstawowa im. ks. Macieja Kazimierza Sarbiewskiego w Sarbiewie<\/p>\n<p style=\"text-align: justify;\">&#8211; Parafia pw. \u015bw. Antoniego w Sarbiewie<\/p>\n<p style=\"text-align: justify;\">&#8211; Miejska Biblioteka Publiczna im. H. Sienkiewicza w P\u0142o\u0144sku<\/p>\n<p style=\"text-align: justify;\">&#8211; Dworek w D\u0142u\u017cniewie k. Sarbiewa<\/p>\n<p style=\"text-align: justify;\">&#8211; Miejska Biblioteka Publiczna w Przasnyszu<\/p>\n<p style=\"text-align: justify;\">&#8211; Muzeum Historyczne w Przasnyszu<\/p>\n<p style=\"text-align: justify;\">&#8211; Zwi\u0105zek Literat\u00f3w na Mazowszu<\/p>\n<p style=\"text-align: justify;\">&#8211; Urz\u0119dy Gminy: Baboszewo, Czernice Borowe<\/p>\n<p style=\"text-align: justify;\">&#8211; Urz\u0105d Miasta P\u0142o\u0144sk<\/p>\n<p style=\"text-align: justify;\">&#8211; Starostwa Powiatowe: P\u0142o\u0144sk, Ciechan\u00f3w<\/p>\n<p style=\"text-align: justify;\">&#8211; Zamek Kr\u00f3lewski w Warszawie<\/p>\n<p style=\"text-align: justify;\">&#8211; Polski Bank Sp\u00f3\u0142dzielczy w Ciechanowie\/Oddzia\u0142 w P\u0142o\u0144sku<\/p>\n<p style=\"text-align: justify;\">Patronat medialny: TVP Kultura, Katolickie Radio Ciechan\u00f3w, \u201eP\u0142o\u0144szczak Press\u201d, \u201eCzas Ciechanowa\u201d, \u201eGo\u015b\u0107 Niedzielny\u201d<\/p>\n<p style=\"text-align: justify;\">Koordynator projektu: Teresa Kaczorowska, tel. 603 753 789, e-mail: <a class=\"mce-object\" title=\"&lt;script&gt;\" href=\"mailto: &lt;img src=\" data-wp-preserve=\"%3Cscript%20type%3D'text%2Fjavascript'%3E%20%3C!--%20var%20prefix%20%3D%20'ma'%20%2B%20'il'%20%2B%20'to'%3B%20var%20path%20%3D%20'hr'%20%2B%20'ef'%20%2B%20'%3D'%3B%20var%20addy52863%20%3D%20'tereza'%20%2B%20'%40'%3B%20addy52863%20%3D%20addy52863%20%2B%20'ciechanow'%20%2B%20'.'%20%2B%20'pl'%3B%20document.write('%3Ca%20'%20%2B%20path%20%2B%20'%5C''%20%2B%20prefix%20%2B%20'%3A'%20%2B%20addy52863%20%2B%20'%5C'%3E')%3B%20document.write(addy52863)%3B%20document.write('%3C%5C%2Fa%3E')%3B%20%2F%2F--%3E%5Cn%20%3C%2Fscript%3E\" data-mce-placeholder=\"1\"><script type='text\/javascript'> <!-- document.write('<span style=\\'display: none;\\'>'); \/\/--> <\/script>Ten adres pocztowy jest chroniony przed spamowaniem. Aby go zobaczy\u0107, konieczne jest w\u0142\u0105czenie w przegl\u0105darce obs\u0142ugi JavaScript. <script type='text\/javascript'> <!-- document.write('<\/'); document.write('span>'); \/\/--> <\/script>&#8220;&gt; <\/a><a href=\"mailto:tereza@ciechanow.pl\">tereza@ciechanow.pl<\/a><\/p>\n<p style=\"text-align: justify;\">Za\u0142\u0105cznik 2.<\/p>\n<p style=\"text-align: justify;\">W drodze powrotnej z Rzymu, na prze\u0142omie lata i jesieni 1625 roku, s\u0142awny w Europie, uwie\u0144czony przez papie\u017ca Urbana VIII Laurem Poetyckim ks. Maciej Kazimierz Sarbiewski pierwsze swoje kroki skierowa\u0142 do rodzinnej wsi. Zatrzyma\u0142 si\u0119 na d\u0142u\u017cej w Sarbiewie, w domu urodzenia i pokaza\u0142 w swojej pie\u015bni, \u017ce jest wci\u0105\u017c przywi\u0105zany do ziemi mazowieckiej. Urzeczony pi\u0119knem kryszta\u0142owej, skrz\u0105cej si\u0119 Sony (faktycznie Raci\u0105\u017cnicy), harmoni\u0105 jej w\u00f3d i przyrody, napisa\u0142 w uniesieniu i w podzi\u0119ce doskona\u0142emu Stw\u00f3rcy pie\u015b\u0144 Ad fontem Sonam (Do \u017ar\u00f3d\u0142a Sony).<\/p>\n<p style=\"text-align: justify;\">Ep. 2 DO \u0179R\u00d3D\u0141A SONY<\/p>\n<p style=\"text-align: justify;\">\u0179r\u00f3d\u0142o, przejrzystsze ni\u017ali szk\u0142a kryszta\u0142y,<\/p>\n<p style=\"text-align: justify;\">Czystsze ni\u017c czystych \u015bnieg\u00f3w biel weso\u0142a,<\/p>\n<p style=\"text-align: justify;\">Rozkoszy, kt\u00f3r\u0105 Nimfy ukocha\u0142y,<\/p>\n<p style=\"text-align: justify;\">I oczko mego rodzinnego sio\u0142a,<\/p>\n<p style=\"text-align: justify;\">Znu\u017cony d\u0142ug\u0105 drog\u0105, z troski brzemion<\/p>\n<p style=\"text-align: justify;\">Chc\u0105c si\u0119 wywik\u0142a\u0107, hen z tuskiej a\u017c ziemi<\/p>\n<p style=\"text-align: justify;\">Wr\u00f3ciwszy, cisz\u0105 t\u0119sknoty oniemion,<\/p>\n<p style=\"text-align: justify;\">Na darnie padam nad nurty twojemi.<\/p>\n<p style=\"text-align: justify;\">Dozw\u00f3l tu spocz\u0105\u0107 i do wkl\u0119s\u0142ej d\u0142oni<\/p>\n<p style=\"text-align: justify;\">Zaczerpn\u0105\u0107 wody, niechaj jej nie zm\u0105ca<\/p>\n<p style=\"text-align: justify;\">Ani byde\u0142ko co do zdroj\u00f3w goni,<\/p>\n<p style=\"text-align: justify;\">Ani ga\u0142\u0105zka z drzewa spadaj\u0105ca.<\/p>\n<p style=\"text-align: justify;\">Gdy be\u0142kotaniem rozkosznym s\u0142uch bawisz<\/p>\n<p style=\"text-align: justify;\">I skacz\u0105c, fal\u0105 ochocz\u0105, \u015bwietlan\u0105<\/p>\n<p style=\"text-align: justify;\">Potr\u0105casz lekko szemrz\u0105cych traw klawisz,<\/p>\n<p style=\"text-align: justify;\">Niech przykrych szum\u00f3w topole przestan\u0105<\/p>\n<p style=\"text-align: justify;\">I s\u0142\u00f3w s\u0142uchaj\u0105 tych: gdy wieszcza mianem<\/p>\n<p style=\"text-align: justify;\">Nie darmo Urban mnie darzy uczony,<\/p>\n<p style=\"text-align: justify;\">Nad to\u0144 Blanduzji bardziej b\u0119dziesz znanem<\/p>\n<p style=\"text-align: justify;\">I bardziej s\u0142awnym ni\u017c fale Sirmiony.<\/p>\n<p style=\"text-align: justify;\">Podczas pobytu w swojej wsi Sarbiewski nawi\u0105za\u0142 prawdopodobnie kontakt z biskupem<\/p>\n<p style=\"text-align: justify;\">p\u0142ockim Stanis\u0142awem \u0141ubie\u0144skim, z kt\u00f3rym po\u0142\u0105czy go p\u00f3\u017aniej za\u017cy\u0142a przyja\u017a\u0144.<\/p>\n<p style=\"text-align: justify;\">Poeta nie zabawi\u0142 jednak d\u0142ugo w rodzinnym siole. Jeszcze tego samego 1625 roku oddelegowano go do Nie\u015bwie\u017ca&#8230;<\/p>\n<p style=\"text-align: justify;\">(fragment ksi\u0105\u017cki Teresy Kaczorowskiej \u201eMaciej Kazimierz Sarbiewski SJ na Mazowszu\u201d)<\/p>\n<p style=\"text-align: justify;\"><span style=\"color: #ff0000;\"><strong>KOMENTARZE<\/strong><\/span><\/p>\n<p style=\"text-align: justify;\"><em>Wydawca portalu nie ponosi odpowiedzialno\u015bci za tre\u015b\u0107 komentarzy zamieszczanych przez u\u017cytkownik\u00f3w. Osoby zamieszczaj\u0105ce wypowiedzi naruszaj\u0105ce prawo lub prawem chronione dobra os\u00f3b trzecich mog\u0105 ponie\u015b\u0107 z tego tytu\u0142u odpowiedzialno\u015b\u0107 karn\u0105 lub cywiln\u0105.<\/em><span style=\"color: #ff0000;\"><strong><em>JEDNOCZE\u015aNIE UZYTKOWNICY ZAMIESZCZAJ\u0104C KOMENTARZ OSWIADCZAJ\u0104, \u017bE BIOR\u0104 PE\u0141N\u0104 ODPOWIEDZIALNO\u015a\u0106 ZA TRE\u015aCI UMIESZCZONE PRZEZ SIEBIE<\/em><\/strong><\/span><\/p>\n<div style=\"padding-bottom:20px; padding-top:10px;\" class=\"hupso-share-buttons\"><!-- Hupso Share Buttons - https:\/\/www.hupso.com\/share\/ --><a class=\"hupso_pop\" href=\"https:\/\/www.hupso.com\/share\/\"><img decoding=\"async\" data-src=\"http:\/\/static.hupso.com\/share\/buttons\/button100x23.png\" style=\"border:0px; width:100; height: 23; \" alt=\"Share Button\" src=\"data:image\/svg+xml;base64,PHN2ZyB3aWR0aD0iMSIgaGVpZ2h0PSIxIiB4bWxucz0iaHR0cDovL3d3dy53My5vcmcvMjAwMC9zdmciPjwvc3ZnPg==\" class=\"lazyload\" \/><\/a><script type=\"text\/javascript\">var hupso_services=new Array(\"Twitter\",\"Facebook\",\"Pinterest\",\"Linkedin\",\"Tumblr\",\"StumbleUpon\",\"Digg\",\"Reddit\",\"Bebo\",\"Delicious\",\"QZone\",\"Renren\",\"Email\");var hupso_icon_type = \"labels\";var hupso_background=\"#3BF8FF\";var hupso_border=\"#FF2B0A\";var hupso_image_folder_url = \"\";var hupso_url=\"\";var hupso_title=\"CIECHAN%C3%93W.%20Powiatowe%20Centrum%20Kultury%20i%20Sztuki%20w%20Ciechanowie%20zaprasza%20do%20udzia%C5%82u%20w%20konkursie%20plastycznym\";<\/script><script type=\"text\/javascript\" src=\"http:\/\/static.hupso.com\/share\/js\/share.js\"><\/script><!-- Hupso Share Buttons --><\/div>","protected":false},"excerpt":{"rendered":"<p>W ramach X Mi\u0119dzynarodowych Dni ks. Macieja Kazimierza Sarbiewskiego \u201eChrze\u015bcija\u0144ski Horacy z Mazowsza\u201d \u20182014 organizowany jest dla szk\u00f3\u0142 ponadgimnazjalnych z Mazowsza VII Konkurs Plastyczny \u201eO Laur Sarbiewskiego\u201d. Wykonane w dowolnej&hellip; <\/p>\n<div style=\"padding-bottom:20px; padding-top:10px;\" class=\"hupso-share-buttons\"><!-- Hupso Share Buttons - https:\/\/www.hupso.com\/share\/ --><a class=\"hupso_pop\" href=\"https:\/\/www.hupso.com\/share\/\"><img data-src=\"http:\/\/static.hupso.com\/share\/buttons\/button100x23.png\" style=\"border:0px; width:100; height: 23; \" alt=\"Share Button\" src=\"data:image\/svg+xml;base64,PHN2ZyB3aWR0aD0iMSIgaGVpZ2h0PSIxIiB4bWxucz0iaHR0cDovL3d3dy53My5vcmcvMjAwMC9zdmciPjwvc3ZnPg==\" class=\"lazyload\" \/><\/a><script type=\"text\/javascript\">var hupso_services=new Array(\"Twitter\",\"Facebook\",\"Pinterest\",\"Linkedin\",\"Tumblr\",\"StumbleUpon\",\"Digg\",\"Reddit\",\"Bebo\",\"Delicious\",\"QZone\",\"Renren\",\"Email\");var hupso_icon_type = \"labels\";var hupso_background=\"#3BF8FF\";var hupso_border=\"#FF2B0A\";var hupso_image_folder_url = \"\";var hupso_url=\"\";var hupso_title=\"CIECHAN%C3%93W.%20Powiatowe%20Centrum%20Kultury%20i%20Sztuki%20w%20Ciechanowie%20zaprasza%20do%20udzia%C5%82u%20w%20konkursie%20plastycznym\";<\/script><script type=\"text\/javascript\" src=\"http:\/\/static.hupso.com\/share\/js\/share.js\"><\/script><!-- Hupso Share Buttons --><\/div>","protected":false},"author":1,"featured_media":2977,"comment_status":"open","ping_status":"open","sticky":false,"template":"","format":"standard","meta":{"_acf_changed":false,"wprm-recipe-roundup-name":"","wprm-recipe-roundup-description":"","footnotes":""},"categories":[10],"tags":[],"class_list":["post-2976","post","type-post","status-publish","format-standard","has-post-thumbnail","hentry","category-ciecha-now"],"acf":[],"amp_enabled":true,"_links":{"self":[{"href":"http:\/\/portalm\u0142awa.pl\/index.php?rest_route=\/wp\/v2\/posts\/2976","targetHints":{"allow":["GET"]}}],"collection":[{"href":"http:\/\/portalm\u0142awa.pl\/index.php?rest_route=\/wp\/v2\/posts"}],"about":[{"href":"http:\/\/portalm\u0142awa.pl\/index.php?rest_route=\/wp\/v2\/types\/post"}],"author":[{"embeddable":true,"href":"http:\/\/portalm\u0142awa.pl\/index.php?rest_route=\/wp\/v2\/users\/1"}],"replies":[{"embeddable":true,"href":"http:\/\/portalm\u0142awa.pl\/index.php?rest_route=%2Fwp%2Fv2%2Fcomments&post=2976"}],"version-history":[{"count":2,"href":"http:\/\/portalm\u0142awa.pl\/index.php?rest_route=\/wp\/v2\/posts\/2976\/revisions"}],"predecessor-version":[{"id":2979,"href":"http:\/\/portalm\u0142awa.pl\/index.php?rest_route=\/wp\/v2\/posts\/2976\/revisions\/2979"}],"wp:featuredmedia":[{"embeddable":true,"href":"http:\/\/portalm\u0142awa.pl\/index.php?rest_route=\/wp\/v2\/media\/2977"}],"wp:attachment":[{"href":"http:\/\/portalm\u0142awa.pl\/index.php?rest_route=%2Fwp%2Fv2%2Fmedia&parent=2976"}],"wp:term":[{"taxonomy":"category","embeddable":true,"href":"http:\/\/portalm\u0142awa.pl\/index.php?rest_route=%2Fwp%2Fv2%2Fcategories&post=2976"},{"taxonomy":"post_tag","embeddable":true,"href":"http:\/\/portalm\u0142awa.pl\/index.php?rest_route=%2Fwp%2Fv2%2Ftags&post=2976"}],"curies":[{"name":"wp","href":"https:\/\/api.w.org\/{rel}","templated":true}]}}