{"id":2989,"date":"2014-03-13T10:51:25","date_gmt":"2014-03-13T09:51:25","guid":{"rendered":"http:\/\/xn--portalmawa-g0b.pl\/?p=2989"},"modified":"2020-06-04T10:52:32","modified_gmt":"2020-06-04T08:52:32","slug":"ciechanow-do-ciechanowa-wrocil-puchar-polski-seniorow-i-juniorow-w-taekwon-do","status":"publish","type":"post","link":"http:\/\/portalm\u0142awa.pl\/?p=2989","title":{"rendered":"CIECHAN\u00d3W. Do Ciechanowa wr\u00f3ci\u0142 Puchar Polski Senior\u00f3w i Junior\u00f3w w Taekwon-do"},"content":{"rendered":"<p style=\"text-align: justify;\"><strong><img decoding=\"async\" class=\"wp-image-2990 alignleft lazyload\" data-src=\"http:\/\/xn--portalmawa-g0b.pl\/wp-content\/uploads\/2020\/06\/ciechanow57-300x200.jpg\" alt=\"\" width=\"230\" height=\"153\" data-srcset=\"http:\/\/portalm\u0142awa.pl\/wp-content\/uploads\/2020\/06\/ciechanow57-300x200.jpg 300w, http:\/\/portalm\u0142awa.pl\/wp-content\/uploads\/2020\/06\/ciechanow57.jpg 640w\" data-sizes=\"(max-width: 230px) 100vw, 230px\" src=\"data:image\/svg+xml;base64,PHN2ZyB3aWR0aD0iMSIgaGVpZ2h0PSIxIiB4bWxucz0iaHR0cDovL3d3dy53My5vcmcvMjAwMC9zdmciPjwvc3ZnPg==\" style=\"--smush-placeholder-width: 230px; --smush-placeholder-aspect-ratio: 230\/153;\" \/>Tradycyjnie na inauguracj\u0119 nowego sezonu Taekwon-do, wszyscy zawodnicy wzi\u0119li udzia\u0142 w Pucharze Polski, kt\u00f3ry w tym roku odby\u0142 si\u0119 w Ciechanowie od 7 do 9 marca. LKS Matsogi Ciechan\u00f3w reprezentowa\u0142o 6 zawodnik\u00f3w w grupie senior\u00f3w: Pawe\u0142 Szwejkowski (IV Dan), Piotr Szwejkowski ( IV Dan), Ilona Omieci\u0144ska( II Dan), Magdalena Kosobudzka ( III dan), Karol Kraszewski (3 kup) i Karol Nalewajk ( 2 kup) oraz 5 zawodnik\u00f3w w grupie junior\u00f3w: Wiktor Nalewajk (2 kup), Tomasz Jab\u0142onowski (2 kup), Maciej Morawski (2 kup) Kowalczyk Damian (2 kup) oraz G\u0142owacki Karolo (2 kup).<\/strong><\/p>\n<p style=\"text-align: justify;\">Najwi\u0119kszym wydarzeniem Turnieju by\u0142o kolejne starcie dw\u00f3ch najlepszych zawodniczek taekwon-do w wadze do 62 kg. Ilona Omieci\u0144ska po emocjonuj\u0105cej walce, pokona\u0142a trzykrotn\u0105 Mistrzyni \u015awiata\u00a0 Joann\u0119 Paprock\u0105 tym samym zajmuj\u0105c I miejsce.<\/p>\n<p style=\"text-align: justify;\">Bardzo dobrze zaprezentowali si\u0119 r\u00f3wnie\u017c klubowi koledzy Ilony, zdobywcy z\u0142otych medali: Pawe\u0142 Szwejkowski, w walkach do 63 kg i Piotr Szwejkowski &#8211; uk\u0142ady formalne IV dan.<br \/>\nCiechanowski klub Taekwon-do Matsogi zaj\u0105\u0142 bardzo wysokie II miejsce w klasyfikacji generalnej senior\u00f3w klub\u00f3w w Polsce.<br \/>\nJuniorzy pomimo dobrego startu\u00a0 niestety nie zdobyli, \u017cadnego medalu, plasuj\u0105c si\u0119 cz\u0119sto bardzo blisko podium.<\/p>\n<p style=\"text-align: justify;\">\u00a0\u00a0\u00a0\u00a0\u00a0\u00a0\u00a0\u00a0\u00a0\u00a0 Wyniki zawodnik\u00f3w Matsogi Ciechan\u00f3w:<\/p>\n<p style=\"text-align: justify;\"><strong>Z\u0142ote medale<br \/>\n<\/strong>\u2022\u00a0Ilona Omieci\u0144ska \u2013 walki do 62 kg.<br \/>\n\u2022\u00a0Pawe\u0142 Szwejkowski \u2013 walki do 63 kg.<br \/>\n\u2022\u00a0Piotr Szwejkowski \u2013 uk\u0142ady formalne IV Dan,<br \/>\n<strong>Srebrne medale<br \/>\n<\/strong>\u2022\u00a0Pawe\u0142 Szwejkowski\u00a0 \u2013 uk\u0142ady formalne IV Dan,<br \/>\n\u2022\u00a0Ilona Omieci\u0144ska \u2013 uk\u0142ady formalne II Dan,<br \/>\n\u2022\u00a0Karol Nalewajk \u2013 uk\u0142ady formalne cup<br \/>\n<strong>Br\u0105zowe medale<br \/>\n<\/strong>\u2022\u00a0Magdalena Kosobudzka \u2013 uk\u0142ady formalne III Dan<br \/>\n<strong>Miejsca V-VIII<br \/>\n<\/strong>\u2022\u00a0Piotr Szwejkowski, walki do 70 kg.<br \/>\n\u2022\u00a0Karol Kraszewski, walki do 70 kg i techniki specjalne.<br \/>\n\u2022\u00a0Ilona Omieci\u0144ska, techniki specjalne.<\/p>\n<p style=\"text-align: justify;\">\u0179r\u00f3d\u0142o ciechanow.powiat.pl<\/p>\n<p style=\"text-align: justify;\"><span style=\"color: #ff0000;\"><strong>KOMENTARZE<\/strong><\/span><\/p>\n<p style=\"text-align: justify;\"><em>Wydawca portalu nie ponosi odpowiedzialno\u015bci za tre\u015b\u0107 komentarzy zamieszczanych przez u\u017cytkownik\u00f3w. Osoby zamieszczaj\u0105ce wypowiedzi naruszaj\u0105ce prawo lub prawem chronione dobra os\u00f3b trzecich mog\u0105 ponie\u015b\u0107 z tego tytu\u0142u odpowiedzialno\u015b\u0107 karn\u0105 lub cywiln\u0105<span style=\"color: #ff0000;\">.<\/span><\/em><span style=\"color: #ff0000;\"><strong><em>JEDNOCZE\u015aNIE UZYTKOWNICY ZAMIESZCZAJ\u0104C KOMENTARZ OSWIADCZAJ\u0104, \u017bE BIOR\u0104 PE\u0141N\u0104 ODPOWIEDZIALNO\u015a\u0106 ZA TRE\u015aCI UMIESZCZONE PRZEZ SIEBIE<\/em><\/strong><\/span><\/p>\n<div><\/div>\n<div style=\"padding-bottom:20px; padding-top:10px;\" class=\"hupso-share-buttons\"><!-- Hupso Share Buttons - https:\/\/www.hupso.com\/share\/ --><a class=\"hupso_pop\" href=\"https:\/\/www.hupso.com\/share\/\"><img decoding=\"async\" data-src=\"http:\/\/static.hupso.com\/share\/buttons\/button100x23.png\" style=\"border:0px; width:100; height: 23; \" alt=\"Share Button\" src=\"data:image\/svg+xml;base64,PHN2ZyB3aWR0aD0iMSIgaGVpZ2h0PSIxIiB4bWxucz0iaHR0cDovL3d3dy53My5vcmcvMjAwMC9zdmciPjwvc3ZnPg==\" class=\"lazyload\" \/><\/a><script type=\"text\/javascript\">var hupso_services=new Array(\"Twitter\",\"Facebook\",\"Pinterest\",\"Linkedin\",\"Tumblr\",\"StumbleUpon\",\"Digg\",\"Reddit\",\"Bebo\",\"Delicious\",\"QZone\",\"Renren\",\"Email\");var hupso_icon_type = \"labels\";var hupso_background=\"#3BF8FF\";var hupso_border=\"#FF2B0A\";var hupso_image_folder_url = \"\";var hupso_url=\"\";var hupso_title=\"CIECHAN%C3%93W.%20Do%20Ciechanowa%20wr%C3%B3ci%C5%82%20Puchar%20Polski%20Senior%C3%B3w%20i%20Junior%C3%B3w%20w%20Taekwon-do\";<\/script><script type=\"text\/javascript\" src=\"http:\/\/static.hupso.com\/share\/js\/share.js\"><\/script><!-- Hupso Share Buttons --><\/div>","protected":false},"excerpt":{"rendered":"<p>Tradycyjnie na inauguracj\u0119 nowego sezonu Taekwon-do, wszyscy zawodnicy wzi\u0119li udzia\u0142 w Pucharze Polski, kt\u00f3ry w tym roku odby\u0142 si\u0119 w Ciechanowie od 7 do 9 marca. LKS Matsogi Ciechan\u00f3w reprezentowa\u0142o&hellip; <\/p>\n<div style=\"padding-bottom:20px; padding-top:10px;\" class=\"hupso-share-buttons\"><!-- Hupso Share Buttons - https:\/\/www.hupso.com\/share\/ --><a class=\"hupso_pop\" href=\"https:\/\/www.hupso.com\/share\/\"><img data-src=\"http:\/\/static.hupso.com\/share\/buttons\/button100x23.png\" style=\"border:0px; width:100; height: 23; \" alt=\"Share Button\" src=\"data:image\/svg+xml;base64,PHN2ZyB3aWR0aD0iMSIgaGVpZ2h0PSIxIiB4bWxucz0iaHR0cDovL3d3dy53My5vcmcvMjAwMC9zdmciPjwvc3ZnPg==\" class=\"lazyload\" \/><\/a><script type=\"text\/javascript\">var hupso_services=new Array(\"Twitter\",\"Facebook\",\"Pinterest\",\"Linkedin\",\"Tumblr\",\"StumbleUpon\",\"Digg\",\"Reddit\",\"Bebo\",\"Delicious\",\"QZone\",\"Renren\",\"Email\");var hupso_icon_type = \"labels\";var hupso_background=\"#3BF8FF\";var hupso_border=\"#FF2B0A\";var hupso_image_folder_url = \"\";var hupso_url=\"\";var hupso_title=\"CIECHAN%C3%93W.%20Do%20Ciechanowa%20wr%C3%B3ci%C5%82%20Puchar%20Polski%20Senior%C3%B3w%20i%20Junior%C3%B3w%20w%20Taekwon-do\";<\/script><script type=\"text\/javascript\" src=\"http:\/\/static.hupso.com\/share\/js\/share.js\"><\/script><!-- Hupso Share Buttons --><\/div>","protected":false},"author":1,"featured_media":2990,"comment_status":"open","ping_status":"open","sticky":false,"template":"","format":"standard","meta":{"_acf_changed":false,"wprm-recipe-roundup-name":"","wprm-recipe-roundup-description":"","footnotes":""},"categories":[10],"tags":[],"class_list":["post-2989","post","type-post","status-publish","format-standard","has-post-thumbnail","hentry","category-ciecha-now"],"acf":[],"amp_enabled":true,"_links":{"self":[{"href":"http:\/\/portalm\u0142awa.pl\/index.php?rest_route=\/wp\/v2\/posts\/2989","targetHints":{"allow":["GET"]}}],"collection":[{"href":"http:\/\/portalm\u0142awa.pl\/index.php?rest_route=\/wp\/v2\/posts"}],"about":[{"href":"http:\/\/portalm\u0142awa.pl\/index.php?rest_route=\/wp\/v2\/types\/post"}],"author":[{"embeddable":true,"href":"http:\/\/portalm\u0142awa.pl\/index.php?rest_route=\/wp\/v2\/users\/1"}],"replies":[{"embeddable":true,"href":"http:\/\/portalm\u0142awa.pl\/index.php?rest_route=%2Fwp%2Fv2%2Fcomments&post=2989"}],"version-history":[{"count":1,"href":"http:\/\/portalm\u0142awa.pl\/index.php?rest_route=\/wp\/v2\/posts\/2989\/revisions"}],"predecessor-version":[{"id":2991,"href":"http:\/\/portalm\u0142awa.pl\/index.php?rest_route=\/wp\/v2\/posts\/2989\/revisions\/2991"}],"wp:featuredmedia":[{"embeddable":true,"href":"http:\/\/portalm\u0142awa.pl\/index.php?rest_route=\/wp\/v2\/media\/2990"}],"wp:attachment":[{"href":"http:\/\/portalm\u0142awa.pl\/index.php?rest_route=%2Fwp%2Fv2%2Fmedia&parent=2989"}],"wp:term":[{"taxonomy":"category","embeddable":true,"href":"http:\/\/portalm\u0142awa.pl\/index.php?rest_route=%2Fwp%2Fv2%2Fcategories&post=2989"},{"taxonomy":"post_tag","embeddable":true,"href":"http:\/\/portalm\u0142awa.pl\/index.php?rest_route=%2Fwp%2Fv2%2Ftags&post=2989"}],"curies":[{"name":"wp","href":"https:\/\/api.w.org\/{rel}","templated":true}]}}