{"id":3396,"date":"2014-02-26T18:01:00","date_gmt":"2014-02-26T17:01:00","guid":{"rendered":"http:\/\/xn--portalmawa-g0b.pl\/?p=3396"},"modified":"2020-06-13T18:28:32","modified_gmt":"2020-06-13T16:28:32","slug":"starosta-wlodzimierz-wojnarowski-przekazal-w-przasnyszu-klucz-do-stolicy-kultury-mazowsza-2014","status":"publish","type":"post","link":"http:\/\/portalm\u0142awa.pl\/?p=3396","title":{"rendered":"Starosta W\u0142odzimierz Wojnarowski przekaza\u0142 w Przasnyszu klucz do Stolicy Kultury Mazowsza 2014"},"content":{"rendered":"<p style=\"text-align: justify;\"><strong><img decoding=\"async\" class=\"wp-image-3397 alignleft lazyload\" data-src=\"http:\/\/xn--portalmawa-g0b.pl\/wp-content\/uploads\/2020\/06\/starosta3-300x225.jpg\" alt=\"\" width=\"199\" height=\"149\" data-srcset=\"http:\/\/portalm\u0142awa.pl\/wp-content\/uploads\/2020\/06\/starosta3-300x225.jpg 300w, http:\/\/portalm\u0142awa.pl\/wp-content\/uploads\/2020\/06\/starosta3-500x375.jpg 500w, http:\/\/portalm\u0142awa.pl\/wp-content\/uploads\/2020\/06\/starosta3.jpg 640w\" data-sizes=\"(max-width: 199px) 100vw, 199px\" src=\"data:image\/svg+xml;base64,PHN2ZyB3aWR0aD0iMSIgaGVpZ2h0PSIxIiB4bWxucz0iaHR0cDovL3d3dy53My5vcmcvMjAwMC9zdmciPjwvc3ZnPg==\" style=\"--smush-placeholder-width: 199px; --smush-placeholder-aspect-ratio: 199\/149;\" \/>Decyzj\u0105 Samorz\u0105du Wojew\u00f3dztwa Mazowieckiego 13 edycj\u0119 konkursu Stolica Kultury Mazowsza wygra\u0142 Powiat Przasnyski. W sobot\u0119 22 lutego w Hali Sportowej Zespo\u0142u Szk\u00f3\u0142 Ponadgimnazjalnych w Przasnyszu odby\u0142a si\u0119 Uroczysta Inauguracja Projektu \u201ePowiat Przasnyski Stolica Kultury Mazowsza 2014\u201d.<\/strong><\/p>\n<p style=\"text-align: justify;\">W obecno\u015bci Marsza\u0142ka Wojew\u00f3dztwa Mazowieckiego Adama Struzika oraz zaproszonych go\u015bci, Starosta M\u0142awski W\u0142odzimierz Wojnarowski przekaza\u0142 symboliczny klucz do Stolicy Kultury Mazowsza 2014 roku na r\u0119ce Starosty Przasnyskiego Zenona Szczepankowskiego .<\/p>\n<p style=\"text-align: justify;\">Po cz\u0119\u015bci oficjalnej, zebrani go\u015bcie obejrzeli bogaty program kulturalny. Wyst\u0119py przygotowane by\u0142y przez:<\/p>\n<ol style=\"text-align: justify;\">\n<li>Ko\u0142a Taneczne Klubu O\u015brodka Radioelektrycznego reprezentuj\u0105ce miasto Przasnysz;<\/li>\n<li>M\u0142odzie\u017cowy Zesp\u00f3\u0142 Kurpiowski \u201eKalina\u201d reprezentuj\u0105cy Miastoi Gmin\u0119 Chorzele;<\/li>\n<li>Zesp\u00f3\u0142 Akrobatyczny SALTO reprezentuj\u0105cy Gmin\u0119 Jednoro\u017cec;<\/li>\n<li>Pana Nguyen Dinh Dung doktora nauk fizycznych, poet\u0119, t\u0142umacz literatury wietnamskiej na j\u0119zyk polski i polskiej na j\u0119zyk wietnamski, reprezentuj\u0105cego Gmin\u0119 Krasne;<\/li>\n<li>Uczni\u00f3w Szko\u0142y Podstawowej w Rostkowie, kt\u00f3rzy przedstawili inscenizacje o \u015aw. Stanis\u0142awie Kostka \u2013 patronie szko\u0142y;<\/li>\n<li>Weronik\u0119 Misiewicz reprezentuj\u0105c\u0105 Gmin\u0119 Krzynow\u0142oga Ma\u0142a. Weronika za\u015bpiewa\u0142a dwa utwory \u201eAlleluja\u201d oraz piosenk\u0119 Zdzis\u0142awy So\u015bnickiej \u201eAlej\u0105 Gwiazd\u201d.<\/li>\n<li>Orkiestr\u0119 D\u0119t\u0105 z Bogatego wyst\u0119puj\u0105ca z grup\u0105 ma\u017coretek, reprezentuj\u0105c\u0105 Gmin\u0119 Przasnysz.<\/li>\n<\/ol>\n<p style=\"text-align: justify;\">Uroczysto\u015b\u0107 zako\u0144czy\u0142a si\u0119 balem kostiumowym, kt\u00f3ry trwa\u0142 do p\u00f3\u017anych godzin nocnych.<\/p>\n<p style=\"text-align: justify;\">\u0179r\u00f3d\u0142o powiatmlawski.pl<\/p>\n<p style=\"text-align: justify;\"><span style=\"color: #ff0000;\"><strong>KOMENTARZE<\/strong><\/span><\/p>\n<p style=\"text-align: justify;\"><em>Wydawca portalu nie ponosi odpowiedzialno\u015bci za tre\u015b\u0107 komentarzy zamieszczanych przez u\u017cytkownik\u00f3w. Osoby zamieszczaj\u0105ce wypowiedzi naruszaj\u0105ce prawo lub prawem chronione dobra os\u00f3b trzecich mog\u0105 ponie\u015b\u0107 z tego tytu\u0142u odpowiedzialno\u015b\u0107 karn\u0105 lub cywiln\u0105.<\/em><span style=\"color: #ff0000;\"><strong><em>JEDNOCZE\u015aNIE UZYTKOWNICY ZAMIESZCZAJ\u0104C KOMENTARZ OSWIADCZAJ\u0104, \u017bE BIOR\u0104 PE\u0141N\u0104 ODPOWIEDZIALNO\u015a\u0106 ZA TRE\u015aCI UMIESZCZONE PRZEZ SIEBIE<\/em><\/strong><\/span><\/p>\n<div style=\"padding-bottom:20px; padding-top:10px;\" class=\"hupso-share-buttons\"><!-- Hupso Share Buttons - https:\/\/www.hupso.com\/share\/ --><a class=\"hupso_pop\" href=\"https:\/\/www.hupso.com\/share\/\"><img decoding=\"async\" data-src=\"http:\/\/static.hupso.com\/share\/buttons\/button100x23.png\" style=\"border:0px; width:100; height: 23; \" alt=\"Share Button\" src=\"data:image\/svg+xml;base64,PHN2ZyB3aWR0aD0iMSIgaGVpZ2h0PSIxIiB4bWxucz0iaHR0cDovL3d3dy53My5vcmcvMjAwMC9zdmciPjwvc3ZnPg==\" class=\"lazyload\" \/><\/a><script type=\"text\/javascript\">var hupso_services=new Array(\"Twitter\",\"Facebook\",\"Pinterest\",\"Linkedin\",\"Tumblr\",\"StumbleUpon\",\"Digg\",\"Reddit\",\"Bebo\",\"Delicious\",\"QZone\",\"Renren\",\"Email\");var hupso_icon_type = \"labels\";var hupso_background=\"#3BF8FF\";var hupso_border=\"#FF2B0A\";var hupso_image_folder_url = \"\";var hupso_url=\"\";var hupso_title=\"Starosta%20W%C5%82odzimierz%20Wojnarowski%20przekaza%C5%82%20w%20Przasnyszu%20klucz%20do%20Stolicy%20Kultury%20Mazowsza%202014\";<\/script><script type=\"text\/javascript\" src=\"http:\/\/static.hupso.com\/share\/js\/share.js\"><\/script><!-- Hupso Share Buttons --><\/div>","protected":false},"excerpt":{"rendered":"<p>Decyzj\u0105 Samorz\u0105du Wojew\u00f3dztwa Mazowieckiego 13 edycj\u0119 konkursu Stolica Kultury Mazowsza wygra\u0142 Powiat Przasnyski. W sobot\u0119 22 lutego w Hali Sportowej Zespo\u0142u Szk\u00f3\u0142 Ponadgimnazjalnych w Przasnyszu odby\u0142a si\u0119 Uroczysta Inauguracja Projektu&hellip; <\/p>\n<div style=\"padding-bottom:20px; padding-top:10px;\" class=\"hupso-share-buttons\"><!-- Hupso Share Buttons - https:\/\/www.hupso.com\/share\/ --><a class=\"hupso_pop\" href=\"https:\/\/www.hupso.com\/share\/\"><img data-src=\"http:\/\/static.hupso.com\/share\/buttons\/button100x23.png\" style=\"border:0px; width:100; height: 23; \" alt=\"Share Button\" src=\"data:image\/svg+xml;base64,PHN2ZyB3aWR0aD0iMSIgaGVpZ2h0PSIxIiB4bWxucz0iaHR0cDovL3d3dy53My5vcmcvMjAwMC9zdmciPjwvc3ZnPg==\" class=\"lazyload\" \/><\/a><script type=\"text\/javascript\">var hupso_services=new Array(\"Twitter\",\"Facebook\",\"Pinterest\",\"Linkedin\",\"Tumblr\",\"StumbleUpon\",\"Digg\",\"Reddit\",\"Bebo\",\"Delicious\",\"QZone\",\"Renren\",\"Email\");var hupso_icon_type = \"labels\";var hupso_background=\"#3BF8FF\";var hupso_border=\"#FF2B0A\";var hupso_image_folder_url = \"\";var hupso_url=\"\";var hupso_title=\"Starosta%20W%C5%82odzimierz%20Wojnarowski%20przekaza%C5%82%20w%20Przasnyszu%20klucz%20do%20Stolicy%20Kultury%20Mazowsza%202014\";<\/script><script type=\"text\/javascript\" src=\"http:\/\/static.hupso.com\/share\/js\/share.js\"><\/script><!-- Hupso Share Buttons --><\/div>","protected":false},"author":1,"featured_media":3397,"comment_status":"open","ping_status":"open","sticky":false,"template":"","format":"standard","meta":{"_acf_changed":false,"wprm-recipe-roundup-name":"","wprm-recipe-roundup-description":"","footnotes":""},"categories":[3],"tags":[23,934],"class_list":["post-3396","post","type-post","status-publish","format-standard","has-post-thumbnail","hentry","category-kultura","tag-mlawa","tag-stolica-kultury-mazowsza"],"acf":[],"amp_enabled":true,"_links":{"self":[{"href":"http:\/\/portalm\u0142awa.pl\/index.php?rest_route=\/wp\/v2\/posts\/3396","targetHints":{"allow":["GET"]}}],"collection":[{"href":"http:\/\/portalm\u0142awa.pl\/index.php?rest_route=\/wp\/v2\/posts"}],"about":[{"href":"http:\/\/portalm\u0142awa.pl\/index.php?rest_route=\/wp\/v2\/types\/post"}],"author":[{"embeddable":true,"href":"http:\/\/portalm\u0142awa.pl\/index.php?rest_route=\/wp\/v2\/users\/1"}],"replies":[{"embeddable":true,"href":"http:\/\/portalm\u0142awa.pl\/index.php?rest_route=%2Fwp%2Fv2%2Fcomments&post=3396"}],"version-history":[{"count":1,"href":"http:\/\/portalm\u0142awa.pl\/index.php?rest_route=\/wp\/v2\/posts\/3396\/revisions"}],"predecessor-version":[{"id":3398,"href":"http:\/\/portalm\u0142awa.pl\/index.php?rest_route=\/wp\/v2\/posts\/3396\/revisions\/3398"}],"wp:featuredmedia":[{"embeddable":true,"href":"http:\/\/portalm\u0142awa.pl\/index.php?rest_route=\/wp\/v2\/media\/3397"}],"wp:attachment":[{"href":"http:\/\/portalm\u0142awa.pl\/index.php?rest_route=%2Fwp%2Fv2%2Fmedia&parent=3396"}],"wp:term":[{"taxonomy":"category","embeddable":true,"href":"http:\/\/portalm\u0142awa.pl\/index.php?rest_route=%2Fwp%2Fv2%2Fcategories&post=3396"},{"taxonomy":"post_tag","embeddable":true,"href":"http:\/\/portalm\u0142awa.pl\/index.php?rest_route=%2Fwp%2Fv2%2Ftags&post=3396"}],"curies":[{"name":"wp","href":"https:\/\/api.w.org\/{rel}","templated":true}]}}