{"id":3402,"date":"2014-02-20T18:42:50","date_gmt":"2014-02-20T17:42:50","guid":{"rendered":"http:\/\/xn--portalmawa-g0b.pl\/?p=3402"},"modified":"2020-06-13T18:49:26","modified_gmt":"2020-06-13T16:49:26","slug":"jest-legalna-praca-za-granica-mlawski-pup-zaprasza","status":"publish","type":"post","link":"http:\/\/portalm\u0142awa.pl\/?p=3402","title":{"rendered":"Jest legalna praca za granic\u0105 m\u0142awski PUP zaprasza"},"content":{"rendered":"<p style=\"text-align: justify;\"><strong><img decoding=\"async\" class=\"wp-image-3403 alignleft lazyload\" data-src=\"http:\/\/xn--portalmawa-g0b.pl\/wp-content\/uploads\/2020\/06\/caz-300x225.jpg\" alt=\"\" width=\"193\" height=\"145\" data-srcset=\"http:\/\/portalm\u0142awa.pl\/wp-content\/uploads\/2020\/06\/caz-300x225.jpg 300w, http:\/\/portalm\u0142awa.pl\/wp-content\/uploads\/2020\/06\/caz.jpg 500w\" data-sizes=\"(max-width: 193px) 100vw, 193px\" src=\"data:image\/svg+xml;base64,PHN2ZyB3aWR0aD0iMSIgaGVpZ2h0PSIxIiB4bWxucz0iaHR0cDovL3d3dy53My5vcmcvMjAwMC9zdmciPjwvc3ZnPg==\" style=\"--smush-placeholder-width: 193px; --smush-placeholder-aspect-ratio: 193\/145;\" \/>W czwartek 13 lutego w Powiatowym Urz\u0119dzie Pracy w M\u0142awie odby\u0142o si\u0119 spotkanie z przedstawicielk\u0105 firmy KERIM, Pani\u0105 Sylwi\u0105 Ryback\u0105. Na spotkaniu zosta\u0142y przekazane informacje dotycz\u0105ce mo\u017cliwo\u015bci wyjazdu do pracy za granic\u0119. Firma organizuj\u0105ca wyjazd jest agencj\u0105 pracy tymczasowej, kt\u00f3ra rozpoczyna wsp\u00f3\u0142prac\u0119 mi\u0119dzynarodow\u0105 z pracodawcami z Francji. Uczestnikami pierwszego\u00a0 spotkania w Urz\u0119dzie Pracy w M\u0142awie by\u0142y osoby zainteresowane, kt\u00f3re deklarowa\u0142y w trakcie rozm\u00f3w z pracownikami PUP znajomo\u015b\u0107 j\u0119zyka francuskiego. Ponadto zainteresowane by\u0142y wyjazdem do pracy za granic\u0119. W zorganizowanym spotkaniu uczestniczy\u0142o 15 os\u00f3b.<\/strong><\/p>\n<p style=\"text-align: justify;\">\u00a0Pani Rybacka przedstawi\u0142a uczestnikom i informacje na temat szczeg\u00f3\u0142\u00f3w proponowanej oferty pracy we Francji, m.in.:<\/p>\n<ul style=\"text-align: justify;\">\n<li>legalne zatrudnienie na terenie Francji,<\/li>\n<li>na pocz\u0105tek umowa o prac\u0119 na 3 miesi\u0105ce z mo\u017cliwo\u015bci\u0105 przed\u0142u\u017cenia,<\/li>\n<li>wynagrodzenie brutto 1500 EUR (brutto),<\/li>\n<li>35-godzinny tydzie\u0144 pracy (mo\u017cliwo\u015b\u0107 pracy w godzinach nadliczbowych,<\/li>\n<li>bon na darmowy posi\u0142ek w wysoko\u015bci 9 EUR w dni robocze.<\/li>\n<\/ul>\n<p style=\"text-align: justify;\">Firma zapewnia pomoc\u00a0 w dope\u0142nieniu wszelkich formalno\u015bci. Pracownicy oddelegowani do Francji zatrudniani s\u0105 przez Agencj\u0119 Pracy Tymczasowej na podstawie\u00a0umowy o prac\u0119.<\/p>\n<p style=\"text-align: justify;\">\u00a0Po przeprowadzeniu analizy kart zg\u0142oszeniowych uczestnik\u00f3w spotkania (wype\u0142nionych na spotkaniu) pracownicy firmy KERIM b\u0119d\u0105 uzgadnia\u0107 mo\u017cliwo\u015bci zatrudnienia na pozyskanych stanowiskach pracy. Proponowana oferta \u00a0zatrudnieniowa b\u0119dzie dotyczy\u0142a zatrudnienia zgodnego z predyspozycjami zawodowymi i preferencjami ch\u0119tnych. Z przekazanych informacji ze strony przedstawicielki firmy na chwil\u0119 obecn\u0105 jest zapotrzebowanie na pracownik\u00f3w w bran\u017cy mi\u0119dzy innymi budowlanej, gastronomicznej, hotelarskiej i spawaczy.<\/p>\n<p style=\"text-align: justify;\">\u00a0Osoby zainteresowane ofert\u0105 wyjazdu do Francji prosimy o kontakt z po\u015brednikiem pracy w Centrum Aktywizacji Zawodowej\u00a0 ul. Wyspia\u0144skiego 7, pok\u00f3j nr 1.<\/p>\n<p style=\"text-align: justify;\">Urz\u0105d Pracy planuje zorganizowa\u0107 kolejne spotkania z przedstawicielami firmy KERIM.<\/p>\n<p style=\"text-align: justify;\">\u0179r\u00f3d\u0142o PUP M\u0142awa<\/p>\n<p style=\"text-align: justify;\"><span style=\"color: #ff0000;\"><strong>KOMENTARZE<\/strong><\/span><\/p>\n<p style=\"text-align: justify;\"><em>Wydawca portalu nie ponosi odpowiedzialno\u015bci za tre\u015b\u0107 komentarzy zamieszczanych przez u\u017cytkownik\u00f3w. Osoby zamieszczaj\u0105ce wypowiedzi naruszaj\u0105ce prawo lub prawem chronione dobra os\u00f3b trzecich mog\u0105 ponie\u015b\u0107 z tego tytu\u0142u odpowiedzialno\u015b\u0107 karn\u0105 lub cywiln\u0105.<\/em><span style=\"color: #ff0000;\"><strong><em>JEDNOCZE\u015aNIE UZYTKOWNICY ZAMIESZCZAJ\u0104C KOMENTARZ OSWIADCZAJ\u0104, \u017bE BIOR\u0104 PE\u0141N\u0104 ODPOWIEDZIALNO\u015a\u0106 ZA TRE\u015aCI UMIESZCZONE PRZEZ SIEBIE<\/em><\/strong><\/span><\/p>\n<div style=\"padding-bottom:20px; padding-top:10px;\" class=\"hupso-share-buttons\"><!-- Hupso Share Buttons - https:\/\/www.hupso.com\/share\/ --><a class=\"hupso_pop\" href=\"https:\/\/www.hupso.com\/share\/\"><img decoding=\"async\" data-src=\"http:\/\/static.hupso.com\/share\/buttons\/button100x23.png\" style=\"border:0px; width:100; height: 23; \" alt=\"Share Button\" src=\"data:image\/svg+xml;base64,PHN2ZyB3aWR0aD0iMSIgaGVpZ2h0PSIxIiB4bWxucz0iaHR0cDovL3d3dy53My5vcmcvMjAwMC9zdmciPjwvc3ZnPg==\" class=\"lazyload\" \/><\/a><script type=\"text\/javascript\">var hupso_services=new Array(\"Twitter\",\"Facebook\",\"Pinterest\",\"Linkedin\",\"Tumblr\",\"StumbleUpon\",\"Digg\",\"Reddit\",\"Bebo\",\"Delicious\",\"QZone\",\"Renren\",\"Email\");var hupso_icon_type = \"labels\";var hupso_background=\"#3BF8FF\";var hupso_border=\"#FF2B0A\";var hupso_image_folder_url = \"\";var hupso_url=\"\";var hupso_title=\"Jest%20legalna%20praca%20za%20granic%C4%85%20m%C5%82awski%20PUP%20zaprasza\";<\/script><script type=\"text\/javascript\" src=\"http:\/\/static.hupso.com\/share\/js\/share.js\"><\/script><!-- Hupso Share Buttons --><\/div>","protected":false},"excerpt":{"rendered":"<p>W czwartek 13 lutego w Powiatowym Urz\u0119dzie Pracy w M\u0142awie odby\u0142o si\u0119 spotkanie z przedstawicielk\u0105 firmy KERIM, Pani\u0105 Sylwi\u0105 Ryback\u0105. Na spotkaniu zosta\u0142y przekazane informacje dotycz\u0105ce mo\u017cliwo\u015bci wyjazdu do pracy&hellip; <\/p>\n<div style=\"padding-bottom:20px; padding-top:10px;\" class=\"hupso-share-buttons\"><!-- Hupso Share Buttons - https:\/\/www.hupso.com\/share\/ --><a class=\"hupso_pop\" href=\"https:\/\/www.hupso.com\/share\/\"><img data-src=\"http:\/\/static.hupso.com\/share\/buttons\/button100x23.png\" style=\"border:0px; width:100; height: 23; \" alt=\"Share Button\" src=\"data:image\/svg+xml;base64,PHN2ZyB3aWR0aD0iMSIgaGVpZ2h0PSIxIiB4bWxucz0iaHR0cDovL3d3dy53My5vcmcvMjAwMC9zdmciPjwvc3ZnPg==\" class=\"lazyload\" \/><\/a><script type=\"text\/javascript\">var hupso_services=new Array(\"Twitter\",\"Facebook\",\"Pinterest\",\"Linkedin\",\"Tumblr\",\"StumbleUpon\",\"Digg\",\"Reddit\",\"Bebo\",\"Delicious\",\"QZone\",\"Renren\",\"Email\");var hupso_icon_type = \"labels\";var hupso_background=\"#3BF8FF\";var hupso_border=\"#FF2B0A\";var hupso_image_folder_url = \"\";var hupso_url=\"\";var hupso_title=\"Jest%20legalna%20praca%20za%20granic%C4%85%20m%C5%82awski%20PUP%20zaprasza\";<\/script><script type=\"text\/javascript\" src=\"http:\/\/static.hupso.com\/share\/js\/share.js\"><\/script><!-- Hupso Share Buttons --><\/div>","protected":false},"author":1,"featured_media":3403,"comment_status":"open","ping_status":"open","sticky":false,"template":"","format":"standard","meta":{"_acf_changed":false,"wprm-recipe-roundup-name":"","wprm-recipe-roundup-description":"","footnotes":""},"categories":[19],"tags":[936,23,477,937],"class_list":["post-3402","post","type-post","status-publish","format-standard","has-post-thumbnail","hentry","category-aktualnosci","tag-legalna","tag-mlawa","tag-praca","tag-za-granica"],"acf":[],"amp_enabled":true,"_links":{"self":[{"href":"http:\/\/portalm\u0142awa.pl\/index.php?rest_route=\/wp\/v2\/posts\/3402","targetHints":{"allow":["GET"]}}],"collection":[{"href":"http:\/\/portalm\u0142awa.pl\/index.php?rest_route=\/wp\/v2\/posts"}],"about":[{"href":"http:\/\/portalm\u0142awa.pl\/index.php?rest_route=\/wp\/v2\/types\/post"}],"author":[{"embeddable":true,"href":"http:\/\/portalm\u0142awa.pl\/index.php?rest_route=\/wp\/v2\/users\/1"}],"replies":[{"embeddable":true,"href":"http:\/\/portalm\u0142awa.pl\/index.php?rest_route=%2Fwp%2Fv2%2Fcomments&post=3402"}],"version-history":[{"count":1,"href":"http:\/\/portalm\u0142awa.pl\/index.php?rest_route=\/wp\/v2\/posts\/3402\/revisions"}],"predecessor-version":[{"id":3404,"href":"http:\/\/portalm\u0142awa.pl\/index.php?rest_route=\/wp\/v2\/posts\/3402\/revisions\/3404"}],"wp:featuredmedia":[{"embeddable":true,"href":"http:\/\/portalm\u0142awa.pl\/index.php?rest_route=\/wp\/v2\/media\/3403"}],"wp:attachment":[{"href":"http:\/\/portalm\u0142awa.pl\/index.php?rest_route=%2Fwp%2Fv2%2Fmedia&parent=3402"}],"wp:term":[{"taxonomy":"category","embeddable":true,"href":"http:\/\/portalm\u0142awa.pl\/index.php?rest_route=%2Fwp%2Fv2%2Fcategories&post=3402"},{"taxonomy":"post_tag","embeddable":true,"href":"http:\/\/portalm\u0142awa.pl\/index.php?rest_route=%2Fwp%2Fv2%2Ftags&post=3402"}],"curies":[{"name":"wp","href":"https:\/\/api.w.org\/{rel}","templated":true}]}}