{"id":3405,"date":"2014-02-19T18:51:08","date_gmt":"2014-02-19T17:51:08","guid":{"rendered":"http:\/\/xn--portalmawa-g0b.pl\/?p=3405"},"modified":"2020-06-13T18:55:45","modified_gmt":"2020-06-13T16:55:45","slug":"z-redakcyjnej-poczty-uczcza-pamiec-zolnierzy-wykletych-z-terenu-ziemi-mlawskiej","status":"publish","type":"post","link":"http:\/\/portalm\u0142awa.pl\/?p=3405","title":{"rendered":"Z redakcyjnej poczty &#8211; Uczcz\u0105 pami\u0119\u0107 \u201e\u017bo\u0142nierzy Wykl\u0119tych\u201d z terenu ziemi m\u0142awskiej"},"content":{"rendered":"<p style=\"text-align: justify;\" align=\"JUSTIFY\"><strong><img decoding=\"async\" class=\"wp-image-3406 alignleft lazyload\" data-src=\"http:\/\/xn--portalmawa-g0b.pl\/wp-content\/uploads\/2020\/06\/tablica-212x300.jpg\" alt=\"\" width=\"169\" height=\"239\" data-srcset=\"http:\/\/portalm\u0142awa.pl\/wp-content\/uploads\/2020\/06\/tablica-212x300.jpg 212w, http:\/\/portalm\u0142awa.pl\/wp-content\/uploads\/2020\/06\/tablica-543x768.jpg 543w, http:\/\/portalm\u0142awa.pl\/wp-content\/uploads\/2020\/06\/tablica.jpg 640w\" data-sizes=\"(max-width: 169px) 100vw, 169px\" src=\"data:image\/svg+xml;base64,PHN2ZyB3aWR0aD0iMSIgaGVpZ2h0PSIxIiB4bWxucz0iaHR0cDovL3d3dy53My5vcmcvMjAwMC9zdmciPjwvc3ZnPg==\" style=\"--smush-placeholder-width: 169px; --smush-placeholder-aspect-ratio: 169\/239;\" \/>Uczcz\u0105 pami\u0119\u0107 \u201e\u017bo\u0142nierzy Wykl\u0119tych\u201d z terenu ziemi m\u0142awskiej. Instytut Pami\u0119ci Narodowej w Warszawie obj\u0105\u0142 inicjatyw\u0119 honorowym patronatem. Spo\u0142eczny Komitet Budowy Tablicy \u201e\u017bo\u0142nierzy Wykl\u0119tych\u201d, kt\u00f3ry powsta\u0142 w ubieg\u0142ym roku dokona\u0142 ju\u017c wyboru koncepcji upami\u0119tnienia \u017co\u0142nierzy podziemia niepodleg\u0142o\u015bciowego walcz\u0105cych w latach 1945 \u2013 1953 z komunistycznym re\u017cimem na terenie Ziemi M\u0142awskiej.<\/strong><\/p>\n<p style=\"text-align: justify;\" align=\"JUSTIFY\">11 grudnia 2013 roku w M\u0142awie ukonstytuowa\u0142 si\u0119 Spo\u0142eczny Komitet Budowy Tablicy \u201e\u017bo\u0142nierzy Wykl\u0119tych\u201d, kt\u00f3rego g\u0142\u00f3wnym celem jest ufundowanie miejsca pami\u0119ci narodowej, po\u015bwi\u0119conego \u017co\u0142nierzom podziemia antykomunistycznego, walcz\u0105cym o suwerenn\u0105 Polsk\u0119 na p\u00f3\u0142nocnym Mazowszu w latach 1945 \u2013 1953.<\/p>\n<p style=\"text-align: justify;\" align=\"JUSTIFY\">Przewodnicz\u0105cym Komitetu zosta\u0142 wybrany jednog\u0142o\u015bnie Micha\u0142 Nowakowski \u2013 nauczyciel historii w Zespole Szk\u00f3\u0142 Nr 4 w M\u0142awie i radny miejski. Komitet ten sk\u0142ada si\u0119 z przedstawicieli organizacji spo\u0142ecznych dzia\u0142aj\u0105cych na terenie Ziemi M\u0142awskiej. W jego sk\u0142ad wchodz\u0105:<\/p>\n<ul style=\"text-align: justify;\">\n<li>\n<p align=\"JUSTIFY\">Micha\u0142 Nowakowski \u2013 przewodnicz\u0105cy Komitetu, reprezentuj\u0105cy Ko\u0142o Przyjaci\u00f3\u0142 Radia Maryja przy parafii \u015aw. Tr\u00f3jcy w M\u0142awie<\/p>\n<\/li>\n<li>\n<p align=\"JUSTIFY\">ks kanonik S\u0142awomir Kowalski \u2013 wiceprzewodnicz\u0105cy Komitetu, proboszcz parafii \u015aw. Rodziny w M\u0142awie<\/p>\n<\/li>\n<li>\n<p align=\"JUSTIFY\">Jan Golec \u2013 skarbnik, prezes Stowarzyszenia \u201ePontyfikat Jana Paw\u0142a II\u201d<\/p>\n<\/li>\n<li>\n<p align=\"JUSTIFY\">Irena Polakowska \u2013 sekretarz, reprezentuj\u0105ca \u015awiatowy Zwi\u0105zek \u017bo\u0142nierzy Armii Krajowej, \u017bo\u0142nierzy Narodowych Si\u0142 Zbrojnych i Wi\u0119\u017ani\u00f3w Okresu Stalinowskiego, ko\u0142o w M\u0142awie<\/p>\n<\/li>\n<li>\n<p align=\"JUSTIFY\">Jerzy Rakowski \u2013 przewodnicz\u0105cy Stowarzyszenia Wsp\u00f3lnota Ziemi M\u0142awskiej<\/p>\n<\/li>\n<li>\n<p align=\"JUSTIFY\">dr Przemys\u0142aw Miecznik \u2013 prezes Towarzystwa Przyjaci\u00f3\u0142 Ziemi M\u0142awskiej<\/p>\n<\/li>\n<li>\n<p align=\"JUSTIFY\">Tadeusz Jasi\u0144ski \u2013 prezes \u015awiatowego Zwi\u0105zku \u017bo\u0142nierzy Armii Krajowej, \u017bo\u0142nierzy Narodowych Si\u0142 Zbrojnych i Wi\u0119\u017ani\u00f3w Okresu Stalinowskiego, ko\u0142o w M\u0142awie<\/p>\n<\/li>\n<li>\n<p align=\"JUSTIFY\">Miros\u0142aw Zbrzezny \u2013 przewodnicz\u0105cy m\u0142awskiego oddzia\u0142u NSZZ \u201eSolidarno\u015b\u0107\u201d<\/p>\n<\/li>\n<li>\n<p align=\"JUSTIFY\">Jan \u0141ukasik \u2013 wiceprzewodnicz\u0105cy m\u0142awskiego oddzia\u0142u NSZZ \u201eSolidarno\u015b\u0107\u201d<\/p>\n<\/li>\n<li>\n<p align=\"JUSTIFY\">Wojciech Krajewski \u2013 prezes Akcji Katolickiej przy parafii \u015aw. Jana Kantego w M\u0142awie.<\/p>\n<\/li>\n<\/ul>\n<p style=\"text-align: justify;\" align=\"JUSTIFY\">Inicjatywa M\u0142awska poza komitetem organizacyjnym sk\u0142ada si\u0119 r\u00f3wnie\u017c z komitetu honorowego \u2013 pisze Micha\u0142 Nowakowski &#8211; Jest dla mnie wielkim zaszczytem, \u017ce tak zacne osobisto\u015bci zgodzi\u0142y si\u0119 wej\u015b\u0107 w sk\u0142ad komitetu honorowego. Nale\u017cy w tym miejscu nadmieni\u0107, \u017ce oba komitety \u015bci\u015ble ze sob\u0105 wsp\u00f3\u0142pracuj\u0105. Bardzo cenny i nadaj\u0105cy przedsi\u0119wzi\u0119ciu zdecydowanie wy\u017csz\u0105 rang\u0119 jest r\u00f3wnie\u017c fakt obj\u0119cia naszej inicjatywy honorowym patronatem przez Pana dra \u0141ukasza Kami\u0144skiego Prezesa Instytutu Pami\u0119ci Narodowej \u2013 Komisji \u015acigania Zbrodni przeciwko Narodowi Polskiemu. Nie waham si\u0119 tego powiedzie\u0107, \u017ce ten fakt nadaje naszej inicjatywie charakter og\u00f3lnopolski.<\/p>\n<p style=\"text-align: justify;\" align=\"JUSTIFY\">W sk\u0142ad komitetu honorowego zgodzili si\u0119 wej\u015b\u0107:<\/p>\n<ul style=\"text-align: justify;\">\n<li>\n<p align=\"JUSTIFY\">Jan Maria Jackowski \u2013 senator RP<\/p>\n<\/li>\n<li>\n<p align=\"JUSTIFY\">Zbigniew Girzy\u0144ski \u2013 pose\u0142 na Sejm RP<\/p>\n<\/li>\n<li>\n<p align=\"JUSTIFY\">Miros\u0142aw Ko\u017alakiewicz \u2013 pose\u0142 na Sejm RP<\/p>\n<\/li>\n<li>\n<p align=\"JUSTIFY\">prof. Ryszard Juszkiewicz &#8211; senator RP I i II kadencji, pierwszy dyrektor G\u0142\u00f3wnej Komisji Badania Zbrodni przeciwko Narodowi Polskiemu<\/p>\n<\/li>\n<li>\n<p align=\"JUSTIFY\">ks dr Kazimierz Zi\u00f3\u0142kowski \u2013 dziekan dekanatu m\u0142awskiego, proboszcz parafii Matki Bo\u017cej Kr\u00f3lowej Polski w M\u0142awie<\/p>\n<\/li>\n<li>\n<p align=\"JUSTIFY\">doc. Leszek Zygner \u2013 rektor PWSZ w Ciechanowie, dyrektor Stacji Naukowej im. Stanis\u0142awa Herbsta w M\u0142awie<\/p>\n<\/li>\n<li>\n<p align=\"JUSTIFY\">dr Tomasz Sypniewski \u2013 nauczyciel akademicki Kujawsko-Pomorskiej Szko\u0142y Wy\u017cszej w Bydgoszczy<\/p>\n<\/li>\n<li>\n<p align=\"JUSTIFY\">mgr Leszek Arent \u2013 dyrektor Muzeum Ziemi Zawkrze\u0144skiej w M\u0142awie<\/p>\n<\/li>\n<\/ul>\n<p style=\"text-align: justify;\" align=\"JUSTIFY\"><strong>Inicjatywa m\u0142awska zamierza upami\u0119tni\u0107 dzia\u0142alno\u015b\u0107 \u201e\u017bo\u0142nierzy Wykl\u0119tych\u201d tablic\u0105 ze szk\u0142a z elementami graficznymi z br\u0105zu wtopionymi w szk\u0142o, umieszczon\u0105 na granitowym g\u0142azie, kt\u00f3ry zostanie posadowiony na postumencie przy ko\u015bciele Matki Bo\u017cej Fatimskiej w parafii \u015aw. Rodziny w M\u0142awie. Projekt tablicy wykona Pan Bogdan Kowalski \u2013 artysta plastyk z Bydgoszczy.<\/strong><\/p>\n<p style=\"text-align: justify;\" align=\"JUSTIFY\">W tym miejscu warto przypomnie\u0107, \u017ce ruch oporu na Ziemi M\u0142awskiej powsta\u0142 bardzo wcze\u015bnie i trwa\u0142 a\u017c do 1953 roku. Pierwsz\u0105 akcj\u0105 podziemia niepodleg\u0142o\u015bciowego by\u0142o odbicie w dniu 3 czerwca 1945 roku oko\u0142o 40 wi\u0119\u017ani\u00f3w z wi\u0119zienia PUBP w M\u0142awie. Dokona\u0142a tego zbrojna grupa pod dow\u00f3dztwem Zacheusza Nowowiejskiego pseudonim \u201eJe\u017c\u201d. Na terenie powiatu m\u0142awskiego w latach 1945 \u2013 1947 dzia\u0142a\u0142y skutecznie, dokonuj\u0105c kilkudziesi\u0119ciu zbrojnych akcji, oddzia\u0142y wchodz\u0105ce w sklad III Pomorskiego batalionu \u201eZnicz\u201d dowodzonego przez Zacheusza Nowowiejskiego oraz oddzia\u0142y partyzanckie nale\u017c\u0105ce do Narodowego Zjednoczenia Wojskowego. Do 5 lipca 1953 roku dzia\u0142a\u0142a na terenie powiatu m\u0142awskiego grupa zbrojna W\u0142adys\u0142awa Grabowskiego ps. \u201ePuszczyk\u201d. Antykomunistyczne podziemie niepodleg\u0142o\u015bciowe przesta\u0142o istnie\u0107 w 1953 roku, kiedy to 5 lipca w miejscowo\u015bci Niedzia\u0142ki gm. Lipowiec Ko\u015bcielny w powiecie m\u0142awskim zosta\u0142o zamordowanych 7 os\u00f3b nale\u017c\u0105cych do grupy \u201ePuszczyka\u201d. W akcji likwidacyjnej wzi\u0119\u0142o udzia\u0142 1300 \u017co\u0142nierzy KBW, UB i funkcjonariuszy MO. W tym miejscu znajduje si\u0119 obelisk po\u015bwi\u0119cony ostatnim \u017co\u0142nierzom podziemia walcz\u0105cym z komunistyczn\u0105 w\u0142adz\u0105.<\/p>\n<p style=\"text-align: justify;\" align=\"JUSTIFY\">Dzia\u0142alno\u015b\u0107 grup oddzia\u0142\u00f3w antykomunistycznego podziemia na Ziemi M\u0142awskiej zas\u0142uguje ze wszech miar na upami\u0119tnienie, tym bardziej, \u017ce odchodz\u0105 od nas ostatni \u015bwiadkowie tych trudnych wydarze\u0144.<\/p>\n<p style=\"text-align: justify;\"><span style=\"color: #ff0000;\"><strong>KOMENTARZE<\/strong><\/span><\/p>\n<p style=\"text-align: justify;\"><em>Wydawca portalu nie ponosi odpowiedzialno\u015bci za tre\u015b\u0107 komentarzy zamieszczanych przez u\u017cytkownik\u00f3w. Osoby zamieszczaj\u0105ce wypowiedzi naruszaj\u0105ce prawo lub prawem chronione dobra os\u00f3b trzecich mog\u0105 ponie\u015b\u0107 z tego tytu\u0142u odpowiedzialno\u015b\u0107 karn\u0105 lub cywiln\u0105.<\/em><span style=\"color: #ff0000;\"><strong><em>JEDNOCZE\u015aNIE UZYTKOWNICY ZAMIESZCZAJ\u0104C KOMENTARZ OSWIADCZAJ\u0104, \u017bE BIOR\u0104 PE\u0141N\u0104 ODPOWIEDZIALNO\u015a\u0106 ZA TRE\u015aCI UMIESZCZONE PRZEZ SIEBIE<\/em><\/strong><\/span><\/p>\n<div style=\"padding-bottom:20px; padding-top:10px;\" class=\"hupso-share-buttons\"><!-- Hupso Share Buttons - https:\/\/www.hupso.com\/share\/ --><a class=\"hupso_pop\" href=\"https:\/\/www.hupso.com\/share\/\"><img decoding=\"async\" data-src=\"http:\/\/static.hupso.com\/share\/buttons\/button100x23.png\" style=\"border:0px; width:100; height: 23; \" alt=\"Share Button\" src=\"data:image\/svg+xml;base64,PHN2ZyB3aWR0aD0iMSIgaGVpZ2h0PSIxIiB4bWxucz0iaHR0cDovL3d3dy53My5vcmcvMjAwMC9zdmciPjwvc3ZnPg==\" class=\"lazyload\" \/><\/a><script type=\"text\/javascript\">var hupso_services=new Array(\"Twitter\",\"Facebook\",\"Pinterest\",\"Linkedin\",\"Tumblr\",\"StumbleUpon\",\"Digg\",\"Reddit\",\"Bebo\",\"Delicious\",\"QZone\",\"Renren\",\"Email\");var hupso_icon_type = \"labels\";var hupso_background=\"#3BF8FF\";var hupso_border=\"#FF2B0A\";var hupso_image_folder_url = \"\";var hupso_url=\"\";var hupso_title=\"Z%20redakcyjnej%20poczty%20-%20Uczcz%C4%85%20pami%C4%99%C4%87%20%E2%80%9E%C5%BBo%C5%82nierzy%20Wykl%C4%99tych%E2%80%9D%20z%20terenu%20ziemi%20m%C5%82awskiej\";<\/script><script type=\"text\/javascript\" src=\"http:\/\/static.hupso.com\/share\/js\/share.js\"><\/script><!-- Hupso Share Buttons --><\/div>","protected":false},"excerpt":{"rendered":"<p>Uczcz\u0105 pami\u0119\u0107 \u201e\u017bo\u0142nierzy Wykl\u0119tych\u201d z terenu ziemi m\u0142awskiej. Instytut Pami\u0119ci Narodowej w Warszawie obj\u0105\u0142 inicjatyw\u0119 honorowym patronatem. Spo\u0142eczny Komitet Budowy Tablicy \u201e\u017bo\u0142nierzy Wykl\u0119tych\u201d, kt\u00f3ry powsta\u0142 w ubieg\u0142ym roku dokona\u0142 ju\u017c&hellip; <\/p>\n<div style=\"padding-bottom:20px; padding-top:10px;\" class=\"hupso-share-buttons\"><!-- Hupso Share Buttons - https:\/\/www.hupso.com\/share\/ --><a class=\"hupso_pop\" href=\"https:\/\/www.hupso.com\/share\/\"><img data-src=\"http:\/\/static.hupso.com\/share\/buttons\/button100x23.png\" style=\"border:0px; width:100; height: 23; \" alt=\"Share Button\" src=\"data:image\/svg+xml;base64,PHN2ZyB3aWR0aD0iMSIgaGVpZ2h0PSIxIiB4bWxucz0iaHR0cDovL3d3dy53My5vcmcvMjAwMC9zdmciPjwvc3ZnPg==\" class=\"lazyload\" \/><\/a><script type=\"text\/javascript\">var hupso_services=new Array(\"Twitter\",\"Facebook\",\"Pinterest\",\"Linkedin\",\"Tumblr\",\"StumbleUpon\",\"Digg\",\"Reddit\",\"Bebo\",\"Delicious\",\"QZone\",\"Renren\",\"Email\");var hupso_icon_type = \"labels\";var hupso_background=\"#3BF8FF\";var hupso_border=\"#FF2B0A\";var hupso_image_folder_url = \"\";var hupso_url=\"\";var hupso_title=\"Z%20redakcyjnej%20poczty%20-%20Uczcz%C4%85%20pami%C4%99%C4%87%20%E2%80%9E%C5%BBo%C5%82nierzy%20Wykl%C4%99tych%E2%80%9D%20z%20terenu%20ziemi%20m%C5%82awskiej\";<\/script><script type=\"text\/javascript\" src=\"http:\/\/static.hupso.com\/share\/js\/share.js\"><\/script><!-- Hupso Share Buttons --><\/div>","protected":false},"author":1,"featured_media":3406,"comment_status":"open","ping_status":"open","sticky":false,"template":"","format":"standard","meta":{"_acf_changed":false,"wprm-recipe-roundup-name":"","wprm-recipe-roundup-description":"","footnotes":""},"categories":[3],"tags":[939,23,938,638],"class_list":["post-3405","post","type-post","status-publish","format-standard","has-post-thumbnail","hentry","category-kultura","tag-ipn","tag-mlawa","tag-tablica","tag-zolnierze-wykleci"],"acf":[],"amp_enabled":true,"_links":{"self":[{"href":"http:\/\/portalm\u0142awa.pl\/index.php?rest_route=\/wp\/v2\/posts\/3405","targetHints":{"allow":["GET"]}}],"collection":[{"href":"http:\/\/portalm\u0142awa.pl\/index.php?rest_route=\/wp\/v2\/posts"}],"about":[{"href":"http:\/\/portalm\u0142awa.pl\/index.php?rest_route=\/wp\/v2\/types\/post"}],"author":[{"embeddable":true,"href":"http:\/\/portalm\u0142awa.pl\/index.php?rest_route=\/wp\/v2\/users\/1"}],"replies":[{"embeddable":true,"href":"http:\/\/portalm\u0142awa.pl\/index.php?rest_route=%2Fwp%2Fv2%2Fcomments&post=3405"}],"version-history":[{"count":1,"href":"http:\/\/portalm\u0142awa.pl\/index.php?rest_route=\/wp\/v2\/posts\/3405\/revisions"}],"predecessor-version":[{"id":3407,"href":"http:\/\/portalm\u0142awa.pl\/index.php?rest_route=\/wp\/v2\/posts\/3405\/revisions\/3407"}],"wp:featuredmedia":[{"embeddable":true,"href":"http:\/\/portalm\u0142awa.pl\/index.php?rest_route=\/wp\/v2\/media\/3406"}],"wp:attachment":[{"href":"http:\/\/portalm\u0142awa.pl\/index.php?rest_route=%2Fwp%2Fv2%2Fmedia&parent=3405"}],"wp:term":[{"taxonomy":"category","embeddable":true,"href":"http:\/\/portalm\u0142awa.pl\/index.php?rest_route=%2Fwp%2Fv2%2Fcategories&post=3405"},{"taxonomy":"post_tag","embeddable":true,"href":"http:\/\/portalm\u0142awa.pl\/index.php?rest_route=%2Fwp%2Fv2%2Ftags&post=3405"}],"curies":[{"name":"wp","href":"https:\/\/api.w.org\/{rel}","templated":true}]}}