{"id":3446,"date":"2014-02-03T10:17:12","date_gmt":"2014-02-03T09:17:12","guid":{"rendered":"http:\/\/xn--portalmawa-g0b.pl\/?p=3446"},"modified":"2020-06-14T10:23:19","modified_gmt":"2020-06-14T08:23:19","slug":"o-co-chodzi-z-odnawialnymi-zrodlami-energii-czyli-ratusz-zorganizowal-spotkanie","status":"publish","type":"post","link":"http:\/\/portalm\u0142awa.pl\/?p=3446","title":{"rendered":"O co chodzi z odnawialnymi \u017ar\u00f3d\u0142ami energii? Czyli ratusz zorganizowa\u0142 spotkanie"},"content":{"rendered":"<p style=\"text-align: justify;\"><strong><img decoding=\"async\" class=\"wp-image-3447 alignleft lazyload\" data-src=\"http:\/\/xn--portalmawa-g0b.pl\/wp-content\/uploads\/2020\/06\/odnawialne-300x181.jpg\" alt=\"\" width=\"196\" height=\"118\" data-srcset=\"http:\/\/portalm\u0142awa.pl\/wp-content\/uploads\/2020\/06\/odnawialne-300x181.jpg 300w, http:\/\/portalm\u0142awa.pl\/wp-content\/uploads\/2020\/06\/odnawialne.jpg 640w\" data-sizes=\"(max-width: 196px) 100vw, 196px\" src=\"data:image\/svg+xml;base64,PHN2ZyB3aWR0aD0iMSIgaGVpZ2h0PSIxIiB4bWxucz0iaHR0cDovL3d3dy53My5vcmcvMjAwMC9zdmciPjwvc3ZnPg==\" style=\"--smush-placeholder-width: 196px; --smush-placeholder-aspect-ratio: 196\/118;\" \/>W \u015brod\u0119 29 stycznia w Auli Pa\u0144stwowej Wy\u017cszej Szko\u0142y Zawodowej w M\u0142awie odby\u0142o si\u0119 spotkanie w sprawie odnawialnych \u017ar\u00f3de\u0142 energii. Jak twierdzi\u0142 naczelnik inwestycji Urz\u0119du Miasta Krzysztof Jaros celem tego otwartego spotkania by\u0142o zaszczepienie idei odnawialnych \u017ar\u00f3de\u0142 energii w M\u0142awie. Pytanie tylko w jakim kr\u0119gu os\u00f3b te idee ratusz zamierza zaszczepi\u0107?. W\u015br\u00f3d mieszka\u0144c\u00f3w, czy urz\u0119dnik\u00f3w?<\/strong><\/p>\n<p style=\"text-align: justify;\">Pora by\u0142a taka, bo godzina 13.00, \u017ce tych pierwszych na sali mo\u017cna by\u0142o policzy\u0107 w\u0142a\u015bciwie na palcach jednej r\u0119ki. Tych drugich by\u0142o nieco wi\u0119cej. Byli to ludzie pracuj\u0105cy g\u0142\u00f3wnie w jednostkach podleg\u0142ych burmistrzowi oraz z jednostek samorz\u0105dowych miasta, powiatu i gmin o\u015bciennych. Czyli nale\u017cy powt\u00f3rzy\u0107 dla kogo i po co by\u0142o to spotkanie? A oto jak wyja\u015bnia\u0142 cel spotkania wspomniany ju\u017c naczelnik Krzysztof Jaros<\/p>\n<p style=\"text-align: justify;\">&#8211; Zale\u017cy nam bardzo, aby zaszczepi\u0107 w M\u0142awie ide\u0119 odnawialnych \u017ar\u00f3de\u0142 energii. Widzimy w tym spory sens. S\u0105 okazje przede wszystkim zaoszcz\u0119dzenia emisji dwutlenku w\u0119gla. Innych zanieczyszcze\u0144. Mamy w M\u0142awie problem z py\u0142ami P10, P2. Mamy przekroczenia. Dzia\u0142amy te\u017c w kwestii opracowania projektu niskiej emisji dla M\u0142awy (&#8230;). Natomiast odnawialne \u017ar\u00f3d\u0142a energii to wielka szansa dla M\u0142awy, dla Polski &#8211; m\u00f3wi\u0142 Jaros.<\/p>\n<p style=\"text-align: justify;\">Ciekawsza by\u0142a jednak sytuacja, kt\u00f3ra mia\u0142a miejsce na samym pocz\u0105tku. Mo\u017cna powiedzie\u0107 wskazuje na umiej\u0119tno\u015bci, czy raczej wiedz\u0119 o mo\u017cliwo\u015bciach pozyskiwania \u015brodk\u00f3w w\u015br\u00f3d m\u0142awskich w\u0142adz miasta.<\/p>\n<p style=\"text-align: justify;\">Witaj\u0105c przyby\u0142ych z-ca burmistrza Janina Budzichowska podkre\u015bli\u0142a, \u017ce prelegenci zgodzili si\u0119 przedstawi\u0107 zagadnienia odnawialnych \u017ar\u00f3de\u0142 energii za darmo. Dlatego przyby\u0142ych burmistrz m\u00f3g\u0142 zaprosi\u0107 za darmo na zapoznanie si\u0119 z t\u0105 tematyk\u0105. W chwil\u0119 potem pierwszy z prelegent\u00f3w mo\u017cna powiedzie\u0107 wytkn\u0105\u0142 organizatorom, \u017ce na takie spotkania, jak to, w kt\u00f3re w\u0142a\u015bnie si\u0119 odbywa w M\u0142awie Urz\u0105d Miasta m\u00f3g\u0142 pozyska\u0107 \u015brodki finansowe.<\/p>\n<p style=\"text-align: justify;\">A tematyka by\u0142a ciekawa, gdy\u017c mo\u017cna by\u0142o si\u0119 dowiedzie\u0107 o kosztach i \u017ar\u00f3d\u0142ach finansowania odnawialnych \u017ar\u00f3de\u0142 energii. Nie zabrak\u0142o informacji te\u017c na temat po jakim czasie zwraca si\u0119 taka inwestycja. W ko\u0144cu przybyli mogli te\u017c us\u0142ysze\u0107 o mo\u017cliwo\u015bciach zastosowa\u0144 i korzy\u015bciach p\u0142yn\u0105cych ze stosowania tych \u017ar\u00f3de\u0142 energii. A wszystkie co dzia\u0142o si\u0119 na tym spotkaniu wraz ze wspomnianymi informacjami mo\u017cna zobaczy\u0107 w poni\u017cszym filmie, gdy\u017c nakr\u0119cili\u015bmy ca\u0142o\u015b\u0107.<\/p>\n<div class=\"avPlayerWrapper avVideo\" style=\"text-align: justify;\">\n<div class=\"avPlayerContainer\">\n<div id=\"AVPlayerID_1af3d64d_496090562\" class=\"avPlayerBlock\"><iframe title=\"JoomlaWorks AllVideos Player\" data-src=\"http:\/\/www.youtube.com\/embed\/8kYhGyYwUeM?rel=0&amp;fs=1&amp;wmode=transparent\" width=\"400\" height=\"300\" frameborder=\"0\" allowfullscreen=\"allowfullscreen\" data-mce-fragment=\"1\" src=\"data:image\/svg+xml;base64,PHN2ZyB3aWR0aD0iMSIgaGVpZ2h0PSIxIiB4bWxucz0iaHR0cDovL3d3dy53My5vcmcvMjAwMC9zdmciPjwvc3ZnPg==\" class=\"lazyload\" data-load-mode=\"1\"><\/iframe><\/div>\n<\/div>\n<\/div>\n<p style=\"text-align: justify;\"><span style=\"color: #ff0000;\"><strong>KOMENTARZE<\/strong><\/span><\/p>\n<p style=\"text-align: justify;\"><i>Wydawca portalu nie ponosi odpowiedzialno\u015bci za tre\u015b\u0107 komentarzy zamieszczanych przez u\u017cytkownik\u00f3w. Osoby zamieszczaj\u0105ce wypowiedzi naruszaj\u0105ce prawo lub prawem chronione dobra os\u00f3b trzecich mog\u0105 ponie\u015b\u0107 z tego tytu\u0142u odpowiedzialno\u015b\u0107 karn\u0105 lub cywiln\u0105.<\/i><span style=\"color: #993300;\"><strong><i>JEDNOCZE\u015aNIE UZYTKOWNICY ZAMIESZCZAJ\u0104C KOMENTARZ OSWIADCZAJ\u0104, \u017bE BIOR\u0104 PE\u0141N\u0104 ODPOWIEDZIALNO\u015a\u0106 ZA TRE\u015aCI UMIESZCZONE PRZEZ SIEBIE<\/i><\/strong><\/span><\/p>\n<div style=\"padding-bottom:20px; padding-top:10px;\" class=\"hupso-share-buttons\"><!-- Hupso Share Buttons - https:\/\/www.hupso.com\/share\/ --><a class=\"hupso_pop\" href=\"https:\/\/www.hupso.com\/share\/\"><img decoding=\"async\" data-src=\"http:\/\/static.hupso.com\/share\/buttons\/button100x23.png\" style=\"border:0px; width:100; height: 23; \" alt=\"Share Button\" src=\"data:image\/svg+xml;base64,PHN2ZyB3aWR0aD0iMSIgaGVpZ2h0PSIxIiB4bWxucz0iaHR0cDovL3d3dy53My5vcmcvMjAwMC9zdmciPjwvc3ZnPg==\" class=\"lazyload\" \/><\/a><script type=\"text\/javascript\">var hupso_services=new Array(\"Twitter\",\"Facebook\",\"Pinterest\",\"Linkedin\",\"Tumblr\",\"StumbleUpon\",\"Digg\",\"Reddit\",\"Bebo\",\"Delicious\",\"QZone\",\"Renren\",\"Email\");var hupso_icon_type = \"labels\";var hupso_background=\"#3BF8FF\";var hupso_border=\"#FF2B0A\";var hupso_image_folder_url = \"\";var hupso_url=\"\";var hupso_title=\"O%20co%20chodzi%20z%20odnawialnymi%20%C5%BAr%C3%B3d%C5%82ami%20energii%3F%20Czyli%20ratusz%20zorganizowa%C5%82%20spotkanie\";<\/script><script type=\"text\/javascript\" src=\"http:\/\/static.hupso.com\/share\/js\/share.js\"><\/script><!-- Hupso Share Buttons --><\/div>","protected":false},"excerpt":{"rendered":"<p>W \u015brod\u0119 29 stycznia w Auli Pa\u0144stwowej Wy\u017cszej Szko\u0142y Zawodowej w M\u0142awie odby\u0142o si\u0119 spotkanie w sprawie odnawialnych \u017ar\u00f3de\u0142 energii. Jak twierdzi\u0142 naczelnik inwestycji Urz\u0119du Miasta Krzysztof Jaros celem tego&hellip; <\/p>\n<div style=\"padding-bottom:20px; padding-top:10px;\" class=\"hupso-share-buttons\"><!-- Hupso Share Buttons - https:\/\/www.hupso.com\/share\/ --><a class=\"hupso_pop\" href=\"https:\/\/www.hupso.com\/share\/\"><img data-src=\"http:\/\/static.hupso.com\/share\/buttons\/button100x23.png\" style=\"border:0px; width:100; height: 23; \" alt=\"Share Button\" src=\"data:image\/svg+xml;base64,PHN2ZyB3aWR0aD0iMSIgaGVpZ2h0PSIxIiB4bWxucz0iaHR0cDovL3d3dy53My5vcmcvMjAwMC9zdmciPjwvc3ZnPg==\" class=\"lazyload\" \/><\/a><script type=\"text\/javascript\">var hupso_services=new Array(\"Twitter\",\"Facebook\",\"Pinterest\",\"Linkedin\",\"Tumblr\",\"StumbleUpon\",\"Digg\",\"Reddit\",\"Bebo\",\"Delicious\",\"QZone\",\"Renren\",\"Email\");var hupso_icon_type = \"labels\";var hupso_background=\"#3BF8FF\";var hupso_border=\"#FF2B0A\";var hupso_image_folder_url = \"\";var hupso_url=\"\";var hupso_title=\"O%20co%20chodzi%20z%20odnawialnymi%20%C5%BAr%C3%B3d%C5%82ami%20energii%3F%20Czyli%20ratusz%20zorganizowa%C5%82%20spotkanie\";<\/script><script type=\"text\/javascript\" src=\"http:\/\/static.hupso.com\/share\/js\/share.js\"><\/script><!-- Hupso Share Buttons --><\/div>","protected":false},"author":1,"featured_media":3447,"comment_status":"open","ping_status":"open","sticky":false,"template":"","format":"standard","meta":{"_acf_changed":false,"wprm-recipe-roundup-name":"","wprm-recipe-roundup-description":"","footnotes":""},"categories":[19],"tags":[23,948,949,950],"class_list":["post-3446","post","type-post","status-publish","format-standard","has-post-thumbnail","hentry","category-aktualnosci","tag-mlawa","tag-odnawialne-zrodla-energii","tag-spotkanie","tag-urzad-miasta-mlawa"],"acf":[],"amp_enabled":true,"_links":{"self":[{"href":"http:\/\/portalm\u0142awa.pl\/index.php?rest_route=\/wp\/v2\/posts\/3446","targetHints":{"allow":["GET"]}}],"collection":[{"href":"http:\/\/portalm\u0142awa.pl\/index.php?rest_route=\/wp\/v2\/posts"}],"about":[{"href":"http:\/\/portalm\u0142awa.pl\/index.php?rest_route=\/wp\/v2\/types\/post"}],"author":[{"embeddable":true,"href":"http:\/\/portalm\u0142awa.pl\/index.php?rest_route=\/wp\/v2\/users\/1"}],"replies":[{"embeddable":true,"href":"http:\/\/portalm\u0142awa.pl\/index.php?rest_route=%2Fwp%2Fv2%2Fcomments&post=3446"}],"version-history":[{"count":1,"href":"http:\/\/portalm\u0142awa.pl\/index.php?rest_route=\/wp\/v2\/posts\/3446\/revisions"}],"predecessor-version":[{"id":3448,"href":"http:\/\/portalm\u0142awa.pl\/index.php?rest_route=\/wp\/v2\/posts\/3446\/revisions\/3448"}],"wp:featuredmedia":[{"embeddable":true,"href":"http:\/\/portalm\u0142awa.pl\/index.php?rest_route=\/wp\/v2\/media\/3447"}],"wp:attachment":[{"href":"http:\/\/portalm\u0142awa.pl\/index.php?rest_route=%2Fwp%2Fv2%2Fmedia&parent=3446"}],"wp:term":[{"taxonomy":"category","embeddable":true,"href":"http:\/\/portalm\u0142awa.pl\/index.php?rest_route=%2Fwp%2Fv2%2Fcategories&post=3446"},{"taxonomy":"post_tag","embeddable":true,"href":"http:\/\/portalm\u0142awa.pl\/index.php?rest_route=%2Fwp%2Fv2%2Ftags&post=3446"}],"curies":[{"name":"wp","href":"https:\/\/api.w.org\/{rel}","templated":true}]}}