{"id":3476,"date":"2014-01-27T17:41:09","date_gmt":"2014-01-27T16:41:09","guid":{"rendered":"http:\/\/xn--portalmawa-g0b.pl\/?p=3476"},"modified":"2020-06-14T18:07:15","modified_gmt":"2020-06-14T16:07:15","slug":"czyzby-radni-koalicji-rzadzacej-chcieli-zablokowac-skarge-na-burmistrza-tomasza-chodubskiego","status":"publish","type":"post","link":"http:\/\/portalm\u0142awa.pl\/?p=3476","title":{"rendered":"Czy\u017cby radni koalicji rz\u0105dz\u0105cej chcieli zablokowa\u0107 skarg\u0119 Tomasza Chodubskiego na burmistrza ?"},"content":{"rendered":"<p style=\"text-align: justify;\"><strong><img decoding=\"async\" class=\"wp-image-2035 alignleft lazyload\" data-src=\"http:\/\/xn--portalmawa-g0b.pl\/wp-content\/uploads\/2020\/05\/krajewski-sesja-300x225.jpg\" alt=\"\" width=\"185\" height=\"139\" data-srcset=\"http:\/\/portalm\u0142awa.pl\/wp-content\/uploads\/2020\/05\/krajewski-sesja-300x225.jpg 300w, http:\/\/portalm\u0142awa.pl\/wp-content\/uploads\/2020\/05\/krajewski-sesja-768x576.jpg 768w, http:\/\/portalm\u0142awa.pl\/wp-content\/uploads\/2020\/05\/krajewski-sesja.jpg 800w\" data-sizes=\"(max-width: 185px) 100vw, 185px\" src=\"data:image\/svg+xml;base64,PHN2ZyB3aWR0aD0iMSIgaGVpZ2h0PSIxIiB4bWxucz0iaHR0cDovL3d3dy53My5vcmcvMjAwMC9zdmciPjwvc3ZnPg==\" style=\"--smush-placeholder-width: 185px; --smush-placeholder-aspect-ratio: 185\/139;\" \/>Tomasz Chodubski z\u0142o\u017cy\u0142 8 stycznia skarg\u0119 do Rady Miasta na burmistrza, \u017ce ten nie poinformowa\u0142 spo\u0142ecze\u0144stwa o planach budowy elektrociep\u0142owni w odpowiednim czasie. Popar\u0142 swe pismo mo\u017cna powiedzie\u0107 mocnymi dowodami. Za\u0142\u0105czy\u0142 m.in. list z USKOM-u do burmistrza miasta z sierpnia 2013 roku, w kt\u00f3rym to inwestor informowa\u0142 o planach jej budowy. A wi\u0119c szef miasta mo\u017cna powiedzie\u0107 wiedzia\u0142 o tej inwestycji nie jak twierdzi\u0142 w pa\u017adzierniku, w momencie z\u0142o\u017cenia przez USKOM wniosku tylko wcze\u015bniej. Co si\u0119 jednak okazuje? A to, \u017ce radni poprzez g\u0142osowanie maj\u0105 zdecydowa\u0107 na jutrzejszej sesji (28 stycznia), czy wspomniana skarga b\u0119dzie rozpatrzona, czy nie. A kto ma wi\u0119kszo\u015b\u0107? Radni koalicji rz\u0105dz\u0105cej. To oni tak faktycznie zdecyduj\u0105, czy skarga b\u0119dzie rozpatrywana? Czy\u017cby w\u0142a\u015bnie chodzi\u0142o, aby nie dopu\u015bci\u0107 do jej rozpatrzenia, bo mo\u017ce si\u0119 okaza\u0107, \u017ce trzeba b\u0119dzie wyci\u0105gn\u0105\u0107 wobec burmistrza konsekwencje za zaistnia\u0142\u0105 sytuacj\u0119?<\/strong><\/p>\n<p style=\"text-align: justify;\">Sk\u0142adaj\u0105c skarg\u0119 do Rady Miasta na nienale\u017cyte dzia\u0142anie i naruszenie s\u0142usznych interes\u00f3w mieszka\u0144c\u00f3w M\u0142awy przez burmistrza S\u0142awomira Kowalewskiego mia\u0142em \u015bwiadomo\u015b\u0107 tego, \u017ce mo\u017ce ona r\u00f3wnie\u017c wywiera\u0107 presj\u0119 zniech\u0119caj\u0105c do wspierania plan\u00f3w budowy elektrociep\u0142owni spalaj\u0105cej odpady. Jednak g\u0142\u00f3wnym motywem jej podj\u0119cia jest przekonanie, \u017ce powinno si\u0119 rozlicza\u0107 osoby mo\u017cna powiedzie\u0107 nierzetelnie sprawuj\u0105ce tak wa\u017cne funkcje, jak funkcja Burmistrza Miasta M\u0142awa. Obecna rezygnacja USKOM-u z plan\u00f3w budowy spalarni odpad\u00f3w nie cofn\u0119\u0142a ubieg\u0142orocznych, mo\u017cna powiedzie\u0107 nienale\u017cytych dzia\u0142a\u0144 Burmistrza.- komentujeTomasz Chodubski przewodnicz\u0105cy Osiedla Ko\u015bciuszki. Przekonany jestem, \u017ce w\u0142a\u015bciwe rozpatrzenie skargi jest te\u017c szczeg\u00f3lnie wa\u017cne dla autorytetu m\u0142awskiej Rady Miasta, dla przypomnienia, \u017ce gmin\u0119 Miasto M\u0142awa tworz\u0105 jej mieszka\u0144cy. Skarga ma podkre\u015bli\u0107 zasad\u0119, \u017ce samorz\u0105d to nie samorz\u0105dzenie, \u017ce Burmistrz Miasta mo\u017ce dzia\u0142a\u0107, ale z upowa\u017cnienia Rady Miasta, systematycznie informuj\u0105c o swojej aktywno\u015bci, kt\u00f3ra ma s\u0142u\u017cy\u0107 dobru i pomy\u015blno\u015bci og\u00f3\u0142u mieszka\u0144c\u00f3w M\u0142awy.<\/p>\n<p style=\"text-align: justify;\">O skardze z za\u0142\u0105cznikami pisali\u015bmy <a href=\"http:\/\/portalm\u0142awa.pl\/?p=1355\">tutaj<\/a> (tam s\u0105 wspomniane za\u0142\u0105czniki). Natomiast tym, co dzieje si\u0119 z ni\u0105 zainteresowa\u0142 si\u0119 na komisji bud\u017cetu 24 stycznia radny Micha\u0142 Nowakowski.<\/p>\n<p style=\"text-align: justify;\">&#8211; Otrzyma\u0142em w materia\u0142ach na sesj\u0119 skarg\u0119 pana Tomasza Chodubskiego, a nie ma tego w porz\u0105dku obrad sesji &#8211; pyta\u0142 Nowakowski<\/p>\n<p style=\"text-align: justify;\">Przewodnicz\u0105cy Rady Miasta Krzysztof Wasi\u0142owski wyja\u015bni\u0142, \u017ce zasi\u0119ga\u0142 opinii radcy prawnego, bo my\u015bla\u0142, \u017ce skseruje skarg\u0119 i przeka\u017ce komisji rewizyjnej<\/p>\n<p style=\"text-align: justify;\">-Zgodnie ze statutem takiego prawa nie mam, wi\u0119c po prostu poinformuj\u0119 radnych na sesji i skarga zostanie skierowana do komisji rewizyjnej &#8211; m\u00f3wi\u0142 Wasi\u0142owski<\/p>\n<p style=\"text-align: justify;\">Radny Wojciech Krajewski jednak dopyta\u0142, czy Rada b\u0119dzie g\u0142osowa\u0107<\/p>\n<p style=\"text-align: justify;\">&#8211; Wracamy do precyzyjnych zapis\u00f3w. Gdyby by\u0142 taki zapis w statucie, \u017ce skarga wp\u0142ywa i przewodnicz\u0105cy kieruje do komisji to nie by\u0142oby dyskusji. A nie ma takiego zapisu to przewodnicz\u0105cy takich uprawnie\u0144 nie ma. Organizuje prac\u0119 Rady, ustala porz\u0105dek itd., ale co ze skarg\u0105 zrobi\u0107 nie zapisali\u015bmy tego. A jak nie ma zapisu to musi Rada decydowa\u0107. &#8211; t\u0142umaczy\u0142 skarbnik Henryk Antczak<\/p>\n<p style=\"text-align: justify;\">Dlaczego tak nagle ratusz wraca do precyzyjnych zapis\u00f3w? W sprawie uchwa\u0142y radnego Nowakowskiego niedopuszczonej, w grudniu 2013, przez przewodnicz\u0105cego Rady Miasta pod obrady sesji, chyba tej precyzji nie by\u0142o ( o tym pisali\u015bmy <a href=\"http:\/\/portalm\u0142awa.pl\/?p=3480\">tutaj<\/a> )? Czy\u017cby radni koalicji rz\u0105dz\u0105cej chcieli zablokowa\u0107 skarg\u0119 na burmistrza z\u0142o\u017con\u0105 przez Tomasza Chodubskiego?<\/p>\n<p style=\"text-align: justify;\"><strong>Rada zdecyduje, czy rozpatrze\u0107 skarg\u0119<\/strong><\/p>\n<p style=\"text-align: justify;\">Sama odpowied\u017a skarbnika zainteresowa\u0142a radnego Artura D\u0119bskiego, kt\u00f3ry dopyta\u0142<\/p>\n<p style=\"text-align: justify;\">&#8211; A wi\u0119c rada mo\u017ce skierowa\u0107 skarg\u0119 na komisj\u0119 rewizyjn\u0105, ale rada mo\u017ce tak\u017ce nie skierowa\u0107 jej na komisj\u0119? -pyta\u0142 D\u0119bski<\/p>\n<p style=\"text-align: justify;\">Odpowied\u017a skarbnika by\u0142a kr\u00f3tka<\/p>\n<p style=\"text-align: justify;\">&#8211; Tak. Rada jest w\u0142adna wszystkiego. &#8211; odpowiedzia\u0142 Antczak<\/p>\n<p style=\"text-align: justify;\">Nale\u017cy si\u0119 wi\u0119c zastanowi\u0107, czy radni koalicji rz\u0105dz\u0105cej dopuszcz\u0105 do rozpatrzenia skargi przewodnicz\u0105cego Osiedla Ko\u015bciuszki Tomasza Chodubskiego? Czy mo\u017ce poprzez g\u0142osowanie zabroni\u0105 przewodnicz\u0105cemu skierowania jej do komisji rewizyjnej? B\u0119dziemy czeka\u0107 na g\u0142osowanie i poinformujemy o jego rezultatach.<\/p>\n<p style=\"text-align: justify;\"><span style=\"color: #ff0000;\"><strong>KOMENTARZE<\/strong><\/span><\/p>\n<p style=\"text-align: justify;\"><i>Wydawca portalu nie ponosi odpowiedzialno\u015bci za tre\u015b\u0107 komentarzy zamieszczanych przez u\u017cytkownik\u00f3w. Osoby zamieszczaj\u0105ce wypowiedzi naruszaj\u0105ce prawo lub prawem chronione dobra os\u00f3b trzecich mog\u0105 ponie\u015b\u0107 z tego tytu\u0142u odpowiedzialno\u015b\u0107 karn\u0105 lub cywiln\u0105.<\/i><span style=\"color: #ff0000;\"><strong><i>JEDNOCZE\u015aNIE UZYTKOWNICY ZAMIESZCZAJ\u0104C KOMENTARZ OSWIADCZAJ\u0104, \u017bE BIOR\u0104 PE\u0141N\u0104 ODPOWIEDZIALNO\u015a\u0106 ZA TRE\u015aCI UMIESZCZONE PRZEZ SIEBIE<\/i><\/strong><\/span><\/p>\n<div style=\"padding-bottom:20px; padding-top:10px;\" class=\"hupso-share-buttons\"><!-- Hupso Share Buttons - https:\/\/www.hupso.com\/share\/ --><a class=\"hupso_pop\" href=\"https:\/\/www.hupso.com\/share\/\"><img decoding=\"async\" data-src=\"http:\/\/static.hupso.com\/share\/buttons\/button100x23.png\" style=\"border:0px; width:100; height: 23; \" alt=\"Share Button\" src=\"data:image\/svg+xml;base64,PHN2ZyB3aWR0aD0iMSIgaGVpZ2h0PSIxIiB4bWxucz0iaHR0cDovL3d3dy53My5vcmcvMjAwMC9zdmciPjwvc3ZnPg==\" class=\"lazyload\" \/><\/a><script type=\"text\/javascript\">var hupso_services=new Array(\"Twitter\",\"Facebook\",\"Pinterest\",\"Linkedin\",\"Tumblr\",\"StumbleUpon\",\"Digg\",\"Reddit\",\"Bebo\",\"Delicious\",\"QZone\",\"Renren\",\"Email\");var hupso_icon_type = \"labels\";var hupso_background=\"#3BF8FF\";var hupso_border=\"#FF2B0A\";var hupso_image_folder_url = \"\";var hupso_url=\"\";var hupso_title=\"Czy%C5%BCby%20radni%20koalicji%20rz%C4%85dz%C4%85cej%20chcieli%20zablokowa%C4%87%20skarg%C4%99%20Tomasza%20Chodubskiego%20na%20burmistrza%20%3F\";<\/script><script type=\"text\/javascript\" src=\"http:\/\/static.hupso.com\/share\/js\/share.js\"><\/script><!-- Hupso Share Buttons --><\/div>","protected":false},"excerpt":{"rendered":"<p>Tomasz Chodubski z\u0142o\u017cy\u0142 8 stycznia skarg\u0119 do Rady Miasta na burmistrza, \u017ce ten nie poinformowa\u0142 spo\u0142ecze\u0144stwa o planach budowy elektrociep\u0142owni w odpowiednim czasie. Popar\u0142 swe pismo mo\u017cna powiedzie\u0107 mocnymi dowodami.&hellip; <\/p>\n<div style=\"padding-bottom:20px; padding-top:10px;\" class=\"hupso-share-buttons\"><!-- Hupso Share Buttons - https:\/\/www.hupso.com\/share\/ --><a class=\"hupso_pop\" href=\"https:\/\/www.hupso.com\/share\/\"><img data-src=\"http:\/\/static.hupso.com\/share\/buttons\/button100x23.png\" style=\"border:0px; width:100; height: 23; \" alt=\"Share Button\" src=\"data:image\/svg+xml;base64,PHN2ZyB3aWR0aD0iMSIgaGVpZ2h0PSIxIiB4bWxucz0iaHR0cDovL3d3dy53My5vcmcvMjAwMC9zdmciPjwvc3ZnPg==\" class=\"lazyload\" \/><\/a><script type=\"text\/javascript\">var hupso_services=new Array(\"Twitter\",\"Facebook\",\"Pinterest\",\"Linkedin\",\"Tumblr\",\"StumbleUpon\",\"Digg\",\"Reddit\",\"Bebo\",\"Delicious\",\"QZone\",\"Renren\",\"Email\");var hupso_icon_type = \"labels\";var hupso_background=\"#3BF8FF\";var hupso_border=\"#FF2B0A\";var hupso_image_folder_url = \"\";var hupso_url=\"\";var hupso_title=\"Czy%C5%BCby%20radni%20koalicji%20rz%C4%85dz%C4%85cej%20chcieli%20zablokowa%C4%87%20skarg%C4%99%20Tomasza%20Chodubskiego%20na%20burmistrza%20%3F\";<\/script><script type=\"text\/javascript\" src=\"http:\/\/static.hupso.com\/share\/js\/share.js\"><\/script><!-- Hupso Share Buttons --><\/div>","protected":false},"author":1,"featured_media":2035,"comment_status":"open","ping_status":"open","sticky":false,"template":"","format":"standard","meta":{"_acf_changed":false,"wprm-recipe-roundup-name":"","wprm-recipe-roundup-description":"","footnotes":""},"categories":[19],"tags":[23,958,724],"class_list":["post-3476","post","type-post","status-publish","format-standard","has-post-thumbnail","hentry","category-aktualnosci","tag-mlawa","tag-skarga-na-burmistrza","tag-spalarnia"],"acf":[],"amp_enabled":true,"_links":{"self":[{"href":"http:\/\/portalm\u0142awa.pl\/index.php?rest_route=\/wp\/v2\/posts\/3476","targetHints":{"allow":["GET"]}}],"collection":[{"href":"http:\/\/portalm\u0142awa.pl\/index.php?rest_route=\/wp\/v2\/posts"}],"about":[{"href":"http:\/\/portalm\u0142awa.pl\/index.php?rest_route=\/wp\/v2\/types\/post"}],"author":[{"embeddable":true,"href":"http:\/\/portalm\u0142awa.pl\/index.php?rest_route=\/wp\/v2\/users\/1"}],"replies":[{"embeddable":true,"href":"http:\/\/portalm\u0142awa.pl\/index.php?rest_route=%2Fwp%2Fv2%2Fcomments&post=3476"}],"version-history":[{"count":4,"href":"http:\/\/portalm\u0142awa.pl\/index.php?rest_route=\/wp\/v2\/posts\/3476\/revisions"}],"predecessor-version":[{"id":3484,"href":"http:\/\/portalm\u0142awa.pl\/index.php?rest_route=\/wp\/v2\/posts\/3476\/revisions\/3484"}],"wp:featuredmedia":[{"embeddable":true,"href":"http:\/\/portalm\u0142awa.pl\/index.php?rest_route=\/wp\/v2\/media\/2035"}],"wp:attachment":[{"href":"http:\/\/portalm\u0142awa.pl\/index.php?rest_route=%2Fwp%2Fv2%2Fmedia&parent=3476"}],"wp:term":[{"taxonomy":"category","embeddable":true,"href":"http:\/\/portalm\u0142awa.pl\/index.php?rest_route=%2Fwp%2Fv2%2Fcategories&post=3476"},{"taxonomy":"post_tag","embeddable":true,"href":"http:\/\/portalm\u0142awa.pl\/index.php?rest_route=%2Fwp%2Fv2%2Ftags&post=3476"}],"curies":[{"name":"wp","href":"https:\/\/api.w.org\/{rel}","templated":true}]}}