{"id":3480,"date":"2013-12-30T17:58:07","date_gmt":"2013-12-30T16:58:07","guid":{"rendered":"http:\/\/xn--portalmawa-g0b.pl\/?p=3480"},"modified":"2020-06-14T18:21:53","modified_gmt":"2020-06-14T16:21:53","slug":"nie-dopuscili-do-wprowadzenia-uchwaly-blokujacej-sprzedaz-dzialki-4746-pod-spalarnie","status":"publish","type":"post","link":"http:\/\/portalm\u0142awa.pl\/?p=3480","title":{"rendered":"Nie dopu\u015bcili do wprowadzenia uchwa\u0142y blokuj\u0105cej sprzeda\u017c dzia\u0142ki (4746) pod spalarni\u0119."},"content":{"rendered":"<p style=\"text-align: justify;\"><span style=\"font-size: 12pt;\"><strong><img decoding=\"async\" class=\"wp-image-1343 alignleft lazyload\" data-src=\"http:\/\/xn--portalmawa-g0b.pl\/wp-content\/uploads\/2020\/05\/sesja21sierpnia32012-300x225.jpg\" alt=\"\" width=\"207\" height=\"155\" data-srcset=\"http:\/\/portalm\u0142awa.pl\/wp-content\/uploads\/2020\/05\/sesja21sierpnia32012-300x225.jpg 300w, http:\/\/portalm\u0142awa.pl\/wp-content\/uploads\/2020\/05\/sesja21sierpnia32012-768x576.jpg 768w, http:\/\/portalm\u0142awa.pl\/wp-content\/uploads\/2020\/05\/sesja21sierpnia32012.jpg 800w\" data-sizes=\"(max-width: 207px) 100vw, 207px\" src=\"data:image\/svg+xml;base64,PHN2ZyB3aWR0aD0iMSIgaGVpZ2h0PSIxIiB4bWxucz0iaHR0cDovL3d3dy53My5vcmcvMjAwMC9zdmciPjwvc3ZnPg==\" style=\"--smush-placeholder-width: 207px; --smush-placeholder-aspect-ratio: 207\/155;\" \/>W ostatnim naszym artykule dotycz\u0105cym budowy w M\u0142awie spalarni zastanawiali\u015bmy si\u0119, czy radni koalicji rz\u0105dz\u0105cej b\u0119d\u0105 g\u0142osowa\u0107 przeciw sprzeda\u017cy dzia\u0142ek, na kt\u00f3rych ma by\u0107 realizowana ta inwestycja. Jak si\u0119 okazuje nie trzeba by\u0142o czeka\u0107 nawet miesi\u0105ca od publikacji, aby pad\u0142a odpowied\u017a. Na ostatniej sesji bowiem przewodnicz\u0105cy Rady Miasta, cz\u0142onek koalicji rz\u0105dz\u0105cej, najprawdopodobniej, aby zapobiec g\u0142osowaniu nie dopu\u015bci\u0142 do wprowadzenia pod obrad uchwa\u0142y zapobiegaj\u0105cej sprzeda\u017cy jednej z nich tj. dzia\u0142ki nr 4746.<\/strong><\/span><\/p>\n<p style=\"text-align: justify;\"><span style=\"font-size: 12pt;\">Od razu w tym miejscu nasuwa si\u0119 pytanie, czy w M\u0142awie demokracja jest tylko dla tych, kt\u00f3rzy maj\u0105 w\u0142adz\u0119? Dlaczego takie pytanie?<\/span><\/p>\n<p style=\"text-align: justify;\"><span style=\"font-size: 12pt;\">W porz\u0105dku sesji Rady Miasta jest punkt pod nazw\u0105 przyj\u0119cie porz\u0105dku obrad, w kt\u00f3rym przewodnicz\u0105cy Rady Miasta pyta, czy kto\u015b z radnych ma uwagi co do niego. W\u00f3wczas, albo Rada przyjmuje go w zaproponowanej formie, b\u0105d\u017a burmistrz, albo radny zg\u0142asza dodatkowe punkty (uchwa\u0142y) do porz\u0105dku i odbywa si\u0119 g\u0142osowanie nad wprowadzonymi zmianami w planie obrad.<\/span><\/p>\n<p style=\"text-align: justify;\"><span style=\"font-size: 12pt;\">Na dow\u00f3d przyk\u0142ad z sesji z 27 listopada.<\/span><\/p>\n<div class=\"avPlayerWrapper avVideo\" style=\"text-align: justify;\">\n<div class=\"avPlayerContainer\">\n<div id=\"AVPlayerID_2de560ce_891250991\" class=\"avPlayerBlock\"><iframe title=\"JoomlaWorks AllVideos Player\" data-src=\"http:\/\/www.youtube.com\/embed\/k8UyYuXwUxY?rel=0&amp;fs=1&amp;wmode=transparent\" width=\"400\" height=\"300\" frameborder=\"0\" allowfullscreen=\"allowfullscreen\" data-mce-fragment=\"1\" src=\"data:image\/svg+xml;base64,PHN2ZyB3aWR0aD0iMSIgaGVpZ2h0PSIxIiB4bWxucz0iaHR0cDovL3d3dy53My5vcmcvMjAwMC9zdmciPjwvc3ZnPg==\" class=\"lazyload\" data-load-mode=\"1\"><\/iframe><\/div>\n<\/div>\n<\/div>\n<p style=\"text-align: justify;\"><span style=\"font-size: 12pt;\">Na ostatniej sesji za\u015b przewodnicz\u0105cy Rady Miasta nawet nie zapyta\u0142, czy kto\u015b chce wnie\u015b\u0107 jakie\u015b zmiany. Odm\u00f3wi\u0142 te\u017c wprowadzenia przez radnego Micha\u0142a Nowakowskiego uchwa\u0142y, kt\u00f3ra mia\u0142a zapobiec sprzeda\u017cy dzia\u0142ki pod spalarni\u0119. A w jakim stylu przewodnicz\u0105cy Krzysztof Wasi\u0142owski to zrobi\u0142 mo\u017cna zobaczy\u0107 poni\u017cej.<\/span><\/p>\n<div class=\"avPlayerWrapper avVideo\" style=\"text-align: justify;\">\n<div class=\"avPlayerContainer\">\n<div id=\"AVPlayerID_54585819_1899335925\" class=\"avPlayerBlock\"><iframe title=\"JoomlaWorks AllVideos Player\" data-src=\"http:\/\/www.youtube.com\/embed\/d8YjuPDsc1Y?rel=0&amp;fs=1&amp;wmode=transparent\" width=\"400\" height=\"300\" frameborder=\"0\" allowfullscreen=\"allowfullscreen\" data-mce-fragment=\"1\" src=\"data:image\/svg+xml;base64,PHN2ZyB3aWR0aD0iMSIgaGVpZ2h0PSIxIiB4bWxucz0iaHR0cDovL3d3dy53My5vcmcvMjAwMC9zdmciPjwvc3ZnPg==\" class=\"lazyload\" data-load-mode=\"1\"><\/iframe><\/div>\n<\/div>\n<\/div>\n<p style=\"text-align: justify;\"><span style=\"font-size: 12pt;\">Pod koniec radny Wojciech Krajewski przedstawi\u0142 Radzie proponowan\u0105 przez nieobecnego ju\u017c Micha\u0142a Nowakowskiego uchwa\u0142\u0119. Burmistrz za\u015b w odpowiedzi oskar\u017ca\u0142 o podsycanie niepokoj\u00f3w w sprawie spalarni m.in. przez przewodnicz\u0105cego Osiedla Ko\u015bciuszki Tomasza Chodubskiego i nawo\u0142ywa\u0142 do spokoju oraz aby mu zaufa\u0107. Czy jednak mo\u017cna w og\u00f3le ufa\u0107 szefowi miasta, je\u015bli chocia\u017cby nie dopuszczono do zablokowania sprzeda\u017cy dzia\u0142ki, na kt\u00f3rej ma powsta\u0107 spalarnia? Najprawdopodobniej te\u017c w\u0142odarz miasta pr\u00f3bowa\u0142 zamkn\u0105\u0107 usta mediom twierdz\u0105c, \u017ce podchwyc\u0105 temat i rozpowszechni\u0105 informacj\u0119 o odrzuceniu proponowanej przez radnego Micha\u0142a Nowakowskiego uchwa\u0142y. Pytanie tylko, jak mo\u017cna, o czym\u015b takim nie napisa\u0107, jak to wi\u0105\u017ce si\u0119 nie tylko ze spalarni\u0105, tematem wa\u017cnym dla mieszka\u0144c\u00f3w, ale te\u017c z nie mniej istotn\u0105 kwesti\u0105, czyli z tym, co dzieje si\u0119 demokracj\u0105 w M\u0142awie?.<\/span><\/p>\n<p style=\"text-align: justify;\"><span style=\"font-size: 12pt;\">Poni\u017cej znajduje si\u0119 film z tej cz\u0119\u015bci sesji, w kt\u00f3rej zaprezentowano uchwa\u0142\u0119 proponowan\u0105 przez radnego Micha\u0142a Nowakowskiego, a kt\u00f3r\u0105 odrzuci\u0142 przewodnicz\u0105cy Rady Miasta Krzysztof Wasi\u0142owski.<\/span><\/p>\n<div class=\"avPlayerWrapper avVideo\" style=\"text-align: justify;\">\n<div class=\"avPlayerContainer\">\n<div id=\"AVPlayerID_e0da08ca_882643773\" class=\"avPlayerBlock\"><iframe title=\"JoomlaWorks AllVideos Player\" data-src=\"http:\/\/www.youtube.com\/embed\/JBwTHOvskRc?rel=0&amp;fs=1&amp;wmode=transparent\" width=\"400\" height=\"300\" frameborder=\"0\" allowfullscreen=\"allowfullscreen\" data-mce-fragment=\"1\" src=\"data:image\/svg+xml;base64,PHN2ZyB3aWR0aD0iMSIgaGVpZ2h0PSIxIiB4bWxucz0iaHR0cDovL3d3dy53My5vcmcvMjAwMC9zdmciPjwvc3ZnPg==\" class=\"lazyload\" data-load-mode=\"1\"><\/iframe><\/div>\n<\/div>\n<\/div>\n<h2 style=\"text-align: justify;\"><span style=\"font-size: 12pt;\">Bez wzgl\u0119du na to, czy uchwa\u0142a by\u0142a dyskutowana na komisjach Rady Miasta, czy nie radny mia\u0142 prawo do wprowadzenia je pod obrady. Na ostatniej sesji radnemu odm\u00f3wiono tego prawa.<\/span><\/h2>\n<p style=\"text-align: justify;\"><span style=\"font-size: 12pt;\">Nasuwaj\u0105 si\u0119 te\u017c pytania Czy\u017cby nasze podejrzenia zawarte w tek\u015bcie&#8221;<a href=\"http:\/\/portalm\u0142awa.pl\/?p=3487\">Radni byli przeciwni budowie spalarni, czy b\u0119d\u0105 sprzeciwia\u0107 si\u0119 sprzeda\u017cy dzia\u0142ek<\/a>?&#8221; zacz\u0119\u0142y si\u0119 sprawdza\u0107?,Czy\u017cby w M\u0142awie demokracja by\u0142a tylko dla tych, kt\u00f3rzy maj\u0105 w\u0142adz\u0119?<\/span><\/p>\n<p style=\"text-align: justify;\"><span style=\"font-size: 12pt; color: #ff0000;\"><strong>KOMENTARZE<\/strong><\/span><\/p>\n<p style=\"text-align: justify;\"><span style=\"font-size: 12pt;\"><i>Wydawca portalu nie ponosi odpowiedzialno\u015bci za tre\u015b\u0107 komentarzy zamieszczanych przez u\u017cytkownik\u00f3w. Osoby zamieszczaj\u0105ce wypowiedzi naruszaj\u0105ce prawo lub prawem chronione dobra os\u00f3b trzecich mog\u0105 ponie\u015b\u0107 z tego tytu\u0142u odpowiedzialno\u015b\u0107 karn\u0105 lub cywiln\u0105.<\/i><span style=\"color: #ff0000;\"><strong><i>JEDNOCZE\u015aNIE UZYTKOWNICY ZAMIESZCZAJ\u0104C KOMENTARZ OSWIADCZAJ\u0104, \u017bE BIOR\u0104 PE\u0141N\u0104 ODPOWIEDZIALNO\u015a\u0106 ZA TRE\u015aCI UMIESZCZONE PRZEZ SIEBIE<\/i><\/strong><\/span><\/span><\/p>\n<div style=\"padding-bottom:20px; padding-top:10px;\" class=\"hupso-share-buttons\"><!-- Hupso Share Buttons - https:\/\/www.hupso.com\/share\/ --><a class=\"hupso_pop\" href=\"https:\/\/www.hupso.com\/share\/\"><img decoding=\"async\" data-src=\"http:\/\/static.hupso.com\/share\/buttons\/button100x23.png\" style=\"border:0px; width:100; height: 23; \" alt=\"Share Button\" src=\"data:image\/svg+xml;base64,PHN2ZyB3aWR0aD0iMSIgaGVpZ2h0PSIxIiB4bWxucz0iaHR0cDovL3d3dy53My5vcmcvMjAwMC9zdmciPjwvc3ZnPg==\" class=\"lazyload\" \/><\/a><script type=\"text\/javascript\">var hupso_services=new Array(\"Twitter\",\"Facebook\",\"Pinterest\",\"Linkedin\",\"Tumblr\",\"StumbleUpon\",\"Digg\",\"Reddit\",\"Bebo\",\"Delicious\",\"QZone\",\"Renren\",\"Email\");var hupso_icon_type = \"labels\";var hupso_background=\"#3BF8FF\";var hupso_border=\"#FF2B0A\";var hupso_image_folder_url = \"\";var hupso_url=\"\";var hupso_title=\"Nie%20dopu%C5%9Bcili%20do%20wprowadzenia%20uchwa%C5%82y%20blokuj%C4%85cej%20sprzeda%C5%BC%20dzia%C5%82ki%20%284746%29%20pod%20spalarni%C4%99.\";<\/script><script type=\"text\/javascript\" src=\"http:\/\/static.hupso.com\/share\/js\/share.js\"><\/script><!-- Hupso Share Buttons --><\/div>","protected":false},"excerpt":{"rendered":"<p>W ostatnim naszym artykule dotycz\u0105cym budowy w M\u0142awie spalarni zastanawiali\u015bmy si\u0119, czy radni koalicji rz\u0105dz\u0105cej b\u0119d\u0105 g\u0142osowa\u0107 przeciw sprzeda\u017cy dzia\u0142ek, na kt\u00f3rych ma by\u0107 realizowana ta inwestycja. Jak si\u0119 okazuje&hellip; <\/p>\n<div style=\"padding-bottom:20px; padding-top:10px;\" class=\"hupso-share-buttons\"><!-- Hupso Share Buttons - https:\/\/www.hupso.com\/share\/ --><a class=\"hupso_pop\" href=\"https:\/\/www.hupso.com\/share\/\"><img data-src=\"http:\/\/static.hupso.com\/share\/buttons\/button100x23.png\" style=\"border:0px; width:100; height: 23; \" alt=\"Share Button\" src=\"data:image\/svg+xml;base64,PHN2ZyB3aWR0aD0iMSIgaGVpZ2h0PSIxIiB4bWxucz0iaHR0cDovL3d3dy53My5vcmcvMjAwMC9zdmciPjwvc3ZnPg==\" class=\"lazyload\" \/><\/a><script type=\"text\/javascript\">var hupso_services=new Array(\"Twitter\",\"Facebook\",\"Pinterest\",\"Linkedin\",\"Tumblr\",\"StumbleUpon\",\"Digg\",\"Reddit\",\"Bebo\",\"Delicious\",\"QZone\",\"Renren\",\"Email\");var hupso_icon_type = \"labels\";var hupso_background=\"#3BF8FF\";var hupso_border=\"#FF2B0A\";var hupso_image_folder_url = \"\";var hupso_url=\"\";var hupso_title=\"Nie%20dopu%C5%9Bcili%20do%20wprowadzenia%20uchwa%C5%82y%20blokuj%C4%85cej%20sprzeda%C5%BC%20dzia%C5%82ki%20%284746%29%20pod%20spalarni%C4%99.\";<\/script><script type=\"text\/javascript\" src=\"http:\/\/static.hupso.com\/share\/js\/share.js\"><\/script><!-- Hupso Share Buttons --><\/div>","protected":false},"author":1,"featured_media":1343,"comment_status":"open","ping_status":"open","sticky":false,"template":"","format":"standard","meta":{"_acf_changed":false,"wprm-recipe-roundup-name":"","wprm-recipe-roundup-description":"","footnotes":""},"categories":[19],"tags":[959,23,724],"class_list":["post-3480","post","type-post","status-publish","format-standard","has-post-thumbnail","hentry","category-aktualnosci","tag-dzialki","tag-mlawa","tag-spalarnia"],"acf":[],"amp_enabled":true,"_links":{"self":[{"href":"http:\/\/portalm\u0142awa.pl\/index.php?rest_route=\/wp\/v2\/posts\/3480","targetHints":{"allow":["GET"]}}],"collection":[{"href":"http:\/\/portalm\u0142awa.pl\/index.php?rest_route=\/wp\/v2\/posts"}],"about":[{"href":"http:\/\/portalm\u0142awa.pl\/index.php?rest_route=\/wp\/v2\/types\/post"}],"author":[{"embeddable":true,"href":"http:\/\/portalm\u0142awa.pl\/index.php?rest_route=\/wp\/v2\/users\/1"}],"replies":[{"embeddable":true,"href":"http:\/\/portalm\u0142awa.pl\/index.php?rest_route=%2Fwp%2Fv2%2Fcomments&post=3480"}],"version-history":[{"count":4,"href":"http:\/\/portalm\u0142awa.pl\/index.php?rest_route=\/wp\/v2\/posts\/3480\/revisions"}],"predecessor-version":[{"id":3492,"href":"http:\/\/portalm\u0142awa.pl\/index.php?rest_route=\/wp\/v2\/posts\/3480\/revisions\/3492"}],"wp:featuredmedia":[{"embeddable":true,"href":"http:\/\/portalm\u0142awa.pl\/index.php?rest_route=\/wp\/v2\/media\/1343"}],"wp:attachment":[{"href":"http:\/\/portalm\u0142awa.pl\/index.php?rest_route=%2Fwp%2Fv2%2Fmedia&parent=3480"}],"wp:term":[{"taxonomy":"category","embeddable":true,"href":"http:\/\/portalm\u0142awa.pl\/index.php?rest_route=%2Fwp%2Fv2%2Fcategories&post=3480"},{"taxonomy":"post_tag","embeddable":true,"href":"http:\/\/portalm\u0142awa.pl\/index.php?rest_route=%2Fwp%2Fv2%2Ftags&post=3480"}],"curies":[{"name":"wp","href":"https:\/\/api.w.org\/{rel}","templated":true}]}}